{"id":157837,"date":"2019-05-16T12:36:05","date_gmt":"2019-05-16T09:36:05","guid":{"rendered":"http:\/\/www.tvturk.com\/index.php\/cay-demleme-yarismasinda-dereceye-girenler-odullerini-aldi\/"},"modified":"2019-05-16T12:36:05","modified_gmt":"2019-05-16T09:36:05","slug":"cay-demleme-yarismasinda-dereceye-girenler-odullerini-aldi","status":"publish","type":"post","link":"http:\/\/www.tvturk.com\/index.php\/cay-demleme-yarismasinda-dereceye-girenler-odullerini-aldi\/","title":{"rendered":"\u00c7ay demleme yar\u0131\u015fmas\u0131nda dereceye girenler \u00f6d\u00fcllerini ald\u0131"},"content":{"rendered":"<p>Rize\u2019de bu y\u0131l 5.\u2019si d\u00fczenlenen Uluslararas\u0131 \u00c7ay Demleme ve Sunum \u015eampiyonas\u0131\u2019nda dereceye girenler \u00f6d\u00fcllerini ald\u0131. 3 kategoride ger\u00e7ekle\u015fen yar\u0131\u015fmada toplamda 240 kilo kuru \u00e7ay dereceye giren 9 ki\u015fi aras\u0131nda da\u011f\u0131t\u0131ld\u0131.<\/p>\n<p>Rize Ticaret Borsas\u0131 taraf\u0131ndan d\u00fczenlenen 5\u2019inci Uluslararas\u0131 \u00c7ay Demleme ve Sunum \u015eampiyonas\u0131\u2019nda 100 ki\u015fi aras\u0131ndan finale kalan 10 ki\u015fi k\u0131yas\u0131ya yar\u0131\u015ft\u0131. Yar\u0131\u015fmac\u0131lar kendi isteklerine g\u00f6re haz\u0131rlad\u0131klar\u0131 \u00e7aylar\u0131, j\u00fcri \u00fcyelerine ikram etti. Yar\u0131\u015fmada kategorilerinde j\u00fcrinin be\u011fenesini toplayan Yusuf Pirim, Serpil Hut Kondak\u00e7\u0131 ve Naz G\u00fcl Ball\u0131\u2019ya 50\u2019\u015fer kilo kuru \u00e7ay verildi. Yar\u0131\u015fmada ikinci olanlara ise 20\u2019\u015fer kilo \u00e7ay verilirken \u00fc\u00e7\u00fcnc\u00fclere 10\u2019ar kilo kuru \u00e7ay \u00f6d\u00fcl olarak verildi.<\/p>\n<p>Rize Ticaret Borsas\u0131 Ba\u015fkan\u0131 Mehmet Erdo\u011fan, \u00e7aya hizmet ettikleri i\u00e7in yar\u0131\u015fmac\u0131lara te\u015fekk\u00fcr ederek\u201c100 yar\u0131\u015fmac\u0131 aras\u0131nda 9 arkada\u015f\u0131m\u0131z dereceye girdi. Hepsini tek tek tebrik ediyorum. B\u00f6lgemizin de\u011feri olan \u00e7aya bu denli hizmet ettikleri i\u00e7in ayr\u0131ca te\u015fekk\u00fcr ediyorum. Bu arkada\u015flar\u0131m\u0131z \u00e7ay\u0131n daha iyi demlenmesi sunulmas\u0131 i\u00e7in bizleri gelecek y\u0131llarda daha iyi yerlere getirecekler. Yapt\u0131klar\u0131 \u00e7al\u0131\u015fmalar\u0131 di\u011fer alanlara da ta\u015f\u0131malar\u0131n\u0131 isteyece\u011fiz. Demleme birincisi arkada\u015f\u0131m\u0131z ile yurt d\u0131\u015f\u0131 fuarlar\u0131nda \u00e7ay\u0131n tan\u0131t\u0131m\u0131n\u0131 yapaca\u011f\u0131z. T\u00fcrk \u00e7ay k\u00fclt\u00fcr\u00fcm\u00fcz\u00fc d\u00fcnyaya tan\u0131tman\u0131n pe\u015finde olaca\u011f\u0131z\u201d dedi.<\/p>\n<p>\u00c7ay Demleme \u015eampiyonu Yusuf Prim ise yapt\u0131\u011f\u0131 a\u00e7\u0131klamada \u201cYar\u0131\u015fmada b\u00f6lgemizde bulunan ekipmanlar\u0131 kullanmaya \u00f6zen g\u00f6sterdim. Bak\u0131r demlik klasik \u00e7ay taba\u011f\u0131 se\u00e7tim. Bizde ve \u00e7o\u011fu \u00fclkede \u00e7ay sadece i\u00e7ecek de\u011fildir. \u00c7ay bizim muhabbetimiz, bir k\u00fclt\u00fcr\u00fcm\u00fczd\u00fcr. Di\u011fer \u00e7ay \u00fcreten \u00fclkeler gibi bizimde bir seremoniye ihtiyac\u0131m\u0131z var. Bu y\u00fczden bende sunumumda g\u00f6n\u00fclden g\u00f6n\u00fcle hicaz \u00e7ay seremonisini i\u015fledim. \u0130nsanlar g\u00f6n\u00fclden g\u00f6n\u00fcle muhabbetle \u00e7aylar\u0131n\u0131 yudumluyorlar, bende bunu yans\u0131tt\u0131m ve birinci oldum, mutluyum. Hediye olan \u00e7ay\u0131 ailemle payla\u015faca\u011f\u0131m. Ayr\u0131ca \u00e7ay d\u00fcnyas\u0131nda beni destekleyen herkesle \u00e7ay\u0131m\u0131 payla\u015faca\u011f\u0131m\u201d ifadelerini kulland\u0131.<\/p>\n","protected":false},"excerpt":{"rendered":"<p>R\u0130ZE\u2019DE BU YIL 5\u2019\u0130NC\u0130S\u0130 D\u00dcZENLENEN ULUSLARARASI \u00c7AY DEMLEME VE SUNUM \u015eAMP\u0130YONASINDA DERECEYE G\u0130RENLER \u00d6D\u00dcLLER\u0130N\u0130 ALDI<\/p>\n","protected":false},"author":1,"featured_media":157838,"comment_status":"closed","ping_status":"open","sticky":false,"template":"","format":"standard","meta":{"jetpack_post_was_ever_published":false,"_jetpack_newsletter_access":"","_jetpack_dont_email_post_to_subs":false,"_jetpack_newsletter_tier_id":0,"_jetpack_memberships_contains_paywalled_content":false,"_jetpack_memberships_contains_paid_content":false,"footnotes":"","jetpack_publicize_message":"","jetpack_publicize_feature_enabled":true,"jetpack_social_post_already_shared":true,"jetpack_social_options":{"image_generator_settings":{"template":"highway","default_image_id":0,"font":"","enabled":false},"version":2}},"categories":[19],"tags":[1075,862,36694,8409,8410,12869,450],"class_list":["post-157837","post","type-post","status-publish","format-standard","has-post-thumbnail","hentry","category-ekonomi","tag-aldi","tag-cay","tag-demleme","tag-dereceye","tag-girenler","tag-odullerini","tag-yarismasinda"],"jetpack_publicize_connections":[],"jetpack_featured_media_url":"https:\/\/i0.wp.com\/www.tvturk.com\/wp-content\/uploads\/2019\/05\/cay-demleme-yarismasinda-dereceye-girenler-odullerini-aldi_0b002bc.jpg?fit=1000%2C664","jetpack_sharing_enabled":true,"jetpack_shortlink":"https:\/\/wp.me\/paKIfm-F3L","_links":{"self":[{"href":"http:\/\/www.tvturk.com\/index.php\/wp-json\/wp\/v2\/posts\/157837","targetHints":{"allow":["GET"]}}],"collection":[{"href":"http:\/\/www.tvturk.com\/index.php\/wp-json\/wp\/v2\/posts"}],"about":[{"href":"http:\/\/www.tvturk.com\/index.php\/wp-json\/wp\/v2\/types\/post"}],"author":[{"embeddable":true,"href":"http:\/\/www.tvturk.com\/index.php\/wp-json\/wp\/v2\/users\/1"}],"replies":[{"embeddable":true,"href":"http:\/\/www.tvturk.com\/index.php\/wp-json\/wp\/v2\/comments?post=157837"}],"version-history":[{"count":0,"href":"http:\/\/www.tvturk.com\/index.php\/wp-json\/wp\/v2\/posts\/157837\/revisions"}],"wp:featuredmedia":[{"embeddable":true,"href":"http:\/\/www.tvturk.com\/index.php\/wp-json\/wp\/v2\/media\/157838"}],"wp:attachment":[{"href":"http:\/\/www.tvturk.com\/index.php\/wp-json\/wp\/v2\/media?parent=157837"}],"wp:term":[{"taxonomy":"category","embeddable":true,"href":"http:\/\/www.tvturk.com\/index.php\/wp-json\/wp\/v2\/categories?post=157837"},{"taxonomy":"post_tag","embeddable":true,"href":"http:\/\/www.tvturk.com\/index.php\/wp-json\/wp\/v2\/tags?post=157837"}],"curies":[{"name":"wp","href":"https:\/\/api.w.org\/{rel}","templated":true}]}}