{"id":157911,"date":"2019-05-16T14:09:17","date_gmt":"2019-05-16T11:09:17","guid":{"rendered":"http:\/\/www.tvturk.com\/index.php\/hizir-zirhli-araclari-milli-savunma-bakanligina-teslim-edildi\/"},"modified":"2019-05-16T14:09:17","modified_gmt":"2019-05-16T11:09:17","slug":"hizir-zirhli-araclari-milli-savunma-bakanligina-teslim-edildi","status":"publish","type":"post","link":"http:\/\/www.tvturk.com\/index.php\/hizir-zirhli-araclari-milli-savunma-bakanligina-teslim-edildi\/","title":{"rendered":"H\u0131z\u0131r z\u0131rhl\u0131 ara\u00e7lar\u0131 Milli Savunma Bakanl\u0131\u011f\u0131na teslim edildi"},"content":{"rendered":"<p>&#8220;T\u00fcrkiye ve Avrupa Birli\u011fi (AB) S\u0131n\u0131rlar\u0131n\u0131n S\u0131n\u0131r G\u00f6zetleme Kapasitesinin Art\u0131r\u0131lmas\u0131 i\u00e7in Mobil G\u00f6zetleme Ara\u00e7lar\u0131 Tedarik Projesi&#8221; kapsam\u0131nda yap\u0131m\u0131 tamamlanan &#8220;H\u0131z\u0131r&#8221; z\u0131rhl\u0131 ara\u00e7lar\u0131, d\u00fczenlenen t\u00f6renle Milli Savunma Bakanl\u0131\u011f\u0131na teslim edildi. Savunma Sanayii Ba\u015fkan\u0131 \u0130smail Demir, &#8220;Ate\u015f ba\u015fka yerdeyse bize bula\u015fmaz demenin m\u00fcmk\u00fcn olmad\u0131\u011f\u0131n\u0131 \u00e7e\u015fitli \u00f6rnekleriyle g\u00f6rd\u00fck&#8221; dedi.<\/p>\n<p>2017 y\u0131l\u0131nda Hazine ve Maliye Bakanl\u0131\u011f\u0131na ba\u011fl\u0131 Merkezi Finans ve \u0130hale Birimi taraf\u0131ndan ihaleye \u00e7\u0131kar\u0131lan ve y\u00fczde 75\u2019i Avrupa Birli\u011fi, y\u00fczde 25\u2019i ise T\u00fcrkiye taraf\u0131ndan kar\u015f\u0131lanan &#8220;T\u00fcrkiye ve Avrupa Birli\u011fi (AB) S\u0131n\u0131rlar\u0131n\u0131n S\u0131n\u0131r G\u00f6zetleme Kapasitesinin Art\u0131r\u0131lmas\u0131 i\u00e7in Mobil G\u00f6zetleme Ara\u00e7lar\u0131 Tedarik Projesi&#8221; tamamland\u0131. Yeterlili\u011fi sa\u011flayan t\u00fcm firmalar\u0131n kat\u0131l\u0131m\u0131na a\u00e7\u0131k olarak ger\u00e7ekle\u015ftirilen ihaleyi en iyi fiyat ve teknik \u00e7\u00f6z\u00fcm\u00fc sunan ASELSAN ald\u0131. Ana faydalan\u0131c\u0131n\u0131n \u0130\u00e7i\u015fleri Bakanl\u0131\u011f\u0131 \u0130ller \u0130daresi Genel M\u00fcd\u00fcrl\u00fc\u011f\u00fc ve kullan\u0131c\u0131n\u0131n da Kara Kuvvetleri Komutanl\u0131\u011f\u0131 oldu\u011fu projede 57 adet g\u00fcvenlik sistemi i\u00e7in toplam bedeli 30 milyon euro olan iki ayr\u0131 s\u00f6zle\u015fme imzaland\u0131. ASELSAN\u2019da d\u00fczenlenen imza t\u00f6renine Cumhurba\u015fkanl\u0131\u011f\u0131 Savunma Sanayii Ba\u015fkan\u0131 \u0130smail Demir, \u0130\u00e7i\u015fleri Bakan Yard\u0131mc\u0131s\u0131 Muhterem \u0130nce, Milli Savunma Bakan Yard\u0131mc\u0131s\u0131 Yunus Emre Karaosmano\u011flu, D\u0131\u015fi\u015fleri Bakan Yard\u0131mc\u0131s\u0131 Faruk Kaymakc\u0131, AB T\u00fcrkiye Delegasyon Ba\u015fkan Yard\u0131mc\u0131s\u0131 Gabriel Munuera Vinals ve ASELSAN Y\u00f6netim Kurulu Ba\u015fkan\u0131 Haluk G\u00f6rg\u00fcn kat\u0131ld\u0131.<\/p>\n<p>T\u00f6rende konu\u015fan Savunma Sanayii Ba\u015fkan\u0131 Demir, s\u0131n\u0131r g\u00fcvenli\u011finin teknoloji a\u00e7\u0131s\u0131ndan b\u00fct\u00fcnle\u015fik bir yakla\u015f\u0131m gerektirdi\u011fini belirterek, &#8220;Belirtmek gerekir ki Avrupa Birli\u011fi\u2019nin s\u0131n\u0131rlar\u0131, T\u00fcrkiye\u2019nin Bulgaristan ve Yunanistan s\u0131n\u0131rlar\u0131yla de\u011fil, di\u011fer s\u0131n\u0131rlar\u0131yla da ba\u015flar&#8221; diye konu\u015ftu.<\/p>\n<p>G\u00fcvenlik unsurlar\u0131n\u0131n \u00e7e\u015fitli \u00fcr\u00fcnleri i\u00e7erdi\u011finden bahseden Demir, &#8220;\u00c7e\u015fitli kameralar, optik termal kameralar, kara radarlar\u0131 \u00e7e\u015fitli fiber optik akustik alg\u0131lay\u0131c\u0131lar, geni\u015f alan g\u00f6zetleme sistemleri, uzaktan kontroll\u00fc silahlar, \u0130HA\u2019lar gibi konular hep beraber b\u00fct\u00fcnle\u015fik entegre g\u00f6zetim sistemini olu\u015fturuyor. Bunlar\u0131n \u00e7ok say\u0131da olmas\u0131yla beraber olduk\u00e7a pahal\u0131 bir sistem kar\u015f\u0131m\u0131za \u00e7\u0131k\u0131yor. \u015eirketlerimizden \u015f\u00f6yle bir ricam\u0131z var. Tabii ki savunma sanayiinde yerli ve milli \u00fcr\u00fcnlere a\u011f\u0131rl\u0131k verilirken, bunlar\u0131n say\u0131s\u0131n\u0131n artmas\u0131yla onlardan da gayret g\u00f6stermelerini ve bu t\u00fcr teknolojik uygulamalarda daha anlaml\u0131 daha kar\u015f\u0131lanabilir fiyatlar \u00f6nerdiklerinde bu t\u00fcr tedbirler al\u0131nmas\u0131nda \u00e7ok daha kolay olacakt\u0131r&#8221; \u015feklinde konu\u015ftu.<\/p>\n<p>Sekt\u00f6rde \u00e7ok say\u0131da \u015firket oldu\u011funu belirten Demir, bu \u015firketlerin teknoloji ve fiyat alan\u0131nda geli\u015fmelerini sa\u011flamalar\u0131n\u0131n beklentisinde olduklar\u0131n\u0131 ifade ederek, &#8220;Sadece savunma sanayii de\u011fil, sanayi ekosistemimizin b\u00fct\u00fcnle\u015fik bir a\u00e7\u0131dan bu meseleye yakla\u015faraktan teknolojik a\u00e7\u0131dan en optimum \u00e7\u00f6z\u00fcmleri sunmak ve g\u00fcvenlik g\u00fc\u00e7lerinin, T\u00fcrk Silahl\u0131 Kuvvetlerimizin ve di\u011fer birimlerimizin ihtiya\u00e7lar\u0131n\u0131n kar\u015f\u0131lanmas\u0131 durumunda etkin olmalar\u0131n\u0131 bekliyoruz&#8221; ifadelerini kulland\u0131.<\/p>\n<p>M\u00fchim olan\u0131n g\u00fcvenli bir d\u00fcnya oldu\u011funu belirten Demir, &#8220;G\u00fcvenli ve istikrarl\u0131 bir d\u00fcnya olmadan d\u00fcnyan\u0131n hi\u00e7bir yerinde g\u00fcvenlik garantisi olmayaca\u011f\u0131n\u0131, ate\u015f ba\u015fka yerdeyse bize bula\u015fmaz demenin m\u00fcmk\u00fcn olmad\u0131\u011f\u0131n\u0131 \u00e7e\u015fitli \u00f6rnekleriyle g\u00f6rd\u00fck. D\u00fcnya hep beraber, el birli\u011fiyle bu t\u00fcr sorunlara e\u011filmek durumunda bu projede bunun bir \u00f6rne\u011fidir&#8221; diye konu\u015ftu.<\/p>\n<p>Konu\u015fman\u0131n ard\u0131ndan \u0130\u00e7i\u015fleri Bakan\u0131 Muhterem \u0130nce ve Milli Savunma Bakan Yard\u0131mc\u0131s\u0131 Yunus Emre Karaosmano\u011flu devir-teslimi i\u00e7eren belgeleri imzalad\u0131. ASELSAN Y\u00f6netim Kurulu Ba\u015fkan\u0131, H\u0131z\u0131r z\u0131rhl\u0131 ara\u00e7lar\u0131n fig\u00fcrlerini bakan yard\u0131mc\u0131lar\u0131na hediye etti. T\u00f6ren, toplu foto\u011fraf \u00e7ekimi ile sona erdi.<\/p>\n<p>H\u0131z\u0131r askeri birliklerin mobil g\u00f6zetleme ihtiyac\u0131n\u0131 kar\u015f\u0131layacak<\/p>\n<p>Ara\u00e7 \u00fczeri elektronik sens\u00f6rleri ve bu sens\u00f6rlerin bir arada \u00e7al\u0131\u015fmas\u0131n\u0131 sa\u011flayan g\u00fcvenlik yaz\u0131l\u0131m\u0131 ASELSAN taraf\u0131ndan \u00fcretildi. \u00c7al\u0131\u015fmalar\u0131n ve \u00fcretimin yap\u0131ld\u0131\u011f\u0131 Katmerciler taraf\u0131ndan \u00fcretilen H\u0131z\u0131r 4&#215;4 z\u0131rhl\u0131 ara\u00e7larda ACAR kara g\u00f6zetleme radar\u0131, \u015eAH\u0130NG\u00d6Z\u00dc-OD elektro-optik sens\u00f6r sistemi, 9661 V\/UHF kara telsiz sistemi ve SEDA at\u0131\u015f yeri tespit sistemi de bulunuyor. Ayr\u0131ca ara\u00e7larda bulunan SECANS G\u00fcvenlik Y\u00f6netim Yaz\u0131l\u0131m\u0131 ile t\u00fcm sens\u00f6rlerin kontrol\u00fc ve bir arada \u00e7al\u0131\u015fabilmesi sa\u011flanabiliyor. Ara\u00e7, \u00fczerinde bulunan sens\u00f6rler sayesinde gece-g\u00fcnd\u00fcz k\u00f6t\u00fc ko\u015fullarda \u00e7al\u0131\u015fan askeri birliklerin k\u0131sa, orta ve uzun menzilde mobil g\u00f6zetleme ihtiyac\u0131n\u0131 kar\u015f\u0131layacak. Radar ile tespit edilen hedef harita \u00fczerinde koordinatlar\u0131yla belirlenerek termal kamera ile g\u00f6zetlenerek takip alt\u0131na al\u0131nabilecek. Proje kapsam\u0131nda 20 adet z\u0131rhl\u0131 ara\u00e7 \u00fcretimi ve sistem testleri \u0130\u00e7i\u015fleri Bakanl\u0131\u011f\u0131 ve Kara Kuvvetleri Komutanl\u0131\u011f\u0131 yetkilileri ile beraber ger\u00e7ekle\u015ftirilerek, bat\u0131 s\u0131n\u0131r\u0131nda bulunan askeri birliklere teslim edilmek \u00fczere haz\u0131rland\u0131. Ayr\u0131ca Trakya s\u0131n\u0131r b\u00f6lgesinde kullan\u0131lacak sistemler sayesinde yasa d\u0131\u015f\u0131 g\u00f6\u00e7men ve ka\u00e7ak\u00e7\u0131lar\u0131n tespit edilmesiyle T\u00fcrkiye-AB s\u0131n\u0131r hatt\u0131 g\u00fcvenli\u011fine katk\u0131 sa\u011flanacak.<\/p>\n","protected":false},"excerpt":{"rendered":"<p>HIZIR ZIRHLI ARA\u00c7LARI M\u0130LL\u0130 SAVUNMA BAKANLI\u011eINA TESL\u0130M ED\u0130LD\u0130<\/p>\n","protected":false},"author":1,"featured_media":157912,"comment_status":"closed","ping_status":"open","sticky":false,"template":"","format":"standard","meta":{"jetpack_post_was_ever_published":false,"_jetpack_newsletter_access":"","_jetpack_dont_email_post_to_subs":false,"_jetpack_newsletter_tier_id":0,"_jetpack_memberships_contains_paywalled_content":false,"_jetpack_memberships_contains_paid_content":false,"footnotes":"","jetpack_publicize_message":"","jetpack_publicize_feature_enabled":true,"jetpack_social_post_already_shared":true,"jetpack_social_options":{"image_generator_settings":{"template":"highway","default_image_id":0,"font":"","enabled":false},"version":2}},"categories":[1],"tags":[6460,18626,857,12939,429,33,169,28259],"class_list":["post-157911","post","type-post","status-publish","format-standard","has-post-thumbnail","hentry","category-genel","tag-araclari","tag-bakanligina","tag-edildi","tag-hizir","tag-milli","tag-savunma","tag-teslim","tag-zirhli"],"jetpack_publicize_connections":[],"jetpack_featured_media_url":"https:\/\/i0.wp.com\/www.tvturk.com\/wp-content\/uploads\/2019\/05\/hizir-zirhli-araclari-milli-savunma-bakanligina-teslim-edildi_5fbbbb6.jpg?fit=1000%2C666","jetpack_sharing_enabled":true,"jetpack_shortlink":"https:\/\/wp.me\/paKIfm-F4X","_links":{"self":[{"href":"http:\/\/www.tvturk.com\/index.php\/wp-json\/wp\/v2\/posts\/157911","targetHints":{"allow":["GET"]}}],"collection":[{"href":"http:\/\/www.tvturk.com\/index.php\/wp-json\/wp\/v2\/posts"}],"about":[{"href":"http:\/\/www.tvturk.com\/index.php\/wp-json\/wp\/v2\/types\/post"}],"author":[{"embeddable":true,"href":"http:\/\/www.tvturk.com\/index.php\/wp-json\/wp\/v2\/users\/1"}],"replies":[{"embeddable":true,"href":"http:\/\/www.tvturk.com\/index.php\/wp-json\/wp\/v2\/comments?post=157911"}],"version-history":[{"count":0,"href":"http:\/\/www.tvturk.com\/index.php\/wp-json\/wp\/v2\/posts\/157911\/revisions"}],"wp:featuredmedia":[{"embeddable":true,"href":"http:\/\/www.tvturk.com\/index.php\/wp-json\/wp\/v2\/media\/157912"}],"wp:attachment":[{"href":"http:\/\/www.tvturk.com\/index.php\/wp-json\/wp\/v2\/media?parent=157911"}],"wp:term":[{"taxonomy":"category","embeddable":true,"href":"http:\/\/www.tvturk.com\/index.php\/wp-json\/wp\/v2\/categories?post=157911"},{"taxonomy":"post_tag","embeddable":true,"href":"http:\/\/www.tvturk.com\/index.php\/wp-json\/wp\/v2\/tags?post=157911"}],"curies":[{"name":"wp","href":"https:\/\/api.w.org\/{rel}","templated":true}]}}