{"id":158042,"date":"2019-05-16T17:35:13","date_gmt":"2019-05-16T14:35:13","guid":{"rendered":"http:\/\/www.tvturk.com\/index.php\/canakkalede-engelli-gencler-caki-gibi-asker-oldu\/"},"modified":"2019-05-16T17:35:13","modified_gmt":"2019-05-16T14:35:13","slug":"canakkalede-engelli-gencler-caki-gibi-asker-oldu","status":"publish","type":"post","link":"http:\/\/www.tvturk.com\/index.php\/canakkalede-engelli-gencler-caki-gibi-asker-oldu\/","title":{"rendered":"\u00c7anakkale\u2019de engelli gen\u00e7ler \u00e7ak\u0131 gibi asker oldu"},"content":{"rendered":"<p>\u00c7anakkale\u2019de 8 engelli gen\u00e7, bir g\u00fcnl\u00fck temsili askerlik yaparak tezkere ald\u0131.<\/p>\n<p>\u00c7anakkale Bo\u011faz ve Garnizon Komutanl\u0131\u011f\u0131nca, \u00c7anakkale Deniz M\u00fczesinde \u2018Engelli Vatanda\u015flar i\u00e7in Temsili Askerlik Uygulamas\u0131 Terhis T\u00f6reni\u2019 ger\u00e7ekle\u015ftirildi.<\/p>\n<p>T\u00f6rende 8 engelli gen\u00e7, bir g\u00fcnl\u00fck asker oldu. Engelli askerler silaha ve T\u00fcrk bayra\u011f\u0131na el basarak yemin etti.<\/p>\n<p>T\u00f6rende konu\u015fan \u00c7anakkale Bo\u011faz ve Garnizon Komutan\u0131 Tu\u011famiral Levent Kerim U\u00e7a, \u201cTemsili Askerlik Uygulamas\u0131 asil T\u00fcrk milletinin vatan\u0131na ve cumhuriyetine besledi\u011fi b\u00fcy\u00fck sevginin bir g\u00f6stergesidir. Engelli evlatlar\u0131m\u0131z\u0131 askerlik vazifesini yerine getirmenin nedeniyle de ilk ve tek \u00f6rnektir. \u015eehitler ve kahramanlar diyar\u0131 \u00c7anakkale\u2019de 8 engelli gencimiz de kutsal vatani g\u00f6revi olan askerlik hizmetini yerine getirmek i\u00e7in icra ettikleri askerlik yeminiyle milletimizin onurlu evlatlar\u0131 aras\u0131ndaki yerlerini alm\u0131\u015flard\u0131r\u201d dedi.<\/p>\n<p>Daha sonra \u00c7anakkale Valisi Orhan Tavl\u0131 taraf\u0131ndan 8 engelliye terhis belgeleri ve hediyeleri verildi.<\/p>\n<p>T\u00f6rene \u00c7anakkale Valisi Orhan Tavl\u0131, \u00c7anakkale Bo\u011faz ve Garnizon Komutan\u0131 Tu\u011famiral Levent Kerim U\u00e7a, \u0130l Emniyet M\u00fcd\u00fcr\u00fc Celal Sel, Belediye Meclis \u00dcyesi Birten Sar\u0131ba\u015f, askeri ve sivil yetkililer ile engellilerin aileleri kat\u0131ld\u0131.<\/p>\n","protected":false},"excerpt":{"rendered":"<p>\u00c7ANAKKALE\u2019DE, 8 ENGELL\u0130, B\u0130R G\u00dcNL\u00dcK TEMS\u0130L\u0130 ASKERL\u0130K YAPARAK TEZKERE ALDI.<\/p>\n","protected":false},"author":1,"featured_media":158043,"comment_status":"closed","ping_status":"open","sticky":false,"template":"","format":"standard","meta":{"jetpack_post_was_ever_published":false,"_jetpack_newsletter_access":"","_jetpack_dont_email_post_to_subs":false,"_jetpack_newsletter_tier_id":0,"_jetpack_memberships_contains_paywalled_content":false,"_jetpack_memberships_contains_paid_content":false,"footnotes":"","jetpack_publicize_message":"","jetpack_publicize_feature_enabled":true,"jetpack_social_post_already_shared":true,"jetpack_social_options":{"image_generator_settings":{"template":"highway","default_image_id":0,"font":"","enabled":false},"version":2}},"categories":[1],"tags":[1598,36782,8544,1784,1622,981,77],"class_list":["post-158042","post","type-post","status-publish","format-standard","has-post-thumbnail","hentry","category-genel","tag-asker","tag-caki","tag-canakkalede","tag-engelli","tag-gencler","tag-gibi","tag-oldu"],"jetpack_publicize_connections":[],"jetpack_featured_media_url":"https:\/\/i0.wp.com\/www.tvturk.com\/wp-content\/uploads\/2019\/05\/canakkalede-engelli-gencler-caki-gibi-asker-oldu_fe25b4b.jpg?fit=1000%2C666","jetpack_sharing_enabled":true,"jetpack_shortlink":"https:\/\/wp.me\/paKIfm-F74","_links":{"self":[{"href":"http:\/\/www.tvturk.com\/index.php\/wp-json\/wp\/v2\/posts\/158042","targetHints":{"allow":["GET"]}}],"collection":[{"href":"http:\/\/www.tvturk.com\/index.php\/wp-json\/wp\/v2\/posts"}],"about":[{"href":"http:\/\/www.tvturk.com\/index.php\/wp-json\/wp\/v2\/types\/post"}],"author":[{"embeddable":true,"href":"http:\/\/www.tvturk.com\/index.php\/wp-json\/wp\/v2\/users\/1"}],"replies":[{"embeddable":true,"href":"http:\/\/www.tvturk.com\/index.php\/wp-json\/wp\/v2\/comments?post=158042"}],"version-history":[{"count":0,"href":"http:\/\/www.tvturk.com\/index.php\/wp-json\/wp\/v2\/posts\/158042\/revisions"}],"wp:featuredmedia":[{"embeddable":true,"href":"http:\/\/www.tvturk.com\/index.php\/wp-json\/wp\/v2\/media\/158043"}],"wp:attachment":[{"href":"http:\/\/www.tvturk.com\/index.php\/wp-json\/wp\/v2\/media?parent=158042"}],"wp:term":[{"taxonomy":"category","embeddable":true,"href":"http:\/\/www.tvturk.com\/index.php\/wp-json\/wp\/v2\/categories?post=158042"},{"taxonomy":"post_tag","embeddable":true,"href":"http:\/\/www.tvturk.com\/index.php\/wp-json\/wp\/v2\/tags?post=158042"}],"curies":[{"name":"wp","href":"https:\/\/api.w.org\/{rel}","templated":true}]}}