{"id":158046,"date":"2019-05-16T17:36:16","date_gmt":"2019-05-16T14:36:16","guid":{"rendered":"http:\/\/www.tvturk.com\/index.php\/ankarada-ulasim-artik-milli-bayramlarda-da-ucretsiz-olacak\/"},"modified":"2019-05-16T17:36:16","modified_gmt":"2019-05-16T14:36:16","slug":"ankarada-ulasim-artik-milli-bayramlarda-da-ucretsiz-olacak","status":"publish","type":"post","link":"http:\/\/www.tvturk.com\/index.php\/ankarada-ulasim-artik-milli-bayramlarda-da-ucretsiz-olacak\/","title":{"rendered":"Ankara\u2019da ula\u015f\u0131m art\u0131k milli bayramlarda da \u00fccretsiz olacak"},"content":{"rendered":"<p>Ankara B\u00fcy\u00fck\u015fehir Belediye Ba\u015fkan\u0131 Mansur Yava\u015f\u2019\u0131n talimat\u0131yla, B\u00fcy\u00fck\u015fehir Belediye Meclisi\u2019nden Ba\u015fkentlileri sevindiren bir karar daha \u00e7\u0131kt\u0131. Meclise sunulan Ba\u015fkanl\u0131k yaz\u0131s\u0131 ile bundan sonra sadece dini bayramlarda de\u011fil milli bayramlarda da toplu ta\u015f\u0131ma hizmeti \u00fccretsiz olacak.<\/p>\n<p>Ba\u015fkan Yava\u015f\u2019\u0131n imzas\u0131yla Meclis g\u00fcndemine ta\u015f\u0131nan \u201cB\u00fcy\u00fck\u015fehir Belediyesi\u2019ne ait toplu ta\u015f\u0131ma ara\u00e7lar\u0131n\u0131n dini ve milli bayramlarda \u00fccretsiz olmas\u0131\u201dna y\u00f6nelik yaz\u0131 t\u00fcm Meclis \u00fcyelerinin oy birli\u011fi ile kabul edildi.<\/p>\n<p>Toplu ta\u015f\u0131ma ara\u00e7lar\u0131nda ilk \u00fccretsiz yolcu ta\u015f\u0131ma hizmeti, 19 May\u0131s Atat\u00fcrk\u2019\u00fc Anma, Gen\u00e7lik ve Spor Bayram\u0131\u2019nda hayata ge\u00e7irilecek. Meclise sunulan ve onaylanan Ba\u015fkanl\u0131k Yaz\u0131s\u0131nda;<\/p>\n<p>\u201cDini bayramlar\u0131m\u0131z olan Ramazan ve Kurban Bayramlar\u0131nda vatanda\u015flar\u0131m\u0131z\u0131n ula\u015f\u0131m ihtiya\u00e7lar\u0131n\u0131 kar\u015f\u0131lamak amac\u0131yla EGO Otob\u00fcsleri ile yap\u0131lan toplu ta\u015f\u0131ma hizmeti \u00fccretsiz olarak verilmektedir. Vatanda\u015flar\u0131m\u0131z taraf\u0131ndan \u00fclkemizde resmi tatil olarak kutlanmakta olan milli bayramlar\u0131m\u0131zda da toplu ta\u015f\u0131ma hizmetinin \u00fccretsiz olarak verilmesi y\u00f6n\u00fcnde yo\u011fun talepler gelmektedir. Bu nedenle y\u0131l i\u00e7erisindeki t\u00fcm dini ve milli bayram g\u00fcnlerinde saat 06.00\u2019dan ba\u015flayarak gece saat 00.00\u2019a kadar EGO Otob\u00fcsleri, Rayl\u0131 Sistemler ve Teleferik hatt\u0131 ile \u00fccretsiz toplu ta\u015f\u0131ma \u00fccreti yap\u0131labilmesi konusunda\u201d ifadeleri yer ald\u0131.<\/p>\n","protected":false},"excerpt":{"rendered":"<p>ANKARA B\u00dcY\u00dcK\u015eEH\u0130R BELED\u0130YE BA\u015eKANI MANSUR YAVA\u015e, SE\u00c7\u0130M \u00d6NCES\u0130 VERD\u0130\u011e\u0130 VAATLER\u0130 B\u0130RER B\u0130RER YER\u0130NE GET\u0130R\u0130YOR.<\/p>\n","protected":false},"author":1,"featured_media":158047,"comment_status":"closed","ping_status":"open","sticky":false,"template":"","format":"standard","meta":{"jetpack_post_was_ever_published":false,"_jetpack_newsletter_access":"","_jetpack_dont_email_post_to_subs":false,"_jetpack_newsletter_tier_id":0,"_jetpack_memberships_contains_paywalled_content":false,"_jetpack_memberships_contains_paid_content":false,"footnotes":"","jetpack_publicize_message":"","jetpack_publicize_feature_enabled":true,"jetpack_social_post_already_shared":true,"jetpack_social_options":{"image_generator_settings":{"template":"highway","default_image_id":0,"font":"","enabled":false},"version":2}},"categories":[1],"tags":[5444,2058,36783,429,1189,324,1416],"class_list":["post-158046","post","type-post","status-publish","format-standard","has-post-thumbnail","hentry","category-genel","tag-ankarada","tag-artik","tag-bayramlarda","tag-milli","tag-olacak","tag-ucretsiz","tag-ulasim"],"jetpack_publicize_connections":[],"jetpack_featured_media_url":"https:\/\/i0.wp.com\/www.tvturk.com\/wp-content\/uploads\/2019\/05\/ankarada-ulasim-artik-milli-bayramlarda-da-ucretsiz-olacak_97a100a.jpg?fit=1000%2C609","jetpack_sharing_enabled":true,"jetpack_shortlink":"https:\/\/wp.me\/paKIfm-F78","_links":{"self":[{"href":"http:\/\/www.tvturk.com\/index.php\/wp-json\/wp\/v2\/posts\/158046","targetHints":{"allow":["GET"]}}],"collection":[{"href":"http:\/\/www.tvturk.com\/index.php\/wp-json\/wp\/v2\/posts"}],"about":[{"href":"http:\/\/www.tvturk.com\/index.php\/wp-json\/wp\/v2\/types\/post"}],"author":[{"embeddable":true,"href":"http:\/\/www.tvturk.com\/index.php\/wp-json\/wp\/v2\/users\/1"}],"replies":[{"embeddable":true,"href":"http:\/\/www.tvturk.com\/index.php\/wp-json\/wp\/v2\/comments?post=158046"}],"version-history":[{"count":0,"href":"http:\/\/www.tvturk.com\/index.php\/wp-json\/wp\/v2\/posts\/158046\/revisions"}],"wp:featuredmedia":[{"embeddable":true,"href":"http:\/\/www.tvturk.com\/index.php\/wp-json\/wp\/v2\/media\/158047"}],"wp:attachment":[{"href":"http:\/\/www.tvturk.com\/index.php\/wp-json\/wp\/v2\/media?parent=158046"}],"wp:term":[{"taxonomy":"category","embeddable":true,"href":"http:\/\/www.tvturk.com\/index.php\/wp-json\/wp\/v2\/categories?post=158046"},{"taxonomy":"post_tag","embeddable":true,"href":"http:\/\/www.tvturk.com\/index.php\/wp-json\/wp\/v2\/tags?post=158046"}],"curies":[{"name":"wp","href":"https:\/\/api.w.org\/{rel}","templated":true}]}}