{"id":158092,"date":"2019-05-16T23:15:17","date_gmt":"2019-05-16T20:15:17","guid":{"rendered":"http:\/\/www.tvturk.com\/index.php\/ataturkun-istanbuldan-samsuna-hareket-ettigi-karakoy-rihtiminda-iftar\/"},"modified":"2019-05-16T23:15:17","modified_gmt":"2019-05-16T20:15:17","slug":"ataturkun-istanbuldan-samsuna-hareket-ettigi-karakoy-rihtiminda-iftar","status":"publish","type":"post","link":"http:\/\/www.tvturk.com\/index.php\/ataturkun-istanbuldan-samsuna-hareket-ettigi-karakoy-rihtiminda-iftar\/","title":{"rendered":"Atat\u00fcrk\u2019\u00fcn \u0130stanbul\u2019dan Samsun\u2019a hareket etti\u011fi Karak\u00f6y R\u0131ht\u0131m\u0131\u2019nda iftar"},"content":{"rendered":"<p>Milli M\u00fccadele\u2019nin 100\u2019\u00fcnc\u00fc y\u0131ld\u00f6n\u00fcm\u00fc sebebiyle Atat\u00fcrk\u2019\u00fcn 16 May\u0131s g\u00fcn\u00fc \u0130stanbul\u2019dan Samsun\u2019a hareket etmesinin ilk ad\u0131m\u0131 olan Karak\u00f6y R\u0131ht\u0131m\u0131\u2019nda \u201cVatan ve Ramazan\u201d temal\u0131 iftar program\u0131 d\u00fczenlendi. Gen\u00e7lik ve Spor Bakan\u0131 Mehmet Kasapo\u011flu, \u201c100 y\u0131ld\u0131r iftiharla ta\u015f\u0131d\u0131\u011f\u0131m\u0131z bu aziz istikbal ruhu bizler i\u00e7im \u00f6nemli bir ilham kayna\u011f\u0131d\u0131r\u201d dedi.<\/p>\n<p>Beyo\u011flu Belediyesi, Milli M\u00fccadele\u2019nin 100\u2019\u00fcnc\u00fc y\u0131ld\u00f6n\u00fcm\u00fc sebebiyle Atat\u00fcrk\u2019\u00fcn 16 May\u0131s g\u00fcn\u00fc \u0130stanbul\u2019dan Samsun\u2019a hareket etmesinin ilk ad\u0131m\u0131 olan Karak\u00f6y R\u0131ht\u0131m\u0131\u2019nda \u201cVatan ve Ramazan\u201d temal\u0131 iftar program\u0131 d\u00fczenledi. Programa Gen\u00e7lik ve Spor Bakan\u0131 Mehmet Kasapo\u011flu\u2019nun yan\u0131 s\u0131ra Beyo\u011flu Belediye Ba\u015fkan\u0131 Haydar Ali Y\u0131ld\u0131z ile birlikte Galatasaray Lisesi, \u0130stanbul Erkek Lisesi, Kayseri Ta\u015f Mektep ve Tokat Gazi Osman Pa\u015fa Lisesi gibi tarihe not d\u00fc\u015fm\u00fc\u015f okullar\u0131n \u00f6\u011frencileri kat\u0131ld\u0131. Kur\u2019an-\u0131 Kerim tilavetinin okundu\u011fu iftarda, ezan\u0131n okunmas\u0131yla birlikte dualar e\u015fli\u011finde oru\u00e7lar a\u00e7\u0131ld\u0131. Programda Milli M\u00fccadele\u2019nin ruhunu yans\u0131tan resimlerden olu\u015fan eserlerde r\u0131ht\u0131mda sergilendi.<\/p>\n<p>\u201c100 y\u0131ld\u0131r iftiharla ta\u015f\u0131d\u0131\u011f\u0131m\u0131z bu aziz istikbal ruhu bizler i\u00e7im \u00f6nemli bir ilham kayna\u011f\u0131d\u0131r\u201d<\/p>\n<p>Gen\u00e7lere hitap eden Gen\u00e7lik ve Spor Bakan\u0131 Mehmet Muharrem Kasapo\u011flu, \u201c19 May\u0131s 1919 -19 May\u0131s 2019 tam 100 y\u0131l boyunca bu \u00fclke bu co\u011frafya neler atlatt\u0131. Ne engeller ile kar\u015f\u0131la\u015ft\u0131. Hamd olsun ki bu millet birli\u011finden beraberli\u011finden karde\u015fli\u011finden hi\u00e7bir taviz vermedi. Biz bunu sizlerin s\u00f6zlerinden, sizlerin o p\u0131r\u0131l p\u0131r\u0131l bak\u0131\u015flar\u0131ndan g\u00f6r\u00fcyoruz t\u0131pk\u0131 15 Temmuz\u2019da oldu\u011fu gibi. Bu millet kar\u015f\u0131la\u015ft\u0131\u011f\u0131 t\u00fcm engelleri her zaman alt etmesini ve onlar\u0131 yerle bir etmesini bilecek ona inan\u0131yorum. \u0130stikbal sevdas\u0131nda yola \u00e7\u0131kan bu kutlu yolculuk Atat\u00fcrk\u2019\u00fcn ve silah arkada\u015flar\u0131n\u0131n Samsun\u2019a ayak basmalar\u0131 bir direni\u015f me\u015falesine d\u00f6n\u00fc\u015ft\u00fc. 100 y\u0131ld\u0131r iftiharla ta\u015f\u0131d\u0131\u011f\u0131m\u0131z bu aziz istikbal ruhu bizler i\u00e7im \u00f6nemli bir ilham kayna\u011f\u0131d\u0131r. \u0130\u015fte bu y\u00fczdendir ki bu yolculuk bitmeyen yolculuktur. Gen\u00e7ler sizler hi\u00e7 \u015f\u00fcphesiz ne denli b\u00fcy\u00fck sorumluluk ta\u015f\u0131d\u0131\u011f\u0131n\u0131z\u0131n fark\u0131ndas\u0131n\u0131z. Vatan\u0131m\u0131z\u0131n ve azizi milletimizin hukuku sizlere emanet. Cumhuriyetimizi, demokrasimize ve hukuk d\u00fczenimizi \u00f6zenle hassasiyetle koruma noktas\u0131nda sizlere sonuna kadar g\u00fcveniyoruz\u201d \u015feklinde konu\u015ftu.<\/p>\n<p>\u201cBizim i\u00e7in vatan, tarih, medeniyet \u00f6nemlidir\u201d<\/p>\n<p>Programda konu\u015fan Beyo\u011flu Belediye Ba\u015fkan\u0131 Haydar Ali Y\u0131ld\u0131z, \u201cBand\u0131rma Vapuru bundan 100 y\u0131l \u00f6nce Sarayburnu\u2019ndan hareket ediyor. Mustafa Kemal Atat\u00fcrk arkada\u015flar\u0131yla beraber Galata R\u0131ht\u0131m\u0131\u2019ndan Band\u0131rma Vapuru\u2019na intikal ediyor. Samsun\u2019a y\u00fcr\u00fcy\u00fc\u015f\u00fc ba\u015flat\u0131yor ve 1919\u2019un 19 May\u0131s\u2019\u0131nda Samsun\u2019da milli m\u00fccadele hareketi ba\u015flanm\u0131\u015f oluyor. 16 May\u0131s\u2019ta buradan at\u0131lan ilk ad\u0131mda yeni, g\u00fc\u00e7l\u00fc ve b\u00fcy\u00fck T\u00fcrkiye Cumhuriyeti\u2019nin temellerini atmak \u00fczere yola \u00e7\u0131kt\u0131\u011f\u0131m\u0131zda ve 1923\u2019te T\u00fcrkiye Cumhuriyeti ilan edildi\u011finde hay\u0131rl\u0131 ve g\u00fczel ba\u015flang\u0131\u00e7 yapt\u0131k. Bizim i\u00e7in vatan \u00f6nemlidir. Tarih \u00f6nemlidir. Medeniyet \u00f6nemlidir\u201d dedi.<\/p>\n<p>Program\u0131n sonunda ise Ba\u015fkan Y\u0131ld\u0131z, Bakan Kasapo\u011flu\u2019na Band\u0131rma Vapuru\u2019nun tasvirinin bulundu\u011fu tabloyu hediye etti. Ard\u0131ndan gen\u00e7lerle birlikte hat\u0131ra foto\u011fraf\u0131 \u00e7ektirildi.<\/p>\n","protected":false},"excerpt":{"rendered":"<p>M\u0130LL\u0130 M\u00dcCADELE\u2019N\u0130N 100\u2019\u00dcNC\u00dc YILD\u00d6N\u00dcM\u00dc SEBEB\u0130YLE ATAT\u00dcRK\u2019\u00dcN 16 MAYIS G\u00dcN\u00dc \u0130STANBUL\u2019DAN SAMSUN\u2019A HAREKET ETMES\u0130N\u0130N \u0130LK ADIMI OLAN KARAK\u00d6Y RIHTIMI\u2019NDA \u201cVATAN VE RAMAZAN\u201d TEMALI \u0130FTAR PROGRAMI D\u00dcZENLEND\u0130.<\/p>\n","protected":false},"author":1,"featured_media":158093,"comment_status":"closed","ping_status":"open","sticky":false,"template":"","format":"standard","meta":{"jetpack_post_was_ever_published":false,"_jetpack_newsletter_access":"","_jetpack_dont_email_post_to_subs":false,"_jetpack_newsletter_tier_id":0,"_jetpack_memberships_contains_paywalled_content":false,"_jetpack_memberships_contains_paid_content":false,"footnotes":"","jetpack_publicize_message":"","jetpack_publicize_feature_enabled":true,"jetpack_social_post_already_shared":true,"jetpack_social_options":{"image_generator_settings":{"template":"highway","default_image_id":0,"font":"","enabled":false},"version":2}},"categories":[1],"tags":[2818,965,1614,30333,1922,36797,36798,12164],"class_list":["post-158092","post","type-post","status-publish","format-standard","has-post-thumbnail","hentry","category-genel","tag-ataturkun","tag-ettigi","tag-hareket","tag-iftar","tag-istanbuldan","tag-karakoy","tag-rihtiminda","tag-samsuna"],"jetpack_publicize_connections":[],"jetpack_featured_media_url":"https:\/\/i0.wp.com\/www.tvturk.com\/wp-content\/uploads\/2019\/05\/ataturkun-istanbuldan-samsuna-hareket-ettigi-karakoy-rihtiminda-iftar_f65e0b2.jpg?fit=1000%2C666","jetpack_sharing_enabled":true,"jetpack_shortlink":"https:\/\/wp.me\/paKIfm-F7S","_links":{"self":[{"href":"http:\/\/www.tvturk.com\/index.php\/wp-json\/wp\/v2\/posts\/158092","targetHints":{"allow":["GET"]}}],"collection":[{"href":"http:\/\/www.tvturk.com\/index.php\/wp-json\/wp\/v2\/posts"}],"about":[{"href":"http:\/\/www.tvturk.com\/index.php\/wp-json\/wp\/v2\/types\/post"}],"author":[{"embeddable":true,"href":"http:\/\/www.tvturk.com\/index.php\/wp-json\/wp\/v2\/users\/1"}],"replies":[{"embeddable":true,"href":"http:\/\/www.tvturk.com\/index.php\/wp-json\/wp\/v2\/comments?post=158092"}],"version-history":[{"count":0,"href":"http:\/\/www.tvturk.com\/index.php\/wp-json\/wp\/v2\/posts\/158092\/revisions"}],"wp:featuredmedia":[{"embeddable":true,"href":"http:\/\/www.tvturk.com\/index.php\/wp-json\/wp\/v2\/media\/158093"}],"wp:attachment":[{"href":"http:\/\/www.tvturk.com\/index.php\/wp-json\/wp\/v2\/media?parent=158092"}],"wp:term":[{"taxonomy":"category","embeddable":true,"href":"http:\/\/www.tvturk.com\/index.php\/wp-json\/wp\/v2\/categories?post=158092"},{"taxonomy":"post_tag","embeddable":true,"href":"http:\/\/www.tvturk.com\/index.php\/wp-json\/wp\/v2\/tags?post=158092"}],"curies":[{"name":"wp","href":"https:\/\/api.w.org\/{rel}","templated":true}]}}