{"id":158154,"date":"2019-05-17T10:24:14","date_gmt":"2019-05-17T07:24:14","guid":{"rendered":"http:\/\/www.tvturk.com\/index.php\/gozleri-sinirda-kulaklari-ezanda\/"},"modified":"2019-05-17T10:24:14","modified_gmt":"2019-05-17T07:24:14","slug":"gozleri-sinirda-kulaklari-ezanda","status":"publish","type":"post","link":"http:\/\/www.tvturk.com\/index.php\/gozleri-sinirda-kulaklari-ezanda\/","title":{"rendered":"G\u00f6zleri s\u0131n\u0131rda kulaklar\u0131 ezanda"},"content":{"rendered":"<p>Hatay\u2019\u0131n K\u0131r\u0131khan il\u00e7esi Afrin s\u0131n\u0131r\u0131nda g\u00f6rev yapan Mehmet\u00e7ikler, vatan borcunu \u00f6demenin gururuyla Ramazan\u2019\u0131 da dolu dolu ge\u00e7iriyor.<\/p>\n<p>Suriye s\u0131n\u0131r\u0131nda bulunan 2. Hudut Alay Komutanl\u0131\u011f\u0131, 1. Hudut Tabur Komutanl\u0131\u011f\u0131na ba\u011fl\u0131 \u015eehit Y\u00fczba\u015f\u0131 \u0130lker Acar Karakolu\u2019nda mevzi alarak 7 g\u00fcn 24 saat vatan topraklar\u0131n\u0131 koruyan hudut kartallar\u0131, Ramazan ay\u0131n\u0131 sevdiklerinden uzakta buruk ama &#8220;vatan borcu&#8221; diyerek gururla ge\u00e7iriyor.<\/p>\n<p>Mehmet\u00e7ikler, elleri tetikte, g\u00f6zleri s\u0131n\u0131rda, kulaklar\u0131 ise iftar vakti okunacak ezanda n\u00f6bet tutuyor. D\u00fcrb\u00fcnlerle s\u0131k s\u0131k s\u0131n\u0131r hatt\u0131n\u0131 kontrol eden askerler, geli\u015fmeleri telsizlerle komutanlar\u0131na haber veriyor.<\/p>\n<p>Karakolda ise \u00f6\u011fleden sonra iftar tela\u015f\u0131 ba\u015fl\u0131yor. Mutfakta g\u00f6revli askerlerin \u00f6nceden belirlenen men\u00fcye bak\u0131p iftar i\u00e7in haz\u0131rl\u0131k yapt\u0131\u011f\u0131 karakolda, askerler n\u00f6bet tutan arkada\u015flar\u0131 i\u00e7in iftarl\u0131k yemekler haz\u0131rl\u0131yor.<\/p>\n<p>\u0130ftar \u00f6ncesi masalar\u0131 kuran Mehmet\u00e7ikler, \u00f6zenle haz\u0131rlad\u0131klar\u0131 sofralarda arkada\u015flar\u0131na iftariyelikler sunman\u0131n keyfini ya\u015f\u0131yor.<\/p>\n<p>S\u0131rayla yeme\u011fini alan askerler de zorlu g\u00f6revleri ve me\u015fakkatli mesailerinin ard\u0131ndan yap\u0131lan dualarla oru\u00e7lar\u0131n\u0131 a\u00e7\u0131yor.<\/p>\n<p>Mehmet\u00e7ikler, \u201cHer \u015fey vatan i\u00e7in\u201d bilinciyle gece de n\u00f6bet tutarak vatanda\u015flar\u0131n huzur i\u00e7inde Ramazan\u2019\u0131 ge\u00e7irmesini sa\u011fl\u0131yor.<\/p>\n<p>Ramazan\u2019\u0131n her a\u015famas\u0131n\u0131n tam anlam\u0131yla ya\u015fand\u0131\u011f\u0131 karakolda, sahur i\u00e7in de ayr\u0131 bir tela\u015f ya\u015fan\u0131yor. Gece n\u00f6bet\u00e7isi elindeki listeden oruca niyetlenen Mehmet\u00e7ikleri, s\u0131ras\u0131yla gelip ko\u011fu\u015funda uyand\u0131r\u0131yor. Uykunun verdi\u011fi a\u011f\u0131rl\u0131\u011fa ra\u011fmen hemen yata\u011f\u0131ndan kalkan askerler, kendileri i\u00e7in haz\u0131rlanan sahurluklar\u0131 yiyip, tutacaklar\u0131 oruca niyetleniyor.<\/p>\n","protected":false},"excerpt":{"rendered":"<p>HATAY\u2019IN KIRIKHAN \u0130L\u00c7ES\u0130, AFR\u0130N SINIRINDA G\u00d6REV YAPAN MEHMET\u00c7\u0130KLER, VATAN BORCUNU \u00d6DEMEN\u0130N GURURUYLA RAMAZAN\u2019I DA DOLU DOLU GE\u00c7\u0130R\u0130YOR.<\/p>\n","protected":false},"author":1,"featured_media":158155,"comment_status":"closed","ping_status":"open","sticky":false,"template":"","format":"standard","meta":{"jetpack_post_was_ever_published":false,"_jetpack_newsletter_access":"","_jetpack_dont_email_post_to_subs":false,"_jetpack_newsletter_tier_id":0,"_jetpack_memberships_contains_paywalled_content":false,"_jetpack_memberships_contains_paid_content":false,"footnotes":"","jetpack_publicize_message":"","jetpack_publicize_feature_enabled":true,"jetpack_social_post_already_shared":true,"jetpack_social_options":{"image_generator_settings":{"template":"highway","default_image_id":0,"font":"","enabled":false},"version":2}},"categories":[1],"tags":[36824,13477,36823,2774],"class_list":["post-158154","post","type-post","status-publish","format-standard","has-post-thumbnail","hentry","category-genel","tag-ezanda","tag-gozleri","tag-kulaklari","tag-sinirda"],"jetpack_publicize_connections":[],"jetpack_featured_media_url":"https:\/\/i0.wp.com\/www.tvturk.com\/wp-content\/uploads\/2019\/05\/gozleri-sinirda-kulaklari-ezanda_938ba2c.jpg?fit=1000%2C662","jetpack_sharing_enabled":true,"jetpack_shortlink":"https:\/\/wp.me\/paKIfm-F8S","_links":{"self":[{"href":"http:\/\/www.tvturk.com\/index.php\/wp-json\/wp\/v2\/posts\/158154","targetHints":{"allow":["GET"]}}],"collection":[{"href":"http:\/\/www.tvturk.com\/index.php\/wp-json\/wp\/v2\/posts"}],"about":[{"href":"http:\/\/www.tvturk.com\/index.php\/wp-json\/wp\/v2\/types\/post"}],"author":[{"embeddable":true,"href":"http:\/\/www.tvturk.com\/index.php\/wp-json\/wp\/v2\/users\/1"}],"replies":[{"embeddable":true,"href":"http:\/\/www.tvturk.com\/index.php\/wp-json\/wp\/v2\/comments?post=158154"}],"version-history":[{"count":0,"href":"http:\/\/www.tvturk.com\/index.php\/wp-json\/wp\/v2\/posts\/158154\/revisions"}],"wp:featuredmedia":[{"embeddable":true,"href":"http:\/\/www.tvturk.com\/index.php\/wp-json\/wp\/v2\/media\/158155"}],"wp:attachment":[{"href":"http:\/\/www.tvturk.com\/index.php\/wp-json\/wp\/v2\/media?parent=158154"}],"wp:term":[{"taxonomy":"category","embeddable":true,"href":"http:\/\/www.tvturk.com\/index.php\/wp-json\/wp\/v2\/categories?post=158154"},{"taxonomy":"post_tag","embeddable":true,"href":"http:\/\/www.tvturk.com\/index.php\/wp-json\/wp\/v2\/tags?post=158154"}],"curies":[{"name":"wp","href":"https:\/\/api.w.org\/{rel}","templated":true}]}}