{"id":158174,"date":"2019-05-17T10:40:06","date_gmt":"2019-05-17T07:40:06","guid":{"rendered":"http:\/\/www.tvturk.com\/index.php\/tarihi-surlar-ilgisizlikten-dokuluyor\/"},"modified":"2019-05-17T10:40:06","modified_gmt":"2019-05-17T07:40:06","slug":"tarihi-surlar-ilgisizlikten-dokuluyor","status":"publish","type":"post","link":"http:\/\/www.tvturk.com\/index.php\/tarihi-surlar-ilgisizlikten-dokuluyor\/","title":{"rendered":"Tarihi surlar ilgisizlikten d\u00f6k\u00fcl\u00fcyor"},"content":{"rendered":"<p>UNESCO taraf\u0131ndan 2015 y\u0131l\u0131nda D\u00fcnya K\u00fclt\u00fcr Miras\u0131 listesine al\u0131nan Diyarbak\u0131r surlar\u0131 bak\u0131ms\u0131zl\u0131ktan y\u0131k\u0131lma tehlikesi ile kar\u015f\u0131 kar\u015f\u0131ya. Tarihi surlar\u0131n ta\u015flar\u0131 bir bir d\u00fc\u015ferken, Diyarbak\u0131r K\u00fclt\u00fcr, Turizm ve Musiki Derne\u011fi (D\u0130KTUM-DER) Ba\u015fkan\u0131 Kenan Aksu, yetkili kurumlar\u0131n acil olarak surlar\u0131 bak\u0131ma almas\u0131 gerekti\u011fi \u00e7a\u011fr\u0131s\u0131nda bulundu.<\/p>\n<p>UNESCO 39. D\u00fcnya Miras Komite toplant\u0131s\u0131, 2015 y\u0131l\u0131nda Almanya\u2019n\u0131n ev sahipli\u011finde Bonn kentinde ger\u00e7ekle\u015fmi\u015f, toplant\u0131da T\u00fcrkiye\u2019den Diyarbak\u0131r surlar\u0131 ile Hevsel Bah\u00e7elerinin D\u00fcnya K\u00fclt\u00fcr Miras\u0131 listesine al\u0131nmas\u0131 karar\u0131 \u00e7\u0131km\u0131\u015ft\u0131. Karar\u0131n \u00e7\u0131kmas\u0131n\u0131n ard\u0131ndan kent genelinde Diyarbak\u0131r surlar\u0131n\u0131n bak\u0131mlar\u0131n\u0131n yap\u0131laca\u011f\u0131 beklentisi artsa da iki hafta \u00f6nce ya\u011fan ya\u011fmurlar nedeniyle y\u0131ld\u0131r\u0131m d\u00fc\u015fmesi sonucunda Benu u Sen Burcu duvar\u0131n\u0131n y\u0131k\u0131lmas\u0131 \u00fczerine g\u00f6zler bir kez daha tarihi Diyarbak\u0131r surlar\u0131na \u00e7evrildi.<\/p>\n<p>\u201cTan\u0131t\u0131m olsa bak\u0131m olsa insan ak\u0131n ak\u0131n gelir\u201d<\/p>\n<p>Konu ile ilgili a\u00e7\u0131klamalarda bulunan D\u0130KTUM-DER Ba\u015fkan\u0131 Aksu, Diyarbak\u0131r surlar\u0131n\u0131n \u00e7ok de\u011ferli oldu\u011funu s\u00f6yledi. Diyarbak\u0131r surlar\u0131n\u0131n d\u00fcnyada e\u015fi benzeri olmayan bir yap\u0131 oldu\u011funu kaydeden Aksu, \u201c\u0130ddia ediyorum b\u00f6yle bir tarihi eser ve k\u00fclt\u00fcr varl\u0131\u011f\u0131 d\u00fcnyan\u0131n hi\u00e7bir yerinde yok. Biz kendi k\u0131ymetimizi, hazinemizi ger\u00e7ekten tan\u0131tam\u0131yoruz ve sahiplenemiyoruz. Tabi bu vatanda\u015f olarak de\u011fil, yetkililer i\u00e7in ben s\u00f6yl\u00fcyorum. Tan\u0131t\u0131m olsa bak\u0131m olsa, b\u00f6yle bir hazine d\u00fcnyan\u0131n neresinde olursa yani insan ak\u0131n ak\u0131n gelir\u201d dedi.<\/p>\n<p>\u201cSurlar\u0131n onar\u0131lmas\u0131 ile ilgili hi\u00e7bir \u00e7al\u0131\u015fma yap\u0131lm\u0131yor\u201d<\/p>\n<p>Diyarbak\u0131r surlar\u0131n\u0131n 5 bu\u00e7uk kilometre uzunlu\u011funda milattan \u00f6nce 3 bin seneye dayanan bir tarihinin oldu\u011funu kaydeden Aksu, \u015f\u00f6yle devam etti:<\/p>\n<p>\u201cHala dimdik ayakta, b\u00f6yle bir eser d\u00fcnyada yok. Diyarbak\u0131r surlar\u0131n\u0131n ve Hevsel Bah\u00e7eleri\u2019nin D\u00fcnya K\u00fclt\u00fcr Miraslar\u0131 listesine girmesiyle tesad\u00fcf de\u011fildir. Buras\u0131n\u0131n d\u00fcnyaya tan\u0131t\u0131lmas\u0131 ve bu surlar\u0131n, \u00f6zellikle y\u0131k\u0131lan yerlerinin onar\u0131lmas\u0131 ile ilgili yetkililerin bir an evvel acilen hareketlenmesi laz\u0131m. \u00c7\u00fcnk\u00fc surlar\u0131n onar\u0131lmas\u0131 ile ilgili hi\u00e7bir \u00e7al\u0131\u015fma yap\u0131lm\u0131yor. G\u00f6r\u00fcyoruz Diyarbak\u0131r\u2019\u0131n her taraf\u0131ndan ta\u015flar d\u00f6k\u00fcl\u00fcyor, o ta\u015flar hem tehlike arz ediyor hem de surun g\u00f6r\u00fcnt\u00fcs\u00fc a\u00e7\u0131s\u0131nda k\u00f6t\u00fc bir g\u00f6r\u00fcnt\u00fc g\u00f6steriyor.\u201d<\/p>\n<p>\u201cBak\u0131m olur ise maddi ve manevi herkes faydalan\u0131r\u201d<\/p>\n<p>Diyarbak\u0131r surlar\u0131n\u0131n sahipsiz oldu\u011fu ve bak\u0131m olmad\u0131\u011f\u0131 i\u00e7in kendi kendine y\u0131k\u0131ld\u0131\u011f\u0131n\u0131 kaydeden Adem \u015eehirli isimli vatanda\u015f ise \u201cGe\u00e7ti\u011fimiz g\u00fcn etkili olan ya\u011fmurdan dolay\u0131 y\u0131ld\u0131r\u0131m d\u00fc\u015fmesinden kaynakl\u0131 hepsi y\u0131k\u0131ld\u0131. Daha sonra dikkat tehlike i\u015faretleri vuruldu ve her an \u00e7\u00f6kebilir. Buras\u0131 tek de\u011fil, b\u00fct\u00fcn surlar\u0131n etraf\u0131 b\u00f6yledir. \u00d6nlem al\u0131nmas\u0131 i\u00e7in bak\u0131m ve onar\u0131m\u0131n yap\u0131lmas\u0131 gerekiyor. Onar\u0131m ve bak\u0131m olmad\u0131\u011f\u0131 s\u00fcrece ister istemez \u00e7\u00f6ker, y\u0131k\u0131l\u0131r ve viran olur gider. \u0130ster istemez \u00fcz\u00fcl\u00fcyoruz. Bat\u0131da insanlar\u0131n denizi var, bizimde burada surlar\u0131m\u0131z var. \u0130nsan sahilde nas\u0131l gezerken zevk al\u0131yor ise, bizlerde surda gezerken zevk al\u0131yoruz. Y\u0131k\u0131l\u0131p viran olunca memlekette gittik\u00e7e k\u00f6t\u00fcye gidecektir. Yetkililerden, bak\u0131m ve onar\u0131m olursa ve yaparlar ise iyi olur. Buras\u0131 tarihi bir eserdir, bak\u0131m olur ise maddi ve manevi herkes faydalan\u0131r\u201d \u015feklinde konu\u015ftu.<\/p>\n","protected":false},"excerpt":{"rendered":"<p>UNESCO TARAFINDAN 2015 YILINDA D\u00dcNYA K\u00dcLT\u00dcR M\u0130RASI L\u0130STES\u0130NE ALINAN D\u0130YARBAKIR SURLARI BAKIMSIZLIKTAN YIKILMA TEHL\u0130KES\u0130 \u0130LE KAR\u015eI KAR\u015eIYA.<\/p>\n","protected":false},"author":1,"featured_media":158175,"comment_status":"closed","ping_status":"open","sticky":false,"template":"","format":"standard","meta":{"jetpack_post_was_ever_published":false,"_jetpack_newsletter_access":"","_jetpack_dont_email_post_to_subs":false,"_jetpack_newsletter_tier_id":0,"_jetpack_memberships_contains_paywalled_content":false,"_jetpack_memberships_contains_paid_content":false,"footnotes":"","jetpack_publicize_message":"","jetpack_publicize_feature_enabled":true,"jetpack_social_post_already_shared":true,"jetpack_social_options":{"image_generator_settings":{"template":"highway","default_image_id":0,"font":"","enabled":false},"version":2}},"categories":[1],"tags":[30046,36834,36833,800],"class_list":["post-158174","post","type-post","status-publish","format-standard","has-post-thumbnail","hentry","category-genel","tag-dokuluyor","tag-ilgisizlikten","tag-surlar","tag-tarihi"],"jetpack_publicize_connections":[],"jetpack_featured_media_url":"https:\/\/i0.wp.com\/www.tvturk.com\/wp-content\/uploads\/2019\/05\/tarihi-surlar-ilgisizlikten-dokuluyor_72443a0.jpg?fit=1000%2C562","jetpack_sharing_enabled":true,"jetpack_shortlink":"https:\/\/wp.me\/paKIfm-F9c","_links":{"self":[{"href":"http:\/\/www.tvturk.com\/index.php\/wp-json\/wp\/v2\/posts\/158174","targetHints":{"allow":["GET"]}}],"collection":[{"href":"http:\/\/www.tvturk.com\/index.php\/wp-json\/wp\/v2\/posts"}],"about":[{"href":"http:\/\/www.tvturk.com\/index.php\/wp-json\/wp\/v2\/types\/post"}],"author":[{"embeddable":true,"href":"http:\/\/www.tvturk.com\/index.php\/wp-json\/wp\/v2\/users\/1"}],"replies":[{"embeddable":true,"href":"http:\/\/www.tvturk.com\/index.php\/wp-json\/wp\/v2\/comments?post=158174"}],"version-history":[{"count":0,"href":"http:\/\/www.tvturk.com\/index.php\/wp-json\/wp\/v2\/posts\/158174\/revisions"}],"wp:featuredmedia":[{"embeddable":true,"href":"http:\/\/www.tvturk.com\/index.php\/wp-json\/wp\/v2\/media\/158175"}],"wp:attachment":[{"href":"http:\/\/www.tvturk.com\/index.php\/wp-json\/wp\/v2\/media?parent=158174"}],"wp:term":[{"taxonomy":"category","embeddable":true,"href":"http:\/\/www.tvturk.com\/index.php\/wp-json\/wp\/v2\/categories?post=158174"},{"taxonomy":"post_tag","embeddable":true,"href":"http:\/\/www.tvturk.com\/index.php\/wp-json\/wp\/v2\/tags?post=158174"}],"curies":[{"name":"wp","href":"https:\/\/api.w.org\/{rel}","templated":true}]}}