{"id":158300,"date":"2019-05-17T12:54:06","date_gmt":"2019-05-17T09:54:06","guid":{"rendered":"http:\/\/www.tvturk.com\/index.php\/minikler-harcliklariyla-ramazan-kolisi-hazirladi\/"},"modified":"2019-05-17T12:54:06","modified_gmt":"2019-05-17T09:54:06","slug":"minikler-harcliklariyla-ramazan-kolisi-hazirladi","status":"publish","type":"post","link":"http:\/\/www.tvturk.com\/index.php\/minikler-harcliklariyla-ramazan-kolisi-hazirladi\/","title":{"rendered":"Minikler har\u00e7l\u0131klar\u0131yla Ramazan kolisi haz\u0131rlad\u0131"},"content":{"rendered":"<p>Amasya Serdar Zeren \u0130lkokulu 1. s\u0131n\u0131f \u00f6\u011frencileri biriktirdikleri har\u00e7l\u0131klar\u0131yla ihtiya\u00e7 sahipleri i\u00e7in Ramazan paketi haz\u0131rlad\u0131.<\/p>\n<p>\u201cBir sofra da sen kur\u201d isimli projeyle \u00f6\u011frencilere yard\u0131mla\u015fma, dayan\u0131\u015fma gibi duygular kazand\u0131r\u0131l\u0131rken, 34 \u00f6\u011frenci birer Ramazan kolisi olu\u015fturarak toplam 34 Ramazan kolisini ihtiya\u00e7 sahiplerine da\u011f\u0131tacak.<\/p>\n<p>Okul M\u00fcd\u00fcr\u00fc Halil Kaykana, t\u00fcm okul ad\u0131na 1\/C s\u0131n\u0131f\u0131n\u0131n g\u00fczel bir sosyal sorumluluk projesi haz\u0131rlad\u0131\u011f\u0131n\u0131 s\u00f6yledi. Kaykana, &#8220;\u0130htiyac\u0131 olan vatanda\u015flar\u0131m\u0131za veya \u00fclkemize gelip de \u015fu anda ma\u011fdur durumda bulunan ailelerimize bu minicik \u00e7ocuklar\u0131m\u0131z \u00f6zellikle de okulumda hele de 1. s\u0131n\u0131f\u0131n bir sosyal sorumluluk projesi yapmas\u0131 benim i\u00e7in \u00e7ok b\u00fcy\u00fck bir onur ve gururdur. \u00c7ocuklar\u0131m\u0131z kendi har\u00e7l\u0131klar\u0131yla bir\u00e7ok erza\u011f\u0131 alm\u0131\u015flard\u0131r. Velilerimizde yard\u0131m ve destek olmu\u015flard\u0131r. Bunlar\u0131 1. s\u0131n\u0131f \u00e7ocu\u011funun d\u00fc\u015f\u00fcnmesi \u00e7ok b\u00fcy\u00fck bir \u015fey. \u0130n\u015fallah bu minicik \u00e7ocuklar\u0131m\u0131z bizim gibi b\u00fcy\u00fcklere \u00f6rnek olurlar\u201d dedi.<\/p>\n<p>Minik \u00f6\u011frenciler, \u00f6\u011fretmenleri e\u015fli\u011finde kendi har\u00e7l\u0131klar\u0131yla ald\u0131klar\u0131 g\u0131dalar\u0131 Ramazan kolilerine kendi elleriyle koydular.<\/p>\n<p>1\/C s\u0131n\u0131f\u0131 \u00f6\u011fretmeni Hamit Akkoyunlu, \u201cSosyal sorumluluk kapsam\u0131nda bir proje yapal\u0131m dedik. \u00d6zellikle \u00f6\u011frencilerimiz, velilerimiz ramazan ay\u0131nda bunun \u2019Bir sofra da sen kur\u2019 diye ba\u015flad\u0131k. \u00d6\u011frencilerimiz, valilerimizin duyarl\u0131l\u0131\u011f\u0131yla g\u00f6rd\u00fc\u011f\u00fcn\u00fcz malzemeler temin edildi. Bug\u00fcn de bunun ihtiya\u00e7 sahibi \u00f6zellikle m\u00fclteci konumunda olan ensar, muhacir kavram\u0131 i\u00e7erisinde yard\u0131m etmeyi d\u00fc\u015f\u00fcn\u00fcyoruz, in\u015fallah hay\u0131rl\u0131 olur diye d\u00fc\u015f\u00fcn\u00fcyoruz. Belki \u00e7ocuk simit paras\u0131n\u0131, meyve suyu paras\u0131n\u0131 buraya, kumbara \u015feklinde biriktirip, bu hale geldi. Hepsine te\u015fekk\u00fcr ediyoruz. Amac\u0131m\u0131z \u015fuydu, yok olmaya y\u00fcz tutan de\u011ferlerimizi ya\u015fatmak. Yard\u0131mla\u015fma, dayan\u0131\u015fma ve bunu bu ya\u015fta bu \u00e7ocuklar\u0131m\u0131za kazand\u0131rmak istedik&#8221; diye konu\u015ftu.<\/p>\n<p>1\/C s\u0131n\u0131f\u0131 \u00f6\u011frencilerinden Mahmut Merdan Ayan ise \u201cBurada g\u0131da toplad\u0131k. Bu g\u0131dalar\u0131 ihtiya\u00e7 sahiplerine da\u011f\u0131taca\u011f\u0131z&#8221; \u015feklinde konu\u015ftu.<\/p>\n","protected":false},"excerpt":{"rendered":"<p>AMASYA SERDAR ZEREN \u0130LKOKULU 1. SINIF \u00d6\u011eRENC\u0130LER\u0130 B\u0130R\u0130KT\u0130RD\u0130KLER\u0130 HAR\u00c7LIKLARIYLA \u0130HT\u0130YA\u00c7 SAH\u0130PLER\u0130 \u0130\u00c7\u0130N RAMAZAN PAKET\u0130 HAZIRLADI. \u201cB\u0130R SOFRA DA SEN KUR\u201d PROJES\u0130YLE \u00d6\u011eRENC\u0130LERE YARDIMLA\u015eMA, DAYANI\u015eMA G\u0130B\u0130 DUYGULAR KAZANDIRILIRKEN, 34 \u00d6\u011eRENC\u0130 B\u0130RER RAMAZAN KOL\u0130S\u0130 OLU\u015eTURARAK TOPLAM 34 RAMAZAN KOL\u0130S\u0130N\u0130 \u0130HT\u0130YA\u00c7 SAH\u0130PLER\u0130NE DA\u011eITACAK.<\/p>\n","protected":false},"author":1,"featured_media":158301,"comment_status":"closed","ping_status":"open","sticky":false,"template":"","format":"standard","meta":{"jetpack_post_was_ever_published":false,"_jetpack_newsletter_access":"","_jetpack_dont_email_post_to_subs":false,"_jetpack_newsletter_tier_id":0,"_jetpack_memberships_contains_paywalled_content":false,"_jetpack_memberships_contains_paid_content":false,"footnotes":"","jetpack_publicize_message":"","jetpack_publicize_feature_enabled":true,"jetpack_social_post_already_shared":true,"jetpack_social_options":{"image_generator_settings":{"template":"highway","default_image_id":0,"font":"","enabled":false},"version":2}},"categories":[1],"tags":[15598,15840,31654,2786,28330],"class_list":["post-158300","post","type-post","status-publish","format-standard","has-post-thumbnail","hentry","category-genel","tag-harcliklariyla","tag-hazirladi","tag-kolisi","tag-minikler","tag-ramazan"],"jetpack_publicize_connections":[],"jetpack_featured_media_url":"https:\/\/i0.wp.com\/www.tvturk.com\/wp-content\/uploads\/2019\/05\/minikler-harcliklariyla-ramazan-kolisi-hazirladi_5b7f368.jpg?fit=1000%2C666","jetpack_sharing_enabled":true,"jetpack_shortlink":"https:\/\/wp.me\/paKIfm-Fbe","_links":{"self":[{"href":"http:\/\/www.tvturk.com\/index.php\/wp-json\/wp\/v2\/posts\/158300","targetHints":{"allow":["GET"]}}],"collection":[{"href":"http:\/\/www.tvturk.com\/index.php\/wp-json\/wp\/v2\/posts"}],"about":[{"href":"http:\/\/www.tvturk.com\/index.php\/wp-json\/wp\/v2\/types\/post"}],"author":[{"embeddable":true,"href":"http:\/\/www.tvturk.com\/index.php\/wp-json\/wp\/v2\/users\/1"}],"replies":[{"embeddable":true,"href":"http:\/\/www.tvturk.com\/index.php\/wp-json\/wp\/v2\/comments?post=158300"}],"version-history":[{"count":0,"href":"http:\/\/www.tvturk.com\/index.php\/wp-json\/wp\/v2\/posts\/158300\/revisions"}],"wp:featuredmedia":[{"embeddable":true,"href":"http:\/\/www.tvturk.com\/index.php\/wp-json\/wp\/v2\/media\/158301"}],"wp:attachment":[{"href":"http:\/\/www.tvturk.com\/index.php\/wp-json\/wp\/v2\/media?parent=158300"}],"wp:term":[{"taxonomy":"category","embeddable":true,"href":"http:\/\/www.tvturk.com\/index.php\/wp-json\/wp\/v2\/categories?post=158300"},{"taxonomy":"post_tag","embeddable":true,"href":"http:\/\/www.tvturk.com\/index.php\/wp-json\/wp\/v2\/tags?post=158300"}],"curies":[{"name":"wp","href":"https:\/\/api.w.org\/{rel}","templated":true}]}}