{"id":158304,"date":"2019-05-17T12:55:17","date_gmt":"2019-05-17T09:55:17","guid":{"rendered":"http:\/\/www.tvturk.com\/index.php\/kayip-gazeteciyi-bulmak-icin-her-fikir-tartisiliyor\/"},"modified":"2019-05-17T12:55:17","modified_gmt":"2019-05-17T09:55:17","slug":"kayip-gazeteciyi-bulmak-icin-her-fikir-tartisiliyor","status":"publish","type":"post","link":"http:\/\/www.tvturk.com\/index.php\/kayip-gazeteciyi-bulmak-icin-her-fikir-tartisiliyor\/","title":{"rendered":"Kay\u0131p gazeteciyi bulmak i\u00e7in her fikir tart\u0131\u015f\u0131l\u0131yor"},"content":{"rendered":"<p>Bayburt-Trabzon il s\u0131n\u0131r\u0131nda y\u00fcr\u00fct\u00fclen yol a\u00e7ma \u00e7al\u0131\u015fmalar\u0131n\u0131 takip ederken 8 g\u00fcn \u00f6nce \u00fczerine \u00e7\u0131kt\u0131\u011f\u0131 kar k\u00fctlesi ile birlikte u\u00e7urumdan d\u00fc\u015fen Anadolu Ajans\u0131 Muhabiri Abd\u00fclkadir Ni\u015fanc\u0131\u2019y\u0131 arama \u00e7al\u0131\u015fmalar\u0131 Dereba\u015f\u0131 Deresi\u2019nde s\u00fcr\u00fcyor. Ekipler \u00e7al\u0131\u015fmalar kapsam\u0131nda her fikri tart\u0131\u015f\u0131rken, son olarak kay\u0131p gazetecinin d\u00fc\u015ft\u00fc\u011f\u00fc yerden ayn\u0131 a\u011f\u0131rl\u0131kta bir insan maketinin u\u00e7uruma at\u0131lmas\u0131 halinde \u015felale ile birlikte nereye kadar gidece\u011fi ara\u015ft\u0131r\u0131lacak.<\/p>\n<p>Trabzon-Bayburt s\u0131n\u0131r\u0131ndaki d\u00fcnyan\u0131n en tehlikeli virajlar\u0131 aras\u0131nda g\u00f6sterilen 3 bin 500 rak\u0131ml\u0131 So\u011fanl\u0131 Da\u011f\u0131\u2019nda kar nedeniyle kapal\u0131 Dereba\u015f\u0131 virajlar\u0131ndaki yol a\u00e7ma \u00e7al\u0131\u015fmas\u0131n\u0131 10 May\u0131s g\u00fcn\u00fc haber yapmak i\u00e7in giden  Abd\u00fclkadir Ni\u015fanc\u0131, \u00fczerine \u00e7\u0131kt\u0131\u011f\u0131 kar k\u00fctlesinin yama\u00e7tan a\u015fa\u011f\u0131ya kaymas\u0131 ile birlikte u\u00e7uruma d\u00fc\u015ft\u00fc. U\u00e7uruma d\u00fc\u015fen Ni\u015fanc\u0131\u2019y\u0131 bulmak i\u00e7in 8 g\u00fcnd\u00fcr s\u00fcrd\u00fcr\u00fclen \u00e7al\u0131\u015fmalarda \u015fuana kadar kameras\u0131, foto\u011fraf makinesi ve dere kenar\u0131nda ayakkab\u0131s\u0131na ula\u015f\u0131ld\u0131. Abd\u00fclkadir Ni\u015fanc\u0131\u2019y\u0131 bulmak i\u00e7in Rize, G\u00fcm\u00fc\u015fhane, Bayburt ve Trabzon AFAD, Jandarma Arama Kurtarma (JAK), UMKE ve AKUT ekipleri ile Jandarma Komando \u00d6zel Asayi\u015f Komutanl\u0131\u011f\u0131\u2019na ba\u011fl\u0131 su alt\u0131 arama kurtarma timleri 8 g\u00fcnd\u00fcr derelerde, derin vadilerde, \u015felalelerde, g\u00f6letlerde arama \u00e7al\u0131\u015fmas\u0131 y\u00fcr\u00fct\u00fcyor.<\/p>\n<p>Bu \u00e7al\u0131\u015fmalar\u0131n yan\u0131 s\u0131ra \u0130stanbul Su ve Kanalizasyon \u0130daresi (\u0130SK\u0130), Devlet Su \u0130\u015fleri (DS\u0130), Bayburt \u0130l \u00d6zel \u0130daresi ve Karayollar\u0131 ekipleri de Dereba\u015f\u0131 Deresi\u2019ne su ta\u015f\u0131yan iki derenin \u00f6n\u00fcne bent \u00e7ekerek suyu ba\u015fka bir dere yata\u011f\u0131na borular i\u00e7erisinde motorlarla pompalay\u0131p Dereba\u015f\u0131 Deresi\u2019nin ve d\u00fc\u015ft\u00fc\u011f\u00fc yerdeki \u015felalenin debisini d\u00fc\u015f\u00fcrmeye \u00e7al\u0131\u015f\u0131yor. Ekipler, t\u00fcm olumsuzluklara, do\u011fa \u015fartlar\u0131na, eriyen kar sular\u0131 ile birlikte artan derenin debisine ra\u011fmen arama tarama \u00e7al\u0131\u015fmalar\u0131na devam ediyor.<\/p>\n<p>\u00d6te yandan ekipler, arama \u00e7al\u0131\u015fmalar\u0131 kapsam\u0131nda kay\u0131p gazetecinin d\u00fc\u015fmesini ayn\u0131 a\u011f\u0131rl\u0131ktaki bir insan maketi ile canland\u0131rmay\u0131 planl\u0131yor. Bu \u00e7al\u0131\u015fma ile ekipler, ayn\u0131 yerden ayn\u0131 a\u011f\u0131rl\u0131kta bir insan maketini u\u00e7uruma atarak \u015felale ve suyla ile birlikte nereye kadar gidece\u011fini g\u00f6rmeyi hedefliyor. Bu do\u011frultuda yeni bir \u00e7al\u0131\u015fma yap\u0131lmas\u0131 tart\u0131\u015f\u0131l\u0131yor.<\/p>\n","protected":false},"excerpt":{"rendered":"<p>EK\u0130PLER \u00c7ALI\u015eMALAR KAPSAMINDA HER F\u0130KR\u0130 TARTI\u015eIRKEN, SON OLARAK KAYIP GAZETEC\u0130N\u0130N D\u00dc\u015eT\u00dc\u011e\u00dc YERDEN AYNI A\u011eIRLIKTA B\u0130R \u0130NSAN MAKET\u0130N\u0130N U\u00c7URUMA ATILMASI HAL\u0130NDE \u015eELALE \u0130LE B\u0130RL\u0130KTE NEREYE KADAR G\u0130DECE\u011e\u0130 ARA\u015eTIRILACAK.<\/p>\n","protected":false},"author":1,"featured_media":158305,"comment_status":"closed","ping_status":"open","sticky":false,"template":"","format":"standard","meta":{"jetpack_post_was_ever_published":false,"_jetpack_newsletter_access":"","_jetpack_dont_email_post_to_subs":false,"_jetpack_newsletter_tier_id":0,"_jetpack_memberships_contains_paywalled_content":false,"_jetpack_memberships_contains_paid_content":false,"footnotes":"","jetpack_publicize_message":"","jetpack_publicize_feature_enabled":true,"jetpack_social_post_already_shared":true,"jetpack_social_options":{"image_generator_settings":{"template":"highway","default_image_id":0,"font":"","enabled":false},"version":2}},"categories":[1],"tags":[31369,32169,21815,73,44,952,36883],"class_list":["post-158304","post","type-post","status-publish","format-standard","has-post-thumbnail","hentry","category-genel","tag-bulmak","tag-fikir","tag-gazeteciyi","tag-her","tag-icin","tag-kayip","tag-tartisiliyor"],"jetpack_publicize_connections":[],"jetpack_featured_media_url":"https:\/\/i0.wp.com\/www.tvturk.com\/wp-content\/uploads\/2019\/05\/kayip-gazeteciyi-bulmak-icin-her-fikir-tartisiliyor_86134b6.jpg?fit=1000%2C561","jetpack_sharing_enabled":true,"jetpack_shortlink":"https:\/\/wp.me\/paKIfm-Fbi","_links":{"self":[{"href":"http:\/\/www.tvturk.com\/index.php\/wp-json\/wp\/v2\/posts\/158304","targetHints":{"allow":["GET"]}}],"collection":[{"href":"http:\/\/www.tvturk.com\/index.php\/wp-json\/wp\/v2\/posts"}],"about":[{"href":"http:\/\/www.tvturk.com\/index.php\/wp-json\/wp\/v2\/types\/post"}],"author":[{"embeddable":true,"href":"http:\/\/www.tvturk.com\/index.php\/wp-json\/wp\/v2\/users\/1"}],"replies":[{"embeddable":true,"href":"http:\/\/www.tvturk.com\/index.php\/wp-json\/wp\/v2\/comments?post=158304"}],"version-history":[{"count":0,"href":"http:\/\/www.tvturk.com\/index.php\/wp-json\/wp\/v2\/posts\/158304\/revisions"}],"wp:featuredmedia":[{"embeddable":true,"href":"http:\/\/www.tvturk.com\/index.php\/wp-json\/wp\/v2\/media\/158305"}],"wp:attachment":[{"href":"http:\/\/www.tvturk.com\/index.php\/wp-json\/wp\/v2\/media?parent=158304"}],"wp:term":[{"taxonomy":"category","embeddable":true,"href":"http:\/\/www.tvturk.com\/index.php\/wp-json\/wp\/v2\/categories?post=158304"},{"taxonomy":"post_tag","embeddable":true,"href":"http:\/\/www.tvturk.com\/index.php\/wp-json\/wp\/v2\/tags?post=158304"}],"curies":[{"name":"wp","href":"https:\/\/api.w.org\/{rel}","templated":true}]}}