{"id":158368,"date":"2019-05-17T14:33:12","date_gmt":"2019-05-17T11:33:12","guid":{"rendered":"http:\/\/www.tvturk.com\/index.php\/turk-egitim-sen-genel-baskani-geylan-yonetici-atama-takvimi-ile-ilgili-magduriyetlere-izin-verilmemelidir\/"},"modified":"2019-05-17T14:33:12","modified_gmt":"2019-05-17T11:33:12","slug":"turk-egitim-sen-genel-baskani-geylan-yonetici-atama-takvimi-ile-ilgili-magduriyetlere-izin-verilmemelidir","status":"publish","type":"post","link":"http:\/\/www.tvturk.com\/index.php\/turk-egitim-sen-genel-baskani-geylan-yonetici-atama-takvimi-ile-ilgili-magduriyetlere-izin-verilmemelidir\/","title":{"rendered":"T\u00fcrk E\u011fitim-Sen Genel Ba\u015fkan\u0131 Geylan: \u201cY\u00f6netici atama takvimi ile ilgili ma\u011fduriyetlere izin verilmemelidir\u201d"},"content":{"rendered":"<p>T\u00fcrk E\u011fitim-Sen Genel Ba\u015fkan\u0131 Talip Geylan, 27 Haziran tarihinde a\u00e7\u0131klanacak olan yeniden y\u00f6netici g\u00f6revlendirme tercihleri sonucu yerle\u015femeyen ve bo\u015fta kalan idarecilerin il i\u00e7i ve iller aras\u0131 yer de\u011fi\u015fikli\u011fini ka\u00e7\u0131raca\u011f\u0131n\u0131 ve ma\u011fduriyet ya\u015fayacaklar\u0131n\u0131 belirterek, &#8220;Ma\u011fduriyetlere izin verilmemelidir\u201d dedi.<\/p>\n<p>T\u00fcrk E\u011fitim-Sen Genel Ba\u015fkan\u0131 Geylan, y\u00f6netici atama takvimi ile ilgili yapt\u0131\u011f\u0131 a\u00e7\u0131klamada, \u201cY\u00f6netici atama takvimi ile ilgili olarak \u00e7al\u0131\u015fanlar ve hatta \u00f6\u011frencilerimiz ve kurumlar\u0131m\u0131z a\u00e7\u0131s\u0131ndan ma\u011fduriyet olu\u015fturacak iki hususun g\u00f6zden ka\u00e7\u0131r\u0131lmamas\u0131 ve bunlarla alakal\u0131 MEB\u2019in bir tedbir geli\u015ftirmesi, s\u00fcrecin s\u0131hhati a\u00e7\u0131s\u0131ndan faydal\u0131 olacakt\u0131r. \u015e\u00f6yle ki bilindi\u011fi \u00fczere MEB 2019  y\u0131l\u0131 \u00f6\u011fretmen atama takvimi yay\u0131nland\u0131. Buna g\u00f6re il i\u00e7i yer de\u011fi\u015ftirme ba\u015fvurular\u0131 21-24 May\u0131s tarihleri aras\u0131nda; iller aras\u0131 yer de\u011fi\u015fikli\u011fi ba\u015fvurular\u0131 da 10-14 Haziran tarihleri aras\u0131nda ger\u00e7ekle\u015ftirilecek. \u015eu halde (27 Haziran\u2019da a\u00e7\u0131klanacak) yeniden y\u00f6netici g\u00f6revlendirme tercihleri sonucu yerle\u015femeyen ve bo\u015fta kalan idareciler, il i\u00e7i ve iller aras\u0131 yer de\u011fi\u015fikli\u011fini ka\u00e7\u0131racaklar\u0131ndan dolay\u0131 ma\u011fduriyet ya\u015fayacaklar. Di\u011fer yandan, y\u00f6neticili\u011fe ilk defa atanacaklar\u0131n g\u00f6revlendirmeleri 23-27 Eyl\u00fcl tarihinde yap\u0131lacak. 1 Eyl\u00fcl tarihinde yeni e\u011fitim \u00f6\u011fretim y\u0131l\u0131n\u0131n ba\u015flamas\u0131 hasebiyle e\u011fitim \u00e7al\u0131\u015fanlar\u0131 okullarda bulunacak ve 9 Eyl\u00fcl\u2019de de \u00f6\u011frencilerimiz s\u0131n\u0131flar\u0131nda yerlerini alacak. Yakla\u015f\u0131k bir ay sonra ise okul idarecisi atanm\u0131\u015f olacak. Bu durumun kurumlar\u0131m\u0131z\u0131n i\u015fleyi\u015fi ve disiplini a\u00e7\u0131s\u0131ndan zafiyet olu\u015fturabilece\u011fi kayg\u0131s\u0131n\u0131 g\u00f6zden ka\u00e7\u0131rmamak laz\u0131m. Bu konularda Bakanl\u0131\u011f\u0131n gerekli ad\u0131mlar\u0131 atmas\u0131n\u0131 bekliyor ve istiyoruz\u201d dedi.<\/p>\n","protected":false},"excerpt":{"rendered":"<p>T\u00dcRK E\u011e\u0130T\u0130M-SEN GENEL BA\u015eKANI TAL\u0130P GEYLAN, 27 HAZ\u0130RAN TAR\u0130H\u0130NDE A\u00c7IKLANACAK OLAN YEN\u0130DEN Y\u00d6NET\u0130C\u0130 G\u00d6REVLEND\u0130RME TERC\u0130HLER\u0130 SONUCU YERLE\u015eEMEYEN VE BO\u015eTA KALAN \u0130DAREC\u0130LER\u0130N, \u0130L \u0130\u00c7\u0130 VE \u0130LLER ARASI YER DE\u011e\u0130\u015e\u0130KL\u0130\u011e\u0130N\u0130 KA\u00c7IRACA\u011eINI VE MA\u011eDUR\u0130YET YA\u015eAYACAKLARINI S\u00d6YLED\u0130.<\/p>\n","protected":false},"author":1,"featured_media":158369,"comment_status":"closed","ping_status":"open","sticky":false,"template":"","format":"standard","meta":{"jetpack_post_was_ever_published":false,"_jetpack_newsletter_access":"","_jetpack_dont_email_post_to_subs":false,"_jetpack_newsletter_tier_id":0,"_jetpack_memberships_contains_paywalled_content":false,"_jetpack_memberships_contains_paid_content":false,"footnotes":"","jetpack_publicize_message":"","jetpack_publicize_feature_enabled":true,"jetpack_social_post_already_shared":true,"jetpack_social_options":{"image_generator_settings":{"template":"highway","default_image_id":0,"font":"","enabled":false},"version":2}},"categories":[1],"tags":[2539,216,18070,869,18787,192,3012,2840,36906,3182,957,36907,8514],"class_list":["post-158368","post","type-post","status-publish","format-standard","has-post-thumbnail","hentry","category-genel","tag-atama","tag-baskani","tag-egitim-sen","tag-genel","tag-geylan","tag-ile","tag-ilgili","tag-izin","tag-magduriyetlere","tag-takvimi","tag-turk","tag-verilmemelidir","tag-yonetici"],"jetpack_publicize_connections":[],"jetpack_featured_media_url":"https:\/\/i0.wp.com\/www.tvturk.com\/wp-content\/uploads\/2019\/05\/turk-egitim-sen-genel-baskani-geylan-yonetici-atama-takvimi-ile-ilgili-magduriyetlere-izin-verilmemelidir_6fbb107.jpg?fit=1000%2C667","jetpack_sharing_enabled":true,"jetpack_shortlink":"https:\/\/wp.me\/paKIfm-Fck","_links":{"self":[{"href":"http:\/\/www.tvturk.com\/index.php\/wp-json\/wp\/v2\/posts\/158368","targetHints":{"allow":["GET"]}}],"collection":[{"href":"http:\/\/www.tvturk.com\/index.php\/wp-json\/wp\/v2\/posts"}],"about":[{"href":"http:\/\/www.tvturk.com\/index.php\/wp-json\/wp\/v2\/types\/post"}],"author":[{"embeddable":true,"href":"http:\/\/www.tvturk.com\/index.php\/wp-json\/wp\/v2\/users\/1"}],"replies":[{"embeddable":true,"href":"http:\/\/www.tvturk.com\/index.php\/wp-json\/wp\/v2\/comments?post=158368"}],"version-history":[{"count":0,"href":"http:\/\/www.tvturk.com\/index.php\/wp-json\/wp\/v2\/posts\/158368\/revisions"}],"wp:featuredmedia":[{"embeddable":true,"href":"http:\/\/www.tvturk.com\/index.php\/wp-json\/wp\/v2\/media\/158369"}],"wp:attachment":[{"href":"http:\/\/www.tvturk.com\/index.php\/wp-json\/wp\/v2\/media?parent=158368"}],"wp:term":[{"taxonomy":"category","embeddable":true,"href":"http:\/\/www.tvturk.com\/index.php\/wp-json\/wp\/v2\/categories?post=158368"},{"taxonomy":"post_tag","embeddable":true,"href":"http:\/\/www.tvturk.com\/index.php\/wp-json\/wp\/v2\/tags?post=158368"}],"curies":[{"name":"wp","href":"https:\/\/api.w.org\/{rel}","templated":true}]}}