{"id":158390,"date":"2019-05-17T15:15:20","date_gmt":"2019-05-17T12:15:20","guid":{"rendered":"http:\/\/www.tvturk.com\/index.php\/ulku-ocaklari-19-mayisi-samsunda-kutlayacak\/"},"modified":"2019-05-17T15:15:20","modified_gmt":"2019-05-17T12:15:20","slug":"ulku-ocaklari-19-mayisi-samsunda-kutlayacak","status":"publish","type":"post","link":"http:\/\/www.tvturk.com\/index.php\/ulku-ocaklari-19-mayisi-samsunda-kutlayacak\/","title":{"rendered":"\u00dclk\u00fc Ocaklar\u0131 19 May\u0131s\u2019\u0131 Samsun\u2019da kutlayacak"},"content":{"rendered":"<p>\u00dclk\u00fc Ocaklar\u0131 E\u011fitim ve K\u00fclt\u00fcr Vakf\u0131, Milli M\u00fccadelenin ba\u015flamas\u0131n\u0131n ve Gazi Mustafa Kemal Atat\u00fcrk\u2019\u00fcn Samsun\u2019a \u00e7\u0131k\u0131\u015f\u0131n\u0131n 100. y\u0131l\u0131n\u0131 d\u00fczenledi\u011fi etkinliklerle kutlayacak. \u00dclk\u00fc Ocaklar\u0131 taraf\u0131ndan organize edilen ve iki g\u00fcn s\u00fcrecek olan &#8220;1. Uluslararas\u0131 Gen\u00e7lik Kongresi ve B\u00fcy\u00fck \u015e\u00f6leni\u201d 18-19 May\u0131s 2019 tarihlerinde Samsun\u2019da ger\u00e7ekle\u015ftirilecek.<\/p>\n<p>2 g\u00fcn boyunca s\u00fcrecek olan Gen\u00e7lik Kongresi de\u011ferlendirme oturumu ile beraber toplamda 5 oturumdan olu\u015facak. 48 bildirinin tam metninin sunulaca\u011f\u0131 oturumlar e\u015f zamanl\u0131 olarak 3 salonda ger\u00e7ekle\u015fecektir. 19 May\u0131s 21.00\u2019da ise Da\u011f\u0131stanl\u0131 Spor Salonu konser alan\u0131nda \u015f\u00f6len yap\u0131lacakt\u0131r. 19 May\u0131s tarihinde d\u00fczenlenecek \u015f\u00f6lende Atilla Y\u0131lmaz, OTA\u011e T\u00fcrk D\u00fcnyas\u0131 M\u00fczik ve Dans Toplulu\u011fu  sahne alacakt\u0131r.<\/p>\n<p>\u00dclk\u00fc Ocaklar\u0131 Genel Ba\u015fkan\u0131 Sinan Ate\u015f, \u201cMilli M\u00fccadelenin 100\u2019nc\u00fc y\u0131l\u0131n\u0131 kutlad\u0131\u011f\u0131m\u0131z bu \u00f6nemli g\u00fcnlere ba\u015fta gen\u00e7lerimiz olmak \u00fczere t\u00fcm vatanda\u015flar\u0131m\u0131z\u0131 Kongre ve \u015e\u00f6lenimize davet ediyorum\u201d \u00e7a\u011fr\u0131s\u0131yla vatanda\u015flar\u0131 Samsun\u2019a davet etti.<\/p>\n","protected":false},"excerpt":{"rendered":"<p>\u00dcLK\u00dc OCAKLARI E\u011e\u0130T\u0130M VE K\u00dcLT\u00dcR VAKFI, M\u0130LL\u0130 M\u00dcCADELEN\u0130N BA\u015eLAMASININ VE GAZ\u0130 MUSTAFA KEMAL ATAT\u00dcRK&#8217;\u00dcN SAMSUN\u2019A \u00c7IKI\u015eININ 100. YILINI D\u00dcZENLED\u0130\u011e\u0130 ETK\u0130NL\u0130KLERLE KUTLAYACAK. \u00dcLK\u00dc OCAKLARI TARAFINDAN ORGAN\u0130ZE ED\u0130LEN VE \u0130K\u0130 G\u00dcN S\u00dcRECEK OLAN &#8220;1. ULUSLARARASI GEN\u00c7L\u0130K KONGRES\u0130 VE B\u00dcY\u00dcK \u015e\u00d6LEN\u0130\u201d  18-19 MAYIS 2019 TAR\u0130HLER\u0130NDE SAMSUN\u2019DA GER\u00c7EKLE\u015eT\u0130R\u0130LECEK.<\/p>\n","protected":false},"author":1,"featured_media":158391,"comment_status":"closed","ping_status":"open","sticky":false,"template":"","format":"standard","meta":{"jetpack_post_was_ever_published":false,"_jetpack_newsletter_access":"","_jetpack_dont_email_post_to_subs":false,"_jetpack_newsletter_tier_id":0,"_jetpack_memberships_contains_paywalled_content":false,"_jetpack_memberships_contains_paid_content":false,"footnotes":"","jetpack_publicize_message":"","jetpack_publicize_feature_enabled":true,"jetpack_social_post_already_shared":true,"jetpack_social_options":{"image_generator_settings":{"template":"highway","default_image_id":0,"font":"","enabled":false},"version":2}},"categories":[1],"tags":[33683,33596,6332,1862,9985],"class_list":["post-158390","post","type-post","status-publish","format-standard","has-post-thumbnail","hentry","category-genel","tag-kutlayacak","tag-mayisi","tag-ocaklari","tag-samsunda","tag-ulku"],"jetpack_publicize_connections":[],"jetpack_featured_media_url":"https:\/\/i0.wp.com\/www.tvturk.com\/wp-content\/uploads\/2019\/05\/ulku-ocaklari-19-mayisi-samsunda-kutlayacak_e6abb3e.jpg?fit=1000%2C750","jetpack_sharing_enabled":true,"jetpack_shortlink":"https:\/\/wp.me\/paKIfm-FcG","_links":{"self":[{"href":"http:\/\/www.tvturk.com\/index.php\/wp-json\/wp\/v2\/posts\/158390","targetHints":{"allow":["GET"]}}],"collection":[{"href":"http:\/\/www.tvturk.com\/index.php\/wp-json\/wp\/v2\/posts"}],"about":[{"href":"http:\/\/www.tvturk.com\/index.php\/wp-json\/wp\/v2\/types\/post"}],"author":[{"embeddable":true,"href":"http:\/\/www.tvturk.com\/index.php\/wp-json\/wp\/v2\/users\/1"}],"replies":[{"embeddable":true,"href":"http:\/\/www.tvturk.com\/index.php\/wp-json\/wp\/v2\/comments?post=158390"}],"version-history":[{"count":0,"href":"http:\/\/www.tvturk.com\/index.php\/wp-json\/wp\/v2\/posts\/158390\/revisions"}],"wp:featuredmedia":[{"embeddable":true,"href":"http:\/\/www.tvturk.com\/index.php\/wp-json\/wp\/v2\/media\/158391"}],"wp:attachment":[{"href":"http:\/\/www.tvturk.com\/index.php\/wp-json\/wp\/v2\/media?parent=158390"}],"wp:term":[{"taxonomy":"category","embeddable":true,"href":"http:\/\/www.tvturk.com\/index.php\/wp-json\/wp\/v2\/categories?post=158390"},{"taxonomy":"post_tag","embeddable":true,"href":"http:\/\/www.tvturk.com\/index.php\/wp-json\/wp\/v2\/tags?post=158390"}],"curies":[{"name":"wp","href":"https:\/\/api.w.org\/{rel}","templated":true}]}}