{"id":158452,"date":"2019-05-17T17:04:58","date_gmt":"2019-05-17T14:04:58","guid":{"rendered":"http:\/\/www.tvturk.com\/index.php\/ukrayna-disisleri-bakani-klimkin-istifa-etti\/"},"modified":"2019-05-17T17:04:58","modified_gmt":"2019-05-17T14:04:58","slug":"ukrayna-disisleri-bakani-klimkin-istifa-etti","status":"publish","type":"post","link":"http:\/\/www.tvturk.com\/index.php\/ukrayna-disisleri-bakani-klimkin-istifa-etti\/","title":{"rendered":"Ukrayna D\u0131\u015fi\u015fleri Bakan\u0131 Klimkin istifa etti"},"content":{"rendered":"<p>Ukrayna D\u0131\u015fi\u015fleri Bakan\u0131 Pavlo Klimkin, istifa etti\u011fini a\u00e7\u0131klad\u0131.<\/p>\n<p>Haziran 2014\u2019ten bu yana Ukrayna D\u0131\u015fi\u015fleri Bakan\u0131 olarak g\u00f6rev yapan Pavlo Klimkin istifa etti. Klimkin yapt\u0131\u011f\u0131 a\u00e7\u0131klamada, \u201cS\u00f6z verdi\u011fim gibi istifa mektubumu haz\u0131rlad\u0131m\u201d dedi.<\/p>\n<p>Klimkin, 20 May\u0131s\u2019ta yemin ederek g\u00f6revine ba\u015flayacak ve yeni kabineyi olu\u015fturacak olan Vladimir Zelenskiy\u2019e mektubu sunaca\u011f\u0131n\u0131 a\u00e7\u0131klad\u0131. Siyaseti b\u0131rakmayaca\u011f\u0131n\u0131 s\u00f6yleyen Klimkin, \u201cUkraynal\u0131lar\u0131n ne istedi\u011fini anl\u0131yorum ayr\u0131ca d\u00fcnyan\u0131n bizden ne bekledi\u011fini de biliyorum. \u00c7ok fazla farkl\u0131 fikrim var ve bunlar\u0131 hayata ge\u00e7irmeyi umuyorum\u201d \u015feklinde konu\u015ftu.<\/p>\n","protected":false},"excerpt":{"rendered":"<p>UKRAYNA DI\u015e\u0130\u015eLER\u0130 BAKANI PAVLO KL\u0130MK\u0130N, \u0130ST\u0130FA ETT\u0130\u011e\u0130N\u0130 A\u00c7IKLADI.<\/p>\n","protected":false},"author":1,"featured_media":158453,"comment_status":"closed","ping_status":"open","sticky":false,"template":"","format":"standard","meta":{"jetpack_post_was_ever_published":false,"_jetpack_newsletter_access":"","_jetpack_dont_email_post_to_subs":false,"_jetpack_newsletter_tier_id":0,"_jetpack_memberships_contains_paywalled_content":false,"_jetpack_memberships_contains_paid_content":false,"footnotes":"","jetpack_publicize_message":"","jetpack_publicize_feature_enabled":true,"jetpack_social_post_already_shared":true,"jetpack_social_options":{"image_generator_settings":{"template":"highway","default_image_id":0,"font":"","enabled":false},"version":2}},"categories":[10],"tags":[933,1498,207,31,36934,2936],"class_list":["post-158452","post","type-post","status-publish","format-standard","has-post-thumbnail","hentry","category-dunya","tag-bakani","tag-disisleri","tag-etti","tag-istifa","tag-klimkin","tag-ukrayna"],"jetpack_publicize_connections":[],"jetpack_featured_media_url":"https:\/\/i0.wp.com\/www.tvturk.com\/wp-content\/uploads\/2019\/05\/ukrayna-disisleri-bakani-klimkin-istifa-etti_939d674.jpg?fit=1000%2C665","jetpack_sharing_enabled":true,"jetpack_shortlink":"https:\/\/wp.me\/paKIfm-FdG","_links":{"self":[{"href":"http:\/\/www.tvturk.com\/index.php\/wp-json\/wp\/v2\/posts\/158452","targetHints":{"allow":["GET"]}}],"collection":[{"href":"http:\/\/www.tvturk.com\/index.php\/wp-json\/wp\/v2\/posts"}],"about":[{"href":"http:\/\/www.tvturk.com\/index.php\/wp-json\/wp\/v2\/types\/post"}],"author":[{"embeddable":true,"href":"http:\/\/www.tvturk.com\/index.php\/wp-json\/wp\/v2\/users\/1"}],"replies":[{"embeddable":true,"href":"http:\/\/www.tvturk.com\/index.php\/wp-json\/wp\/v2\/comments?post=158452"}],"version-history":[{"count":0,"href":"http:\/\/www.tvturk.com\/index.php\/wp-json\/wp\/v2\/posts\/158452\/revisions"}],"wp:featuredmedia":[{"embeddable":true,"href":"http:\/\/www.tvturk.com\/index.php\/wp-json\/wp\/v2\/media\/158453"}],"wp:attachment":[{"href":"http:\/\/www.tvturk.com\/index.php\/wp-json\/wp\/v2\/media?parent=158452"}],"wp:term":[{"taxonomy":"category","embeddable":true,"href":"http:\/\/www.tvturk.com\/index.php\/wp-json\/wp\/v2\/categories?post=158452"},{"taxonomy":"post_tag","embeddable":true,"href":"http:\/\/www.tvturk.com\/index.php\/wp-json\/wp\/v2\/tags?post=158452"}],"curies":[{"name":"wp","href":"https:\/\/api.w.org\/{rel}","templated":true}]}}