{"id":15851,"date":"2019-02-09T15:38:51","date_gmt":"2019-02-09T12:38:51","guid":{"rendered":"http:\/\/www.tvturk.com\/index.php\/yalcin-mentesin-cenaze-namazinda-sevenleri-gozyasi-doktu\/"},"modified":"2019-02-09T15:38:55","modified_gmt":"2019-02-09T12:38:55","slug":"yalcin-mentesin-cenaze-namazinda-sevenleri-gozyasi-doktu","status":"publish","type":"post","link":"http:\/\/www.tvturk.com\/index.php\/yalcin-mentesin-cenaze-namazinda-sevenleri-gozyasi-doktu\/","title":{"rendered":"Yal\u00e7\u0131n Mente\u015f\u2019in cenaze namaz\u0131nda sevenleri g\u00f6zya\u015f\u0131 d\u00f6kt\u00fc"},"content":{"rendered":"<p>Hayat\u0131n\u0131 kaybeden \u00fcnl\u00fc tiyatrocu Yal\u00e7\u0131n Mente\u015f, k\u0131l\u0131nan cenaze namaz\u0131n\u0131n ard\u0131ndan son yolculu\u011funa u\u011furland\u0131. Mente\u015f\u2019in yak\u0131nlar\u0131n\u0131n ve sanat camias\u0131ndan \u00e7ok say\u0131da ismin kat\u0131ld\u0131\u011f\u0131 cenaze namaz\u0131nda, sevenleri usta tiyatrocu i\u00e7in g\u00f6zya\u015f\u0131 d\u00f6kt\u00fc.<\/p>\n<p>Ge\u00e7ti\u011fimiz g\u00fcn tedavi g\u00f6rd\u00fc\u011f\u00fc hastanede ya\u015fam\u0131n\u0131 yitiren usta tiyatrocu Yal\u00e7\u0131n Mente\u015f i\u00e7in Bostanc\u0131\u2019daki Tatara\u011fa Camii\u2019nde \u00f6\u011fle namaz\u0131n\u0131 m\u00fcteakiben cenaze namaz\u0131 k\u0131l\u0131nd\u0131. Mente\u015f\u2019in cenazesine yak\u0131nlar\u0131, ve sanat camias\u0131ndan \u00e7ok say\u0131da tan\u0131d\u0131k isim kat\u0131ld\u0131. Usta tiyatrocunun cenazesinden sevenleri g\u00f6zya\u015flar\u0131na hakim olamad\u0131.<\/p>\n<p>Cenaze namaz\u0131na kat\u0131lan Hakan Y\u0131lmaz, &#8220;\u00c7ok de\u011ferli bir sanat\u00e7\u0131yd\u0131, son g\u00f6revimizi yapmaya geldik. Allah yak\u0131nlar\u0131na sab\u0131r versin. S\u0131ras\u0131 gelen gidiyor, meslek gruplar\u0131na bakm\u0131yorum ama tabii \u00f6nde olan ki\u015filer ortaya \u00e7\u0131k\u0131yor. Allah rahmet eylesin. Biz 3-4 ayda bir g\u00f6r\u00fc\u015f\u00fcrd\u00fck en k\u00f6t\u00fc telefonla\u015f\u0131rd\u0131k&#8221; dedi.<\/p>\n<p>Cenazeye kat\u0131lan \u00fcnl\u00fc isimlerden biri olan Ebru C\u00fcnd\u00fcbeyo\u011flu, &#8220;\u00c7ok gen\u00e7 ya\u015fta kaybettik, onla \u00e7al\u0131\u015fmak keyifliydi b\u00fcy\u00fck bir zevkti. \u00c7ok ba\u015far\u0131l\u0131 akt\u00f6rd\u00fc, i\u015fini zevk alarak yapard\u0131. Kendisinden feyz al\u0131rd\u0131k. Son g\u00f6revimizi yapmak i\u00e7in buraday\u0131z onu hi\u00e7 unutmayaca\u011f\u0131z&#8221; ifadelerini kulland\u0131.<\/p>\n<p>Cenaze namaz\u0131n\u0131n ard\u0131ndan alk\u0131\u015flarla u\u011furlanan Mente\u015f\u2019in cenazesi, defnedilmek \u00fczere Pendik Yeni \u015eeyhli Mezarl\u0131\u011f\u0131\u2019na g\u00f6t\u00fcr\u00fcld\u00fc.<div class=\"tiled-gallery type-rectangular tiled-gallery-unresized\" data-original-width=\"500\" data-carousel-extra='null' itemscope itemtype=\"http:\/\/schema.org\/ImageGallery\" > <div class=\"gallery-row\" style=\"width: 500px; height: 227px;\" data-original-width=\"500\" data-original-height=\"227\" > <div class=\"gallery-group images-1\" style=\"width: 301px; height: 227px;\" data-original-width=\"301\" data-original-height=\"227\" > <div class=\"tiled-gallery-item tiled-gallery-item-large\" itemprop=\"associatedMedia\" itemscope itemtype=\"http:\/\/schema.org\/ImageObject\"> <a href=\"http:\/\/www.tvturk.com\/index.php\/yalcin-mentesin-cenaze-namazinda-sevenleri-gozyasi-doktu\/yalcin-mentesin-cenaze-namazinda-sevenleri-gozyasi-doktu-3\/\" border=\"0\" itemprop=\"url\"> <meta itemprop=\"width\" content=\"297\"> <meta itemprop=\"height\" content=\"223\"> <img decoding=\"async\" class=\"\" data-attachment-id=\"15853\" data-orig-file=\"http:\/\/www.tvturk.com\/wp-content\/uploads\/2019\/02\/yalcin-mentesin-cenaze-namazinda-sevenleri-gozyasi-doktu_f77ac0e.jpg\" data-orig-size=\"1000,750\" data-comments-opened=\"\" data-image-meta=\"{&quot;aperture&quot;:&quot;0&quot;,&quot;credit&quot;:&quot;IHA&quot;,&quot;camera&quot;:&quot;&quot;,&quot;caption&quot;:&quot;HAYATINI KAYBEDEN \\u00dcNL\\u00dc T\\u0130YATROCU YAL\\u00c7IN MENTE\\u015e, KILINAN CENAZE NAMAZININ ARDINDAN SON YOLCULU\\u011eUNA U\\u011eURLANDI. MENTE\\u015e\\u2019\\u0130N YAKINLARININ VE SANAT CAM\\u0130ASINDAN \\u00c7OK SAYIDA \\u0130SM\\u0130N KATILDI\\u011eI CENAZE NAMAZINDA, SEVENLER\\u0130 USTA T\\u0130YATROCU \\u0130\\u00c7\\u0130N G\\u00d6ZYA\\u015eI D\\u00d6KT\\u00dc. (CANER EVYAPAN - ZEK\\u0130 \\u0130PEK\\\/\\u0130STANBUL-\\u0130HA)&quot;,&quot;created_timestamp&quot;:&quot;0&quot;,&quot;copyright&quot;:&quot;\\u0130HLAS HABER AJANSI, www.iha.com.tr&quot;,&quot;focal_length&quot;:&quot;0&quot;,&quot;iso&quot;:&quot;0&quot;,&quot;shutter_speed&quot;:&quot;0&quot;,&quot;title&quot;:&quot;YAL\\u00c7IN MENTE\\u015e\\u2019\\u0130N CENAZE NAMAZINDA SEVENLER\\u0130 G\\u00d6ZYA\\u015eI D\\u00d6KT\\u00dc OYUNCU HAKAN YILMAZ: \\u0022SIRASI GELEN G\\u0130D\\u0130YOR\\u0022&quot;,&quot;orientation&quot;:&quot;0&quot;}\" data-image-title=\"Yal\u00e7\u0131n Mente\u015f\u2019in cenaze namaz\u0131nda sevenleri g\u00f6zya\u015f\u0131 d\u00f6kt\u00fc\" data-image-description=\"&lt;p&gt;Yal\u00e7\u0131n Mente\u015f\u2019in cenaze namaz\u0131nda sevenleri g\u00f6zya\u015f\u0131 d\u00f6kt\u00fc&lt;\/p&gt; \" data-medium-file=\"https:\/\/i0.wp.com\/www.tvturk.com\/wp-content\/uploads\/2019\/02\/yalcin-mentesin-cenaze-namazinda-sevenleri-gozyasi-doktu_f77ac0e.jpg?fit=300%2C225\" data-large-file=\"https:\/\/i0.wp.com\/www.tvturk.com\/wp-content\/uploads\/2019\/02\/yalcin-mentesin-cenaze-namazinda-sevenleri-gozyasi-doktu_f77ac0e.jpg?fit=1000%2C750\" src=\"https:\/\/i0.wp.com\/www.tvturk.com\/wp-content\/uploads\/2019\/02\/yalcin-mentesin-cenaze-namazinda-sevenleri-gozyasi-doktu_f77ac0e.jpg?w=297&#038;h=223\" srcset=\"https:\/\/i0.wp.com\/www.tvturk.com\/wp-content\/uploads\/2019\/02\/yalcin-mentesin-cenaze-namazinda-sevenleri-gozyasi-doktu_f77ac0e.jpg?w=1000 1000w, https:\/\/i0.wp.com\/www.tvturk.com\/wp-content\/uploads\/2019\/02\/yalcin-mentesin-cenaze-namazinda-sevenleri-gozyasi-doktu_f77ac0e.jpg?resize=150%2C113 150w, https:\/\/i0.wp.com\/www.tvturk.com\/wp-content\/uploads\/2019\/02\/yalcin-mentesin-cenaze-namazinda-sevenleri-gozyasi-doktu_f77ac0e.jpg?resize=300%2C225 300w, https:\/\/i0.wp.com\/www.tvturk.com\/wp-content\/uploads\/2019\/02\/yalcin-mentesin-cenaze-namazinda-sevenleri-gozyasi-doktu_f77ac0e.jpg?resize=768%2C576 768w\" width=\"297\" height=\"223\" loading=\"lazy\" data-original-width=\"297\" data-original-height=\"223\" itemprop=\"http:\/\/schema.org\/image\" title=\"Yal\u00e7\u0131n Mente\u015f\u2019in cenaze namaz\u0131nda sevenleri g\u00f6zya\u015f\u0131 d\u00f6kt\u00fc\" alt=\"Yal\u00e7\u0131n Mente\u015f\u2019in cenaze namaz\u0131nda sevenleri g\u00f6zya\u015f\u0131 d\u00f6kt\u00fc\" style=\"width: 297px; height: 223px;\" \/> <\/a> <\/div> <\/div> <!-- close group --> <div class=\"gallery-group images-2\" style=\"width: 199px; height: 227px;\" data-original-width=\"199\" data-original-height=\"227\" > <div class=\"tiled-gallery-item tiled-gallery-item-small\" itemprop=\"associatedMedia\" itemscope itemtype=\"http:\/\/schema.org\/ImageObject\"> <a href=\"http:\/\/www.tvturk.com\/index.php\/yalcin-mentesin-cenaze-namazinda-sevenleri-gozyasi-doktu\/yalcin-mentesin-cenaze-namazinda-sevenleri-gozyasi-doktu-4\/\" border=\"0\" itemprop=\"url\"> <meta itemprop=\"width\" content=\"195\"> <meta itemprop=\"height\" content=\"110\"> <img decoding=\"async\" class=\"\" data-attachment-id=\"15854\" data-orig-file=\"http:\/\/www.tvturk.com\/wp-content\/uploads\/2019\/02\/yalcin-mentesin-cenaze-namazinda-sevenleri-gozyasi-doktu_7f58b7e.jpg\" data-orig-size=\"1000,562\" data-comments-opened=\"\" data-image-meta=\"{&quot;aperture&quot;:&quot;0&quot;,&quot;credit&quot;:&quot;IHA&quot;,&quot;camera&quot;:&quot;&quot;,&quot;caption&quot;:&quot;HAYATINI KAYBEDEN \\u00dcNL\\u00dc T\\u0130YATROCU YAL\\u00c7IN MENTE\\u015e, KILINAN CENAZE NAMAZININ ARDINDAN SON YOLCULU\\u011eUNA U\\u011eURLANDI. MENTE\\u015e\\u2019\\u0130N YAKINLARININ VE SANAT CAM\\u0130ASINDAN \\u00c7OK SAYIDA \\u0130SM\\u0130N KATILDI\\u011eI CENAZE NAMAZINDA, SEVENLER\\u0130 USTA T\\u0130YATROCU \\u0130\\u00c7\\u0130N G\\u00d6ZYA\\u015eI D\\u00d6KT\\u00dc. (CANER EVYAPAN - ZEK\\u0130 \\u0130PEK\\\/\\u0130STANBUL-\\u0130HA)&quot;,&quot;created_timestamp&quot;:&quot;0&quot;,&quot;copyright&quot;:&quot;\\u0130HLAS HABER AJANSI, www.iha.com.tr&quot;,&quot;focal_length&quot;:&quot;0&quot;,&quot;iso&quot;:&quot;0&quot;,&quot;shutter_speed&quot;:&quot;0&quot;,&quot;title&quot;:&quot;YAL\\u00c7IN MENTE\\u015e\\u2019\\u0130N CENAZE NAMAZINDA SEVENLER\\u0130 G\\u00d6ZYA\\u015eI D\\u00d6KT\\u00dc OYUNCU HAKAN YILMAZ: \\u0022SIRASI GELEN G\\u0130D\\u0130YOR\\u0022&quot;,&quot;orientation&quot;:&quot;0&quot;}\" data-image-title=\"Yal\u00e7\u0131n Mente\u015f\u2019in cenaze namaz\u0131nda sevenleri g\u00f6zya\u015f\u0131 d\u00f6kt\u00fc\" data-image-description=\"&lt;p&gt;Yal\u00e7\u0131n Mente\u015f\u2019in cenaze namaz\u0131nda sevenleri g\u00f6zya\u015f\u0131 d\u00f6kt\u00fc&lt;\/p&gt; \" data-medium-file=\"https:\/\/i0.wp.com\/www.tvturk.com\/wp-content\/uploads\/2019\/02\/yalcin-mentesin-cenaze-namazinda-sevenleri-gozyasi-doktu_7f58b7e.jpg?fit=300%2C169\" data-large-file=\"https:\/\/i0.wp.com\/www.tvturk.com\/wp-content\/uploads\/2019\/02\/yalcin-mentesin-cenaze-namazinda-sevenleri-gozyasi-doktu_7f58b7e.jpg?fit=1000%2C562\" src=\"https:\/\/i0.wp.com\/www.tvturk.com\/wp-content\/uploads\/2019\/02\/yalcin-mentesin-cenaze-namazinda-sevenleri-gozyasi-doktu_7f58b7e.jpg?w=195&#038;h=110\" srcset=\"https:\/\/i0.wp.com\/www.tvturk.com\/wp-content\/uploads\/2019\/02\/yalcin-mentesin-cenaze-namazinda-sevenleri-gozyasi-doktu_7f58b7e.jpg?w=1000 1000w, https:\/\/i0.wp.com\/www.tvturk.com\/wp-content\/uploads\/2019\/02\/yalcin-mentesin-cenaze-namazinda-sevenleri-gozyasi-doktu_7f58b7e.jpg?resize=150%2C84 150w, https:\/\/i0.wp.com\/www.tvturk.com\/wp-content\/uploads\/2019\/02\/yalcin-mentesin-cenaze-namazinda-sevenleri-gozyasi-doktu_7f58b7e.jpg?resize=300%2C169 300w, https:\/\/i0.wp.com\/www.tvturk.com\/wp-content\/uploads\/2019\/02\/yalcin-mentesin-cenaze-namazinda-sevenleri-gozyasi-doktu_7f58b7e.jpg?resize=768%2C432 768w, https:\/\/i0.wp.com\/www.tvturk.com\/wp-content\/uploads\/2019\/02\/yalcin-mentesin-cenaze-namazinda-sevenleri-gozyasi-doktu_7f58b7e.jpg?resize=200%2C113 200w\" width=\"195\" height=\"110\" loading=\"lazy\" data-original-width=\"195\" data-original-height=\"110\" itemprop=\"http:\/\/schema.org\/image\" title=\"Yal\u00e7\u0131n Mente\u015f\u2019in cenaze namaz\u0131nda sevenleri g\u00f6zya\u015f\u0131 d\u00f6kt\u00fc\" alt=\"Yal\u00e7\u0131n Mente\u015f\u2019in cenaze namaz\u0131nda sevenleri g\u00f6zya\u015f\u0131 d\u00f6kt\u00fc\" style=\"width: 195px; height: 110px;\" \/> <\/a> <\/div> <div class=\"tiled-gallery-item tiled-gallery-item-small\" itemprop=\"associatedMedia\" itemscope itemtype=\"http:\/\/schema.org\/ImageObject\"> <a href=\"http:\/\/www.tvturk.com\/index.php\/yalcin-mentesin-cenaze-namazinda-sevenleri-gozyasi-doktu\/yalcin-mentesin-cenaze-namazinda-sevenleri-gozyasi-doktu-5\/\" border=\"0\" itemprop=\"url\"> <meta itemprop=\"width\" content=\"195\"> <meta itemprop=\"height\" content=\"109\"> <img decoding=\"async\" class=\"\" data-attachment-id=\"15855\" data-orig-file=\"http:\/\/www.tvturk.com\/wp-content\/uploads\/2019\/02\/yalcin-mentesin-cenaze-namazinda-sevenleri-gozyasi-doktu_6b1f610.jpg\" data-orig-size=\"1000,562\" data-comments-opened=\"\" data-image-meta=\"{&quot;aperture&quot;:&quot;0&quot;,&quot;credit&quot;:&quot;IHA&quot;,&quot;camera&quot;:&quot;&quot;,&quot;caption&quot;:&quot;CENAZEYE KATILAN \\u00dcNL\\u00dc \\u0130S\\u0130MLERDEN B\\u0130R\\u0130 OLAN EBRU C\\u00dcND\\u00dcBEYO\\u011eLU, \\u0022\\u00c7OK GEN\\u00c7 YA\\u015eTA KAYBETT\\u0130K, ONLA \\u00c7ALI\\u015eMAK KEY\\u0130FL\\u0130YD\\u0130 B\\u00dcY\\u00dcK B\\u0130R ZEVKT\\u0130. \\u00c7OK BA\\u015eARILI AKT\\u00d6RD\\u00dc, \\u0130\\u015e\\u0130N\\u0130 ZEVK ALARAK YAPARDI. KEND\\u0130S\\u0130NDEN FEYZ ALIRDIK. SON G\\u00d6REV\\u0130M\\u0130Z\\u0130 YAPMAK \\u0130\\u00c7\\u0130N BURADAYIZ ONU H\\u0130\\u00c7 UNUTMAYACA\\u011eIZ\\u0022 \\u0130FADELER\\u0130N\\u0130 KULLANDI. (CANER EVYAPAN - ZEK\\u0130 \\u0130PEK\\\/\\u0130STANBUL-\\u0130HA)&quot;,&quot;created_timestamp&quot;:&quot;0&quot;,&quot;copyright&quot;:&quot;\\u0130HLAS HABER AJANSI, www.iha.com.tr&quot;,&quot;focal_length&quot;:&quot;0&quot;,&quot;iso&quot;:&quot;0&quot;,&quot;shutter_speed&quot;:&quot;0&quot;,&quot;title&quot;:&quot;YAL\\u00c7IN MENTE\\u015e\\u2019\\u0130N CENAZE NAMAZINDA SEVENLER\\u0130 G\\u00d6ZYA\\u015eI D\\u00d6KT\\u00dc OYUNCU HAKAN YILMAZ: \\u0022SIRASI GELEN G\\u0130D\\u0130YOR\\u0022&quot;,&quot;orientation&quot;:&quot;0&quot;}\" data-image-title=\"Yal\u00e7\u0131n Mente\u015f\u2019in cenaze namaz\u0131nda sevenleri g\u00f6zya\u015f\u0131 d\u00f6kt\u00fc\" data-image-description=\"&lt;p&gt;Yal\u00e7\u0131n Mente\u015f\u2019in cenaze namaz\u0131nda sevenleri g\u00f6zya\u015f\u0131 d\u00f6kt\u00fc&lt;\/p&gt; \" data-medium-file=\"https:\/\/i0.wp.com\/www.tvturk.com\/wp-content\/uploads\/2019\/02\/yalcin-mentesin-cenaze-namazinda-sevenleri-gozyasi-doktu_6b1f610.jpg?fit=300%2C169\" data-large-file=\"https:\/\/i0.wp.com\/www.tvturk.com\/wp-content\/uploads\/2019\/02\/yalcin-mentesin-cenaze-namazinda-sevenleri-gozyasi-doktu_6b1f610.jpg?fit=1000%2C562\" src=\"https:\/\/i0.wp.com\/www.tvturk.com\/wp-content\/uploads\/2019\/02\/yalcin-mentesin-cenaze-namazinda-sevenleri-gozyasi-doktu_6b1f610.jpg?w=195&#038;h=109\" srcset=\"https:\/\/i0.wp.com\/www.tvturk.com\/wp-content\/uploads\/2019\/02\/yalcin-mentesin-cenaze-namazinda-sevenleri-gozyasi-doktu_6b1f610.jpg?w=1000 1000w, https:\/\/i0.wp.com\/www.tvturk.com\/wp-content\/uploads\/2019\/02\/yalcin-mentesin-cenaze-namazinda-sevenleri-gozyasi-doktu_6b1f610.jpg?resize=150%2C84 150w, https:\/\/i0.wp.com\/www.tvturk.com\/wp-content\/uploads\/2019\/02\/yalcin-mentesin-cenaze-namazinda-sevenleri-gozyasi-doktu_6b1f610.jpg?resize=300%2C169 300w, https:\/\/i0.wp.com\/www.tvturk.com\/wp-content\/uploads\/2019\/02\/yalcin-mentesin-cenaze-namazinda-sevenleri-gozyasi-doktu_6b1f610.jpg?resize=768%2C432 768w, https:\/\/i0.wp.com\/www.tvturk.com\/wp-content\/uploads\/2019\/02\/yalcin-mentesin-cenaze-namazinda-sevenleri-gozyasi-doktu_6b1f610.jpg?resize=200%2C113 200w\" width=\"195\" height=\"109\" loading=\"lazy\" data-original-width=\"195\" data-original-height=\"109\" itemprop=\"http:\/\/schema.org\/image\" title=\"Yal\u00e7\u0131n Mente\u015f\u2019in cenaze namaz\u0131nda sevenleri g\u00f6zya\u015f\u0131 d\u00f6kt\u00fc\" alt=\"Yal\u00e7\u0131n Mente\u015f\u2019in cenaze namaz\u0131nda sevenleri g\u00f6zya\u015f\u0131 d\u00f6kt\u00fc\" style=\"width: 195px; height: 109px;\" \/> <\/a> <\/div> <\/div> <!-- close group --> <\/div> <!-- close row --> <div class=\"gallery-row\" style=\"width: 500px; height: 330px;\" data-original-width=\"500\" data-original-height=\"330\" > <div class=\"gallery-group images-1\" style=\"width: 500px; height: 330px;\" data-original-width=\"500\" data-original-height=\"330\" > <div class=\"tiled-gallery-item tiled-gallery-item-large\" itemprop=\"associatedMedia\" itemscope itemtype=\"http:\/\/schema.org\/ImageObject\"> <a href=\"http:\/\/www.tvturk.com\/index.php\/yalcin-mentesin-cenaze-namazinda-sevenleri-gozyasi-doktu\/yalcin-mentesin-cenaze-namazinda-sevenleri-gozyasi-doktu-6\/\" border=\"0\" itemprop=\"url\"> <meta itemprop=\"width\" content=\"496\"> <meta itemprop=\"height\" content=\"326\"> <img decoding=\"async\" class=\"\" data-attachment-id=\"15856\" data-orig-file=\"http:\/\/www.tvturk.com\/wp-content\/uploads\/2019\/02\/yalcin-mentesin-cenaze-namazinda-sevenleri-gozyasi-doktu_284b743.jpg\" data-orig-size=\"1000,657\" data-comments-opened=\"\" data-image-meta=\"{&quot;aperture&quot;:&quot;0&quot;,&quot;credit&quot;:&quot;IHA&quot;,&quot;camera&quot;:&quot;&quot;,&quot;caption&quot;:&quot;HAYATINI KAYBEDEN \\u00dcNL\\u00dc T\\u0130YATROCU YAL\\u00c7IN MENTE\\u015e, KILINAN CENAZE NAMAZININ ARDINDAN SON YOLCULU\\u011eUNA U\\u011eURLANDI. MENTE\\u015e\\u2019\\u0130N YAKINLARININ VE SANAT CAM\\u0130ASINDAN \\u00c7OK SAYIDA \\u0130SM\\u0130N KATILDI\\u011eI CENAZE NAMAZINDA, SEVENLER\\u0130 USTA T\\u0130YATROCU \\u0130\\u00c7\\u0130N G\\u00d6ZYA\\u015eI D\\u00d6KT\\u00dc. (CANER EVYAPAN - ZEK\\u0130 \\u0130PEK\\\/\\u0130STANBUL-\\u0130HA)&quot;,&quot;created_timestamp&quot;:&quot;0&quot;,&quot;copyright&quot;:&quot;\\u0130HLAS HABER AJANSI, www.iha.com.tr&quot;,&quot;focal_length&quot;:&quot;0&quot;,&quot;iso&quot;:&quot;0&quot;,&quot;shutter_speed&quot;:&quot;0&quot;,&quot;title&quot;:&quot;YAL\\u00c7IN MENTE\\u015e\\u2019\\u0130N CENAZE NAMAZINDA SEVENLER\\u0130 G\\u00d6ZYA\\u015eI D\\u00d6KT\\u00dc OYUNCU HAKAN YILMAZ: \\u0022SIRASI GELEN G\\u0130D\\u0130YOR\\u0022&quot;,&quot;orientation&quot;:&quot;0&quot;}\" data-image-title=\"Yal\u00e7\u0131n Mente\u015f\u2019in cenaze namaz\u0131nda sevenleri g\u00f6zya\u015f\u0131 d\u00f6kt\u00fc\" data-image-description=\"&lt;p&gt;Yal\u00e7\u0131n Mente\u015f\u2019in cenaze namaz\u0131nda sevenleri g\u00f6zya\u015f\u0131 d\u00f6kt\u00fc&lt;\/p&gt; \" data-medium-file=\"https:\/\/i0.wp.com\/www.tvturk.com\/wp-content\/uploads\/2019\/02\/yalcin-mentesin-cenaze-namazinda-sevenleri-gozyasi-doktu_284b743.jpg?fit=300%2C197\" data-large-file=\"https:\/\/i0.wp.com\/www.tvturk.com\/wp-content\/uploads\/2019\/02\/yalcin-mentesin-cenaze-namazinda-sevenleri-gozyasi-doktu_284b743.jpg?fit=1000%2C657\" src=\"https:\/\/i0.wp.com\/www.tvturk.com\/wp-content\/uploads\/2019\/02\/yalcin-mentesin-cenaze-namazinda-sevenleri-gozyasi-doktu_284b743.jpg?w=496&#038;h=326\" srcset=\"https:\/\/i0.wp.com\/www.tvturk.com\/wp-content\/uploads\/2019\/02\/yalcin-mentesin-cenaze-namazinda-sevenleri-gozyasi-doktu_284b743.jpg?w=1000 1000w, https:\/\/i0.wp.com\/www.tvturk.com\/wp-content\/uploads\/2019\/02\/yalcin-mentesin-cenaze-namazinda-sevenleri-gozyasi-doktu_284b743.jpg?resize=150%2C99 150w, https:\/\/i0.wp.com\/www.tvturk.com\/wp-content\/uploads\/2019\/02\/yalcin-mentesin-cenaze-namazinda-sevenleri-gozyasi-doktu_284b743.jpg?resize=300%2C197 300w, https:\/\/i0.wp.com\/www.tvturk.com\/wp-content\/uploads\/2019\/02\/yalcin-mentesin-cenaze-namazinda-sevenleri-gozyasi-doktu_284b743.jpg?resize=768%2C505 768w, https:\/\/i0.wp.com\/www.tvturk.com\/wp-content\/uploads\/2019\/02\/yalcin-mentesin-cenaze-namazinda-sevenleri-gozyasi-doktu_284b743.jpg?resize=170%2C113 170w, https:\/\/i0.wp.com\/www.tvturk.com\/wp-content\/uploads\/2019\/02\/yalcin-mentesin-cenaze-namazinda-sevenleri-gozyasi-doktu_284b743.jpg?resize=120%2C80 120w\" width=\"496\" height=\"326\" loading=\"lazy\" data-original-width=\"496\" data-original-height=\"326\" itemprop=\"http:\/\/schema.org\/image\" title=\"Yal\u00e7\u0131n Mente\u015f\u2019in cenaze namaz\u0131nda sevenleri g\u00f6zya\u015f\u0131 d\u00f6kt\u00fc\" alt=\"Yal\u00e7\u0131n Mente\u015f\u2019in cenaze namaz\u0131nda sevenleri g\u00f6zya\u015f\u0131 d\u00f6kt\u00fc\" style=\"width: 496px; height: 326px;\" \/> <\/a> <\/div> <\/div> <!-- close group --> <\/div> <!-- close row --> <\/div><\/p>\n","protected":false},"excerpt":{"rendered":"<p>HAYATINI KAYBEDEN \u00dcNL\u00dc T\u0130YATROCU YAL\u00c7IN MENTE\u015e, KILINAN CENAZE NAMAZININ ARDINDAN SON YOLCULU\u011eUNA U\u011eURLANDI. MENTE\u015e\u2019\u0130N YAKINLARININ VE SANAT CAM\u0130ASINDAN \u00c7OK SAYIDA \u0130SM\u0130N KATILDI\u011eI CENAZE NAMAZINDA, SEVENLER\u0130 USTA T\u0130YATROCU \u0130\u00c7\u0130N G\u00d6ZYA\u015eI D\u00d6KT\u00dc.<\/p>\n","protected":false},"author":1,"featured_media":15852,"comment_status":"closed","ping_status":"open","sticky":false,"template":"","format":"standard","meta":{"jetpack_post_was_ever_published":false,"_jetpack_newsletter_access":"","_jetpack_dont_email_post_to_subs":false,"_jetpack_newsletter_tier_id":0,"_jetpack_memberships_contains_paywalled_content":false,"_jetpack_memberships_contains_paid_content":false,"footnotes":"","jetpack_publicize_message":"","jetpack_publicize_feature_enabled":true,"jetpack_social_post_already_shared":false,"jetpack_social_options":{"image_generator_settings":{"template":"highway","default_image_id":0,"font":"","enabled":false},"version":2}},"categories":[655],"tags":[7499,5940,7636,5747,7635,6818,4888],"class_list":["post-15851","post","type-post","status-publish","format-standard","has-post-thumbnail","hentry","category-son-dakika","tag-cenaze","tag-doktu","tag-gozyasi","tag-mentesin","tag-namazinda","tag-sevenleri","tag-yalcin"],"jetpack_publicize_connections":[],"jetpack_featured_media_url":"https:\/\/i0.wp.com\/www.tvturk.com\/wp-content\/uploads\/2019\/02\/yalcin-mentesin-cenaze-namazinda-sevenleri-gozyasi-doktu_30b6420.jpg?fit=1000%2C750","jetpack_sharing_enabled":true,"jetpack_shortlink":"https:\/\/wp.me\/paKIfm-47F","_links":{"self":[{"href":"http:\/\/www.tvturk.com\/index.php\/wp-json\/wp\/v2\/posts\/15851","targetHints":{"allow":["GET"]}}],"collection":[{"href":"http:\/\/www.tvturk.com\/index.php\/wp-json\/wp\/v2\/posts"}],"about":[{"href":"http:\/\/www.tvturk.com\/index.php\/wp-json\/wp\/v2\/types\/post"}],"author":[{"embeddable":true,"href":"http:\/\/www.tvturk.com\/index.php\/wp-json\/wp\/v2\/users\/1"}],"replies":[{"embeddable":true,"href":"http:\/\/www.tvturk.com\/index.php\/wp-json\/wp\/v2\/comments?post=15851"}],"version-history":[{"count":1,"href":"http:\/\/www.tvturk.com\/index.php\/wp-json\/wp\/v2\/posts\/15851\/revisions"}],"predecessor-version":[{"id":15857,"href":"http:\/\/www.tvturk.com\/index.php\/wp-json\/wp\/v2\/posts\/15851\/revisions\/15857"}],"wp:featuredmedia":[{"embeddable":true,"href":"http:\/\/www.tvturk.com\/index.php\/wp-json\/wp\/v2\/media\/15852"}],"wp:attachment":[{"href":"http:\/\/www.tvturk.com\/index.php\/wp-json\/wp\/v2\/media?parent=15851"}],"wp:term":[{"taxonomy":"category","embeddable":true,"href":"http:\/\/www.tvturk.com\/index.php\/wp-json\/wp\/v2\/categories?post=15851"},{"taxonomy":"post_tag","embeddable":true,"href":"http:\/\/www.tvturk.com\/index.php\/wp-json\/wp\/v2\/tags?post=15851"}],"curies":[{"name":"wp","href":"https:\/\/api.w.org\/{rel}","templated":true}]}}