{"id":158676,"date":"2019-05-18T11:32:54","date_gmt":"2019-05-18T08:32:54","guid":{"rendered":"http:\/\/www.tvturk.com\/index.php\/turkiyede-bir-ilk-oldurulen-sokak-kopekleri-icin-mahkemeden-musteki-sifatiyla-ankara-buyuksehire-davet\/"},"modified":"2019-05-18T11:32:54","modified_gmt":"2019-05-18T08:32:54","slug":"turkiyede-bir-ilk-oldurulen-sokak-kopekleri-icin-mahkemeden-musteki-sifatiyla-ankara-buyuksehire-davet","status":"publish","type":"post","link":"http:\/\/www.tvturk.com\/index.php\/turkiyede-bir-ilk-oldurulen-sokak-kopekleri-icin-mahkemeden-musteki-sifatiyla-ankara-buyuksehire-davet\/","title":{"rendered":"T\u00fcrkiye\u2019de bir ilk: \u00f6ld\u00fcr\u00fclen sokak k\u00f6pekleri i\u00e7in Mahkeme\u2019den m\u00fc\u015fteki s\u0131fat\u0131yla Ankara B\u00fcy\u00fck\u015fehir\u2019e davet"},"content":{"rendered":"<p>Ankara B\u00fcy\u00fck\u015fehir Belediyesi\u2019nin hayvan haklar\u0131 konusunda g\u00f6sterdi\u011fi duyarl\u0131l\u0131k sonu\u00e7 verdi.<\/p>\n<p>B\u00fcy\u00fck\u015fehir Belediyesi, T\u00fcrkiye\u2019de ilk kez ger\u00e7ekle\u015fen uygulamayla Yenimahalle Bat\u0131kent\u2019te zehirlenerek \u00f6ld\u00fcr\u00fclen 13 k\u00f6pek i\u00e7in a\u00e7\u0131lan davaya m\u00fc\u015fteki s\u0131fat\u0131yla \u00e7a\u011fr\u0131ld\u0131.<\/p>\n<p>Ankara B\u00fcy\u00fck\u015fehir Belediye Ba\u015fkan\u0131 Mansur Yava\u015f\u2019\u0131n \u00f6ld\u00fcr\u00fclen k\u00f6pekler i\u00e7in B\u00fcy\u00fck\u015fehir Belediyesi\u2019nin de davaya m\u00fcdahil olmas\u0131 y\u00f6n\u00fcnde verdi\u011fi talimat sonras\u0131 a\u00e7\u0131lan davan\u0131n ilk duru\u015fma tarihi 24 Eyl\u00fcl olarak belirlendi.<\/p>\n<p>B\u00fcy\u00fck\u015fehir m\u00fc\u015fteki s\u0131fat\u0131yla davay\u0131 takip edecek<\/p>\n<p>Yenimahalle il\u00e7esinde 9 Nisan 2019 tarihinde 13 sokak k\u00f6pe\u011finin zehirlenerek \u00f6ld\u00fcr\u00fclmesi ve yaralanmas\u0131 olay\u0131 ile ilgili Ankara Cumhuriyet Ba\u015fsavc\u0131l\u0131\u011f\u0131\u2019nca ba\u015flat\u0131lan soru\u015fturma ve a\u00e7\u0131lan davaya B\u00fcy\u00fck\u015fehir Belediyesi tarihinde ilk kez m\u00fcdahil oldu.<\/p>\n<p>Ankara Adliyesi\u2019nde 24 Eyl\u00fcl tarihinde saat 09.20\u2019de ger\u00e7ekle\u015fecek ilk duru\u015fmaya m\u00fc\u015fteki s\u0131fat\u0131yla Ankara 5. A\u011f\u0131r Ceza Mahkemesi taraf\u0131ndan davet edilen Ankara B\u00fcy\u00fck\u015fehir Belediyesi, T\u00fcrkiye\u2019de ilk kez hayvanlara y\u00f6nelik \u015fiddeti i\u00e7eren bir konuda a\u00e7\u0131lan davan\u0131n takip\u00e7isi olacak.<\/p>\n","protected":false},"excerpt":{"rendered":"<p>ANKARA B\u00dcY\u00dcK\u015eEH\u0130R BELED\u0130YES\u0130\u2019N\u0130N HAYVAN HAKLARI KONUSUNDA G\u00d6STERD\u0130\u011e\u0130 DUYARLILIK SONU\u00c7 VERD\u0130.<\/p>\n","protected":false},"author":1,"featured_media":158677,"comment_status":"closed","ping_status":"open","sticky":false,"template":"","format":"standard","meta":{"jetpack_post_was_ever_published":false,"_jetpack_newsletter_access":"","_jetpack_dont_email_post_to_subs":false,"_jetpack_newsletter_tier_id":0,"_jetpack_memberships_contains_paywalled_content":false,"_jetpack_memberships_contains_paid_content":false,"footnotes":"","jetpack_publicize_message":"","jetpack_publicize_feature_enabled":true,"jetpack_social_post_already_shared":true,"jetpack_social_options":{"image_generator_settings":{"template":"highway","default_image_id":0,"font":"","enabled":false},"version":2}},"categories":[1],"tags":[1475,125,5150,3008,44,37,3442,20122,37006,6246,19121,1183,2383],"class_list":["post-158676","post","type-post","status-publish","format-standard","has-post-thumbnail","hentry","category-genel","tag-ankara","tag-bir","tag-buyuksehire","tag-davet","tag-icin","tag-ilk","tag-kopekleri","tag-mahkemeden","tag-musteki","tag-oldurulen","tag-sifatiyla","tag-sokak","tag-turkiyede"],"jetpack_publicize_connections":[],"jetpack_featured_media_url":"https:\/\/i0.wp.com\/www.tvturk.com\/wp-content\/uploads\/2019\/05\/turkiyede-bir-ilk-oldurulen-sokak-kopekleri-icin-mahkemeden-musteki-sifatiyla-ankara-buyuksehire-davet_2fb694d.jpg?fit=1000%2C673","jetpack_sharing_enabled":true,"jetpack_shortlink":"https:\/\/wp.me\/paKIfm-Fhi","_links":{"self":[{"href":"http:\/\/www.tvturk.com\/index.php\/wp-json\/wp\/v2\/posts\/158676","targetHints":{"allow":["GET"]}}],"collection":[{"href":"http:\/\/www.tvturk.com\/index.php\/wp-json\/wp\/v2\/posts"}],"about":[{"href":"http:\/\/www.tvturk.com\/index.php\/wp-json\/wp\/v2\/types\/post"}],"author":[{"embeddable":true,"href":"http:\/\/www.tvturk.com\/index.php\/wp-json\/wp\/v2\/users\/1"}],"replies":[{"embeddable":true,"href":"http:\/\/www.tvturk.com\/index.php\/wp-json\/wp\/v2\/comments?post=158676"}],"version-history":[{"count":0,"href":"http:\/\/www.tvturk.com\/index.php\/wp-json\/wp\/v2\/posts\/158676\/revisions"}],"wp:featuredmedia":[{"embeddable":true,"href":"http:\/\/www.tvturk.com\/index.php\/wp-json\/wp\/v2\/media\/158677"}],"wp:attachment":[{"href":"http:\/\/www.tvturk.com\/index.php\/wp-json\/wp\/v2\/media?parent=158676"}],"wp:term":[{"taxonomy":"category","embeddable":true,"href":"http:\/\/www.tvturk.com\/index.php\/wp-json\/wp\/v2\/categories?post=158676"},{"taxonomy":"post_tag","embeddable":true,"href":"http:\/\/www.tvturk.com\/index.php\/wp-json\/wp\/v2\/tags?post=158676"}],"curies":[{"name":"wp","href":"https:\/\/api.w.org\/{rel}","templated":true}]}}