{"id":158708,"date":"2019-05-18T11:53:15","date_gmt":"2019-05-18T08:53:15","guid":{"rendered":"http:\/\/www.tvturk.com\/index.php\/aso-ve-2-osb-yonetimi-engelli-bireylerle-bulustu\/"},"modified":"2019-05-18T11:53:15","modified_gmt":"2019-05-18T08:53:15","slug":"aso-ve-2-osb-yonetimi-engelli-bireylerle-bulustu","status":"publish","type":"post","link":"http:\/\/www.tvturk.com\/index.php\/aso-ve-2-osb-yonetimi-engelli-bireylerle-bulustu\/","title":{"rendered":"ASO ve 2. OSB y\u00f6netimi engelli bireylerle bulu\u015ftu"},"content":{"rendered":"<p>ASO Ba\u015fkan\u0131 Nurettin \u00d6zdebir, \u201cBurada amac\u0131m\u0131z sadece onlara bir yemek vermek de\u011fil, hem y\u00f6netim kurullar\u0131m\u0131zla, hem de \u00e7al\u0131\u015fanlar\u0131m\u0131zla s\u0131cak bir ortamda onlarla bir arada olabilmek\u201d dedi.<\/p>\n<p>Ankara Sanayi Odas\u0131 ve ASO 2. OSB y\u00f6netim kurullar\u0131 ile \u00e7al\u0131\u015fanlar\u0131 Saray Engelsiz Ya\u015fam, Bak\u0131m ve Rehabilitasyon Merkezinde ya\u015famlar\u0131n\u0131 s\u00fcrd\u00fcren engelli bireylerle bu y\u0131l da iftar yeme\u011finde bulu\u015ftu.<\/p>\n<p>Sosyal sorumluluk projeleri \u00e7er\u00e7evesinde Ramazan ay\u0131nda engelli vatanda\u015flara y\u00f6nelik etkinlikler ger\u00e7ekle\u015ftiren Ankara Sanayi Odas\u0131, ASO 2. OSB ile birlikte Saray Engelsiz Ya\u015fam, Bak\u0131m ve Rehabilitasyon Merkezi\u2019nde ya\u015famlar\u0131n\u0131 s\u00fcrd\u00fcren 8-50 ya\u015f aras\u0131 200\u2019e yak\u0131n engelli bireylerle iftar yeme\u011finde bir araya geldi.<\/p>\n<p>Uzun bir s\u00fcredir Ramazan ay\u0131nda \u00fcyelerine iftar yeme\u011fi vermek yerine, \u00e7e\u015fitli sosyal sorumluluk projelerine destek olmaya \u00e7al\u0131\u015fan Ankara Sanayi Odas\u0131 ve ASO 2. OSB bu \u00e7er\u00e7evede K\u0131z\u0131lay A\u015fevleri ba\u015fta olmak \u00fczere, dar gelirli b\u00f6lgelerdeki iftar \u00e7ad\u0131rlar\u0131na destek vererek \u00e7e\u015fitli yard\u0131mlarda bulunuyor.<\/p>\n<p>ASO Ba\u015fkan\u0131 Nurettin \u00d6zdebir, engelli bireylerle bir kez daha bulu\u015fmaktan b\u00fcy\u00fck bir mutluluk duydu\u011funu belirterek  devletin bak\u0131ma muhta\u00e7 bu insanlara \u00e7ok g\u00fczel imkanlar sundu\u011funa dikkat \u00e7ekti. \u00d6zdebir, \u201c\u00c7o\u011fu zihinsel engelli olan bu bireylerle ger\u00e7ekle\u015ftirdi\u011fimiz bulu\u015fmalarla onlar\u0131n ihtiyac\u0131 olan ilgi ve sevgiyi de g\u00f6stermeye \u00e7al\u0131\u015f\u0131yoruz. Burada amac\u0131m\u0131z sadece onlara bir yemek vermek de\u011fil, hem y\u00f6netim kurullar\u0131m\u0131zla, hem de \u00e7al\u0131\u015fanlar\u0131m\u0131zla s\u0131cak bir ortamda onlarla bir arada olabilmek\u201d ifadelerini kulland\u0131.<\/p>\n<p>Yeme\u011fin ard\u0131ndan Merkez M\u00fcd\u00fcr\u00fc Bekir Demiry\u0131lmaz, kendi at\u00f6lyelerinde engelli bireyler taraf\u0131ndan yap\u0131lm\u0131\u015f bir seramik \u00e7al\u0131\u015fmas\u0131n\u0131 da ASO Ba\u015fkan\u0131 \u00d6zdebir\u2019e hediye etti. Yeme\u011fin ard\u0131ndan canl\u0131 m\u00fczik e\u015fli\u011finde g\u00fczel saatler ge\u00e7iren engelli bireyler mutlu bir \u015fekilde ayr\u0131ld\u0131lar.<\/p>\n<p>Yeme\u011fe ASO Ba\u015fkan\u0131 Nurettin \u00d6zdebir, ASO ve 2. OSB Ba\u015fkan Yard\u0131mc\u0131s\u0131 Mete \u00c7a\u011flayan, ASO Y\u00f6netim Kurulu \u00dcyeleri, \u00e7ok say\u0131da ASO ve 2. OSB \u00e7al\u0131\u015fan\u0131 ile Merkez M\u00fcd\u00fcr\u00fc Bekir Demiry\u0131lmaz kat\u0131ld\u0131.<\/p>\n","protected":false},"excerpt":{"rendered":"<p>ANKARA SANAY\u0130 ODASI VE ASO 2. OSB Y\u00d6NET\u0130M KURULLARI \u0130LE \u00c7ALI\u015eANLARI SARAY ENGELS\u0130Z YA\u015eAM, BAKIM VE REHAB\u0130L\u0130TASYON MERKEZ\u0130NDE YA\u015eAMLARINI S\u00dcRD\u00dcREN ENGELL\u0130 B\u0130REYLERLE BU YIL DA \u0130FTAR YEME\u011e\u0130NDE BULU\u015eTU.<\/p>\n","protected":false},"author":1,"featured_media":158709,"comment_status":"closed","ping_status":"open","sticky":false,"template":"","format":"standard","meta":{"jetpack_post_was_ever_published":false,"_jetpack_newsletter_access":"","_jetpack_dont_email_post_to_subs":false,"_jetpack_newsletter_tier_id":0,"_jetpack_memberships_contains_paywalled_content":false,"_jetpack_memberships_contains_paid_content":false,"footnotes":"","jetpack_publicize_message":"","jetpack_publicize_feature_enabled":true,"jetpack_social_post_already_shared":true,"jetpack_social_options":{"image_generator_settings":{"template":"highway","default_image_id":0,"font":"","enabled":false},"version":2}},"categories":[1],"tags":[10165,4705,389,1784,3762,1543],"class_list":["post-158708","post","type-post","status-publish","format-standard","has-post-thumbnail","hentry","category-genel","tag-aso","tag-bireylerle","tag-bulustu","tag-engelli","tag-osb","tag-yonetimi"],"jetpack_publicize_connections":[],"jetpack_featured_media_url":"https:\/\/i0.wp.com\/www.tvturk.com\/wp-content\/uploads\/2019\/05\/aso-ve-2-osb-yonetimi-engelli-bireylerle-bulustu_2bf907a.jpg?fit=1000%2C667","jetpack_sharing_enabled":true,"jetpack_shortlink":"https:\/\/wp.me\/paKIfm-FhO","_links":{"self":[{"href":"http:\/\/www.tvturk.com\/index.php\/wp-json\/wp\/v2\/posts\/158708","targetHints":{"allow":["GET"]}}],"collection":[{"href":"http:\/\/www.tvturk.com\/index.php\/wp-json\/wp\/v2\/posts"}],"about":[{"href":"http:\/\/www.tvturk.com\/index.php\/wp-json\/wp\/v2\/types\/post"}],"author":[{"embeddable":true,"href":"http:\/\/www.tvturk.com\/index.php\/wp-json\/wp\/v2\/users\/1"}],"replies":[{"embeddable":true,"href":"http:\/\/www.tvturk.com\/index.php\/wp-json\/wp\/v2\/comments?post=158708"}],"version-history":[{"count":0,"href":"http:\/\/www.tvturk.com\/index.php\/wp-json\/wp\/v2\/posts\/158708\/revisions"}],"wp:featuredmedia":[{"embeddable":true,"href":"http:\/\/www.tvturk.com\/index.php\/wp-json\/wp\/v2\/media\/158709"}],"wp:attachment":[{"href":"http:\/\/www.tvturk.com\/index.php\/wp-json\/wp\/v2\/media?parent=158708"}],"wp:term":[{"taxonomy":"category","embeddable":true,"href":"http:\/\/www.tvturk.com\/index.php\/wp-json\/wp\/v2\/categories?post=158708"},{"taxonomy":"post_tag","embeddable":true,"href":"http:\/\/www.tvturk.com\/index.php\/wp-json\/wp\/v2\/tags?post=158708"}],"curies":[{"name":"wp","href":"https:\/\/api.w.org\/{rel}","templated":true}]}}