{"id":158744,"date":"2019-05-18T12:35:15","date_gmt":"2019-05-18T09:35:15","guid":{"rendered":"http:\/\/www.tvturk.com\/index.php\/tikadan-ukraynada-iftar-programi\/"},"modified":"2019-05-18T12:35:15","modified_gmt":"2019-05-18T09:35:15","slug":"tikadan-ukraynada-iftar-programi","status":"publish","type":"post","link":"http:\/\/www.tvturk.com\/index.php\/tikadan-ukraynada-iftar-programi\/","title":{"rendered":"T\u0130KA\u2019dan Ukrayna\u2019da iftar program\u0131"},"content":{"rendered":"<p>T\u00fcrk \u0130\u015fbirli\u011fi ve Koordinasyon Ajans\u0131 Ba\u015fkanl\u0131\u011f\u0131 (T\u0130KA), 2019 y\u0131l\u0131 Ramazan kalk\u0131nma yard\u0131mlar\u0131 kapsam\u0131nda Ukrayna\u2019n\u0131n ba\u015fkenti Kiev\u2019de iftar program\u0131 d\u00fczenledi.<\/p>\n<p>T\u0130KA Program Koordinat\u00f6r\u00fc Esin Acar Ergin, yapt\u0131\u011f\u0131 konu\u015fmada, payla\u015fma, iyilik, bar\u0131\u015f ve dayan\u0131\u015fma gibi kavramlar\u0131n \u00f6zellikle \u00f6n plana \u00e7\u0131kt\u0131\u011f\u0131 ve t\u00fcm \u0130slam d\u00fcnyas\u0131 i\u00e7in b\u00fcy\u00fck \u00f6nem ta\u015f\u0131yan Ramazan ay\u0131 sebebiyle d\u00fczenlenen T\u0130KA iftar\u0131n\u0131n T\u00fcrkiye ve Ukrayna aras\u0131ndaki i\u015fbirli\u011fini ve dostlu\u011fu peki\u015ftirmeye destek olaca\u011f\u0131n\u0131 s\u00f6yledi.<\/p>\n<p>Kiev B\u00fcy\u00fckel\u00e7isi G\u00fcldere de, kurulan bu sofrada her kesimden temsilcinin bulunmas\u0131ndan memnuniyet duydu\u011funu dile getirdi.<\/p>\n<p>Programda konu\u015fan Tu\u011frul T\u00fcrke\u015f, d\u00fczenlenen iftar vesilesi ile akraba T\u00fcrk topluluklar\u0131 ve Ukraynal\u0131 dostlar\u0131m\u0131z ile bir araya gelmekten mutluluk duydu\u011funu ifade etti.<\/p>\n<p>K\u0131r\u0131m Tatar Milli Meclisi Ba\u015fkan\u0131 \u00c7ubarov ise Ramazan ay\u0131n\u0131n \u0130slam d\u00fcnyas\u0131 i\u00e7in \u00f6nemine de\u011finerek T\u0130KA iftar\u0131n\u0131n Ukrayna\u2019daki farkl\u0131 k\u00fclt\u00fcrlerin bir araya gelmesini sa\u011flad\u0131\u011f\u0131n\u0131 s\u00f6zlerinde vurgulad\u0131.<\/p>\n<p>T.C. Kiev B\u00fcy\u00fckel\u00e7isi Ya\u011fmur Ahmet G\u00fcldere, Ukrayna Ge\u00e7ici Olarak \u0130\u015fgal Edilmi\u015f Topraklar ve Yerinden Edilmi\u015f Ki\u015filer Bakan\u0131 Vadim \u00c7erni\u015f, T\u00fcrkiye-Ukrayna Parlamentolararas\u0131 Dostluk Grubu Ba\u015fkan\u0131 AK Parti Milletvekili Y\u0131ld\u0131r\u0131m Tu\u011frul T\u00fcrke\u015f, Ukrayna Milletvekili, D\u00fcnya K\u0131r\u0131m Tatarlar\u0131 Birli\u011fi Ba\u015fkan\u0131 ve K\u0131r\u0131m Tatar Milli Meclisi Ba\u015fkan\u0131 Refat \u00c7ubarov\u2019un da kat\u0131ld\u0131\u011f\u0131 iftar program\u0131nda K\u0131r\u0131m M\u00fcft\u00fcs\u00fc Ayder Rustemov ve Ukrayna M\u00fcft\u00fcs\u00fc Said \u0130smagilov taraf\u0131ndan dualar okundu.<\/p>\n<p>D\u00fczenlenen iftar program\u0131na, Ukrayna\u2019da ikamet eden K\u0131r\u0131ml\u0131 Tatarlar, Ah\u0131skal\u0131lar ve Gagavuz temsilcileri, diplomatlar, din adamlar\u0131, yerel y\u00f6neticiler, sivil toplum kurulu\u015f temsilcileri ve Ukrayna\u2019da faaliyet g\u00f6steren T\u00fcrk i\u015f adamlar\u0131 kat\u0131ld\u0131.<\/p>\n","protected":false},"excerpt":{"rendered":"<p>T\u00dcRK \u0130\u015eB\u0130RL\u0130\u011e\u0130 VE KOORD\u0130NASYON AJANSI BA\u015eKANLI\u011eI (T\u0130KA), 2019 YILI RAMAZAN KALKINMA YARDIMLARI KAPSAMINDA UKRAYNA\u2019NIN BA\u015eKENT\u0130 K\u0130EV\u2019DE \u0130FTAR PROGRAMI D\u00dcZENLED\u0130.<\/p>\n","protected":false},"author":1,"featured_media":158745,"comment_status":"closed","ping_status":"open","sticky":false,"template":"","format":"standard","meta":{"jetpack_post_was_ever_published":false,"_jetpack_newsletter_access":"","_jetpack_dont_email_post_to_subs":false,"_jetpack_newsletter_tier_id":0,"_jetpack_memberships_contains_paywalled_content":false,"_jetpack_memberships_contains_paid_content":false,"footnotes":"","jetpack_publicize_message":"","jetpack_publicize_feature_enabled":true,"jetpack_social_post_already_shared":true,"jetpack_social_options":{"image_generator_settings":{"template":"highway","default_image_id":0,"font":"","enabled":false},"version":2}},"categories":[1],"tags":[30333,1999,5615,14308],"class_list":["post-158744","post","type-post","status-publish","format-standard","has-post-thumbnail","hentry","category-genel","tag-iftar","tag-programi","tag-tikadan","tag-ukraynada"],"jetpack_publicize_connections":[],"jetpack_featured_media_url":"https:\/\/i0.wp.com\/www.tvturk.com\/wp-content\/uploads\/2019\/05\/tikadan-ukraynada-iftar-programi_8950313.jpg?fit=1000%2C562","jetpack_sharing_enabled":true,"jetpack_shortlink":"https:\/\/wp.me\/paKIfm-Fio","_links":{"self":[{"href":"http:\/\/www.tvturk.com\/index.php\/wp-json\/wp\/v2\/posts\/158744","targetHints":{"allow":["GET"]}}],"collection":[{"href":"http:\/\/www.tvturk.com\/index.php\/wp-json\/wp\/v2\/posts"}],"about":[{"href":"http:\/\/www.tvturk.com\/index.php\/wp-json\/wp\/v2\/types\/post"}],"author":[{"embeddable":true,"href":"http:\/\/www.tvturk.com\/index.php\/wp-json\/wp\/v2\/users\/1"}],"replies":[{"embeddable":true,"href":"http:\/\/www.tvturk.com\/index.php\/wp-json\/wp\/v2\/comments?post=158744"}],"version-history":[{"count":0,"href":"http:\/\/www.tvturk.com\/index.php\/wp-json\/wp\/v2\/posts\/158744\/revisions"}],"wp:featuredmedia":[{"embeddable":true,"href":"http:\/\/www.tvturk.com\/index.php\/wp-json\/wp\/v2\/media\/158745"}],"wp:attachment":[{"href":"http:\/\/www.tvturk.com\/index.php\/wp-json\/wp\/v2\/media?parent=158744"}],"wp:term":[{"taxonomy":"category","embeddable":true,"href":"http:\/\/www.tvturk.com\/index.php\/wp-json\/wp\/v2\/categories?post=158744"},{"taxonomy":"post_tag","embeddable":true,"href":"http:\/\/www.tvturk.com\/index.php\/wp-json\/wp\/v2\/tags?post=158744"}],"curies":[{"name":"wp","href":"https:\/\/api.w.org\/{rel}","templated":true}]}}