{"id":158780,"date":"2019-05-18T13:27:15","date_gmt":"2019-05-18T10:27:15","guid":{"rendered":"http:\/\/www.tvturk.com\/index.php\/denizkurdu-2019-basariyla-devam-ediyor\/"},"modified":"2019-05-18T13:27:15","modified_gmt":"2019-05-18T10:27:15","slug":"denizkurdu-2019-basariyla-devam-ediyor","status":"publish","type":"post","link":"http:\/\/www.tvturk.com\/index.php\/denizkurdu-2019-basariyla-devam-ediyor\/","title":{"rendered":"Denizkurdu-2019 ba\u015far\u0131yla devam ediyor"},"content":{"rendered":"<p>Deniz Kuvvetleri Komutanl\u0131\u011f\u0131n\u0131n en b\u00fcy\u00fck tatbikatlar\u0131ndan olan &#8220;DEN\u0130ZKURDU-2019&#8221; tatbikat\u0131 Anadolu\u2019yu saran Karadeniz, Ege Denizi ve Akdeniz\u2019de ba\u015far\u0131l\u0131 bir \u015fekilde devam ediyor.<\/p>\n<p>Fiili ve at\u0131\u015fl\u0131 olarak icra edilecek tatbikat\u0131n amac\u0131, Deniz Kuvvetleri Komutanl\u0131\u011f\u0131\u2019na ba\u011fl\u0131 birlik, gemi ve deniz hava vas\u0131talar\u0131n\u0131n harek\u00e2ta haz\u0131rl\u0131k seviyesini art\u0131rmak. D\u00fczenlenen tatbikata, Deniz Kuvvetleri Komutanl\u0131\u011f\u0131ndan 110 gemi, deniz karakol u\u00e7aklar\u0131, deniz helikopterleri, insans\u0131z hava ara\u00e7lar\u0131, Amfibi Deniz Piyade Birlikleri ve Amfibi H\u00fccum Timleri, SAT ve SAS g\u00f6rev timleri ile k\u0131y\u0131 birlikleri, Kara Kuvvetleri Komutanl\u0131\u011f\u0131ndan genel maksat ve taarruz helikopterleri, Hava Kuvvetleri K.l\u0131\u011f\u0131ndan deniz harek\u00e2t\u0131na taktik hava deste\u011fi, Havadan \u0130hbar ve Kontrol (H\u0130K) u\u00e7aklar\u0131 ile nakliye u\u00e7aklar\u0131, \u00d6zel Kuvvetler Komutanl\u0131\u011f\u0131 unsurlar\u0131, Sahil G\u00fcvenlik Komutanl\u0131\u011f\u0131ndan Arama Kurtarma Korvetleri, Sahil G\u00fcvenlik Botlar\u0131, Karakol U\u00e7aklar\u0131 ve Sahil G\u00fcvenlik Helikopterleri olmak \u00fczere toplam 131 gemi, 57 u\u00e7ak ve 33 helikopter ile yakla\u015f\u0131k 25 bin 900 personel kat\u0131ld\u0131.<\/p>\n<p>Milli Savunma Bakanl\u0131\u011f\u0131, Karadeniz, Ege ve Do\u011fu Akdeniz\u2019de e\u015f zamanl\u0131 yap\u0131lan DEN\u0130ZKURDU-2019 Tatbikat\u0131\u2019n\u0131n ba\u015far\u0131yla devam etti\u011fini duyurdu.<\/p>\n","protected":false},"excerpt":{"rendered":"<p>DEN\u0130Z KUVVETLER\u0130 KOMUTANLI\u011eININ EN B\u00dcY\u00dcK TATB\u0130KATLARINDAN OLAN &#8220;DEN\u0130ZKURDU-2019&#8221; TATB\u0130KATI ANADOLU\u2019YU SARAN KARADEN\u0130Z, EGE DEN\u0130Z\u0130 VE AKDEN\u0130Z\u2019DE BA\u015eARILI B\u0130R \u015eEK\u0130LDE DEVAM ED\u0130YOR.<\/p>\n","protected":false},"author":1,"featured_media":158781,"comment_status":"closed","ping_status":"open","sticky":false,"template":"","format":"standard","meta":{"jetpack_post_was_ever_published":false,"_jetpack_newsletter_access":"","_jetpack_dont_email_post_to_subs":false,"_jetpack_newsletter_tier_id":0,"_jetpack_memberships_contains_paywalled_content":false,"_jetpack_memberships_contains_paid_content":false,"footnotes":"","jetpack_publicize_message":"","jetpack_publicize_feature_enabled":true,"jetpack_social_post_already_shared":true,"jetpack_social_options":{"image_generator_settings":{"template":"highway","default_image_id":0,"font":"","enabled":false},"version":2}},"categories":[1],"tags":[36171,7314,522,523],"class_list":["post-158780","post","type-post","status-publish","format-standard","has-post-thumbnail","hentry","category-genel","tag-denizkurdu-2019","tag-basariyla","tag-devam","tag-ediyor"],"jetpack_publicize_connections":[],"jetpack_featured_media_url":"https:\/\/i0.wp.com\/www.tvturk.com\/wp-content\/uploads\/2019\/05\/denizkurdu-2019-basariyla-devam-ediyor_05e1aea.jpg?fit=900%2C600","jetpack_sharing_enabled":true,"jetpack_shortlink":"https:\/\/wp.me\/paKIfm-FiY","_links":{"self":[{"href":"http:\/\/www.tvturk.com\/index.php\/wp-json\/wp\/v2\/posts\/158780","targetHints":{"allow":["GET"]}}],"collection":[{"href":"http:\/\/www.tvturk.com\/index.php\/wp-json\/wp\/v2\/posts"}],"about":[{"href":"http:\/\/www.tvturk.com\/index.php\/wp-json\/wp\/v2\/types\/post"}],"author":[{"embeddable":true,"href":"http:\/\/www.tvturk.com\/index.php\/wp-json\/wp\/v2\/users\/1"}],"replies":[{"embeddable":true,"href":"http:\/\/www.tvturk.com\/index.php\/wp-json\/wp\/v2\/comments?post=158780"}],"version-history":[{"count":0,"href":"http:\/\/www.tvturk.com\/index.php\/wp-json\/wp\/v2\/posts\/158780\/revisions"}],"wp:featuredmedia":[{"embeddable":true,"href":"http:\/\/www.tvturk.com\/index.php\/wp-json\/wp\/v2\/media\/158781"}],"wp:attachment":[{"href":"http:\/\/www.tvturk.com\/index.php\/wp-json\/wp\/v2\/media?parent=158780"}],"wp:term":[{"taxonomy":"category","embeddable":true,"href":"http:\/\/www.tvturk.com\/index.php\/wp-json\/wp\/v2\/categories?post=158780"},{"taxonomy":"post_tag","embeddable":true,"href":"http:\/\/www.tvturk.com\/index.php\/wp-json\/wp\/v2\/tags?post=158780"}],"curies":[{"name":"wp","href":"https:\/\/api.w.org\/{rel}","templated":true}]}}