{"id":158828,"date":"2019-05-18T16:00:08","date_gmt":"2019-05-18T13:00:08","guid":{"rendered":"http:\/\/www.tvturk.com\/index.php\/samsun-universitesi-1-yasinda\/"},"modified":"2019-05-18T16:00:08","modified_gmt":"2019-05-18T13:00:08","slug":"samsun-universitesi-1-yasinda","status":"publish","type":"post","link":"http:\/\/www.tvturk.com\/index.php\/samsun-universitesi-1-yasinda\/","title":{"rendered":"Samsun \u00dcniversitesi 1 ya\u015f\u0131nda"},"content":{"rendered":"<p>SAMSUN (\u0130HA) \u2013 Samsun \u00dcniversitesi Rekt\u00f6r\u00fc Prof. Dr. Mahmut Ayd\u0131n, \u201cSamsun \u00dcniversitesi\u2019nin ba\u015ftan bir misyon farkl\u0131la\u015fmas\u0131 ve ihtisasla\u015fma hedefiyle \u015fekillendirilmesi, T\u00fcrkiye\u2019nin 2023, 2053 ve 2071 vizyonlar\u0131yla da uygunluk arz etmektedir\u201d dedi.<\/p>\n<p>Samsun \u00dcniversitesi Rekt\u00f6r\u00fc Prof. Dr. Mahmut Ayd\u0131n \u00fcniversitenin 1. y\u0131l d\u00f6n\u00fcm\u00fc dolay\u0131s\u0131yla yay\u0131mlad\u0131\u011f\u0131 mesaj\u0131nda,  \u00fcniversite b\u00fcnyesinde t\u00fcm bilim alanlar\u0131ndan fak\u00fcltelerin oldu\u011fu bir \u00fcniversite olarak de\u011fil, belirli alanlarda ihtisasla\u015fm\u0131\u015f bir ara\u015ft\u0131rma \u00fcniversitesi modeli \u00e7er\u00e7evesinde kendini yap\u0131land\u0131rd\u0131\u011f\u0131n\u0131 s\u00f6yledi.<\/p>\n<p>Y\u00f6netim olarak \u00fcniversiteyi bu misyon \u00e7evresinde yap\u0131land\u0131rman\u0131n t\u00fcm payda\u015flar ve kamu kayna\u011f\u0131n\u0131n etkin kullan\u0131m\u0131 bak\u0131m\u0131ndan olduk\u00e7a \u00f6nemli oldu\u011funu d\u00fc\u015f\u00fcnd\u00fcklerini ifade eden Rekt\u00f6r Ayd\u0131n, \u201cDahas\u0131 T\u00fcrkiye y\u00fcksek\u00f6\u011fretiminin yeniden yap\u0131land\u0131r\u0131lmas\u0131n\u0131n tart\u0131\u015f\u0131ld\u0131\u011f\u0131 g\u00fcn\u00fcm\u00fczde, devletimizin en \u00fcst y\u00f6neticilerinin \u00f6nemli fikir, g\u00f6r\u00fc\u015f ve tavsiyelerin de g\u00fcndemde oldu\u011fu g\u00f6zlenmektedir. Nitekim 2017-2018 Akademik Y\u0131l A\u00e7\u0131l\u0131\u015f T\u00f6reni\u2019nde konu\u015fan Say\u0131n Cumhurba\u015fkan\u0131m\u0131z Recep Tayyip Erdo\u011fan, 10 \u00fcniversitenin ara\u015ft\u0131rma \u00fcniversitesi olarak belirledi\u011fini duyurmu\u015f ve Y\u00fcksek\u00f6\u011fretim Kurulu Ba\u015fkan\u0131 nezdinde \u00fcniversite rekt\u00f6rlerine \u00f6nemli tavsiyelerde bulunmu\u015ftur. \u00dcniversitelerimizin uluslararas\u0131, bilhassa M\u00fcsl\u00fcman \u00fclkelerle olan i\u015f birliklerinin geli\u015ftirilmesi, ortak programlar yap\u0131land\u0131r\u0131lmas\u0131, yine bu a\u00e7\u0131l\u0131\u015f konu\u015fmas\u0131ndaki tavsiyeler aras\u0131ndad\u0131r. Ayn\u0131 a\u00e7\u0131l\u0131\u015f konu\u015fmas\u0131nda Say\u0131n Cumhurba\u015fkan\u0131m\u0131z\u0131n \u2019Ge\u00e7ti\u011fimiz y\u0131l y\u00fcksek \u00f6\u011fretim sisteminde kaliteyi y\u00fckseltmenin yollar\u0131ndan birinin misyon farkl\u0131la\u015fmas\u0131 ve ihtisasla\u015fma oldu\u011funu ifade etmi\u015ftim\u2019 \u015feklinde beyanlar\u0131 dikkate al\u0131nd\u0131\u011f\u0131nda, yeni kurulan Samsun \u00dcniversitesi\u2019nin ba\u015ftan bir misyon farkl\u0131la\u015fmas\u0131 ve ihtisasla\u015fma hedefiyle \u015fekillendirilmesi, T\u00fcrkiye\u2019nin 2023, 2053 ve 2071 vizyonlar\u0131yla da uygunluk arz etmektedir\u201d dedi.<\/p>\n<p>\u201cAktif b\u00f6l\u00fcm say\u0131s\u0131 22\u2019ye \u00e7\u0131kacak\u201d<\/p>\n<p>Bir y\u0131ll\u0131k s\u00fcrede bir taraftan t\u00fcm birimlerinin kurulu\u015flar\u0131n\u0131 yaparak kurumsal bir kimlik kazanmaya \u00e7al\u0131\u015fan \u00fcniversitenin di\u011fer taraftan da kanunla kurulan fak\u00fcltelerine yeni programlar a\u00e7arak 2019-2020 e\u011fitim-\u00f6\u011fretim y\u0131l\u0131na kendini haz\u0131rlad\u0131\u011f\u0131n\u0131 ifade eden Rekt\u00f6r Ayd\u0131n, \u201cOndokuz May\u0131s \u00dcniversitesi\u2019ne ba\u011fl\u0131 ilen ba\u011flant\u0131s\u0131 de\u011fi\u015ftirilerek Samsun \u00dcniversitesi\u2019ne ba\u011flanan sekiz aktif b\u00f6l\u00fcme ilave olarak 2019-2020 e\u011fitim-\u00f6\u011fretim y\u0131l\u0131nda \u0130ktisadi, \u0130dari ve Sosyal Bilimler Fak\u00fcltesinde 8, M\u00fchendislik Fak\u00fcltesi\u2019nde 2, Havac\u0131l\u0131k ve Uzay Bilimleri Fak\u00fcltesi\u2019nde 1 ve Kavak Meslek Y\u00fcksekokulu\u2019nda 3 olmak \u00fczere toplam 14 yeni b\u00f6l\u00fcme de \u00f6\u011frenci alarak toplam aktif b\u00f6l\u00fcm say\u0131s\u0131n\u0131 22\u2019ye \u00e7\u0131karacakt\u0131r\u201d diye konu\u015ftu.<\/p>\n<p>19 May\u0131s mesaj\u0131<\/p>\n<p>Rekt\u00f6r Ayd\u0131n ayr\u0131ca 19 May\u0131s Atat\u00fcrk\u2019\u00fc Anma, Gen\u00e7lik ve Spor Bayram\u0131 nedeniyle yay\u0131mlad\u0131\u011f\u0131 mesaj\u0131nda, \u201cGe\u00e7mi\u015ften g\u00fcn\u00fcm\u00fcze, gerek Samsun, gerek 19 May\u0131s gerek bu tarih ile ba\u015flang\u0131\u00e7 bulan ve \u00f6zde\u015fle\u015fen Milli M\u00fccadelemiz ve gerekse bu fitilin ate\u015fleyici g\u00fcc\u00fc Mustafa Kemal Atat\u00fcrk pek \u00e7ok \u015fiire, \u015fark\u0131ya, destana, bilimsel akademik \u00e7al\u0131\u015fmalara konu oldular. Bu tarihi olay\u0131n ciddiyetine vak\u0131f olunur ve toplumsal haf\u0131zadan silinmezlerse konu olmaya da devam edeceklerdir. Nitekim Mustafa Kemal de 19 May\u0131s ile ba\u015flayan tarihi olay\u0131 gen\u00e7lerin zinde belleklerine havale etmi\u015f ve bu g\u00fcn\u00fc gen\u00e7lere arma\u011fan k\u0131lm\u0131\u015ft\u0131r. Bu vesileyle 19 May\u0131s Atat\u00fcrk\u2019\u00fc Anma, Gen\u00e7lik ve Spor Bayram\u0131\u2019n\u0131 kutlar, ba\u015fta Gazi Mustafa Kemal Atat\u00fcrk ve silah arkada\u015flar\u0131 olmak \u00fczere Milli M\u00fccadele kahramanlar\u0131n\u0131 ve bu \u00fclkenin bekas\u0131 i\u00e7in hi\u00e7 teredd\u00fct etmeden canlar\u0131n vazge\u00e7en aziz \u015fehitlerimizi ve gazilerimizi \u015f\u00fckranlar ve minnetle yad ederiz\u201d \u015feklinde konu\u015ftu.<\/p>\n","protected":false},"excerpt":{"rendered":"<p>SAMSUN \u00dcN\u0130VERS\u0130TES\u0130 1 YA\u015eINDA<\/p>\n","protected":false},"author":1,"featured_media":158829,"comment_status":"closed","ping_status":"open","sticky":false,"template":"","format":"standard","meta":{"jetpack_post_was_ever_published":false,"_jetpack_newsletter_access":"","_jetpack_dont_email_post_to_subs":false,"_jetpack_newsletter_tier_id":0,"_jetpack_memberships_contains_paywalled_content":false,"_jetpack_memberships_contains_paid_content":false,"footnotes":"","jetpack_publicize_message":"","jetpack_publicize_feature_enabled":true,"jetpack_social_post_already_shared":true,"jetpack_social_options":{"image_generator_settings":{"template":"highway","default_image_id":0,"font":"","enabled":false},"version":2}},"categories":[1],"tags":[242,382,2487],"class_list":["post-158828","post","type-post","status-publish","format-standard","has-post-thumbnail","hentry","category-genel","tag-samsun","tag-universitesi","tag-yasinda"],"jetpack_publicize_connections":[],"jetpack_featured_media_url":"https:\/\/i0.wp.com\/www.tvturk.com\/wp-content\/uploads\/2019\/05\/samsun-universitesi-1-yasinda_593a8a3.jpg?fit=1000%2C446","jetpack_sharing_enabled":true,"jetpack_shortlink":"https:\/\/wp.me\/paKIfm-FjK","_links":{"self":[{"href":"http:\/\/www.tvturk.com\/index.php\/wp-json\/wp\/v2\/posts\/158828","targetHints":{"allow":["GET"]}}],"collection":[{"href":"http:\/\/www.tvturk.com\/index.php\/wp-json\/wp\/v2\/posts"}],"about":[{"href":"http:\/\/www.tvturk.com\/index.php\/wp-json\/wp\/v2\/types\/post"}],"author":[{"embeddable":true,"href":"http:\/\/www.tvturk.com\/index.php\/wp-json\/wp\/v2\/users\/1"}],"replies":[{"embeddable":true,"href":"http:\/\/www.tvturk.com\/index.php\/wp-json\/wp\/v2\/comments?post=158828"}],"version-history":[{"count":0,"href":"http:\/\/www.tvturk.com\/index.php\/wp-json\/wp\/v2\/posts\/158828\/revisions"}],"wp:featuredmedia":[{"embeddable":true,"href":"http:\/\/www.tvturk.com\/index.php\/wp-json\/wp\/v2\/media\/158829"}],"wp:attachment":[{"href":"http:\/\/www.tvturk.com\/index.php\/wp-json\/wp\/v2\/media?parent=158828"}],"wp:term":[{"taxonomy":"category","embeddable":true,"href":"http:\/\/www.tvturk.com\/index.php\/wp-json\/wp\/v2\/categories?post=158828"},{"taxonomy":"post_tag","embeddable":true,"href":"http:\/\/www.tvturk.com\/index.php\/wp-json\/wp\/v2\/tags?post=158828"}],"curies":[{"name":"wp","href":"https:\/\/api.w.org\/{rel}","templated":true}]}}