{"id":158830,"date":"2019-05-18T16:37:16","date_gmt":"2019-05-18T13:37:16","guid":{"rendered":"http:\/\/www.tvturk.com\/index.php\/muratpasa-genclik-festivali-suruyor\/"},"modified":"2019-05-18T16:37:16","modified_gmt":"2019-05-18T13:37:16","slug":"muratpasa-genclik-festivali-suruyor","status":"publish","type":"post","link":"http:\/\/www.tvturk.com\/index.php\/muratpasa-genclik-festivali-suruyor\/","title":{"rendered":"Muratpa\u015fa Gen\u00e7lik Festivali s\u00fcr\u00fcyor"},"content":{"rendered":"<p>Muratpa\u015fa Belediyesi\u2019nin 19 May\u0131s Atat\u00fcrk\u2019\u00fc Anma Gen\u00e7lik ve Spor Bayram\u0131 dolay\u0131s\u0131yla d\u00fczenlendi\u011fi Muratpa\u015fa Gen\u00e7lik Festivali\u2019nde \u00f6zel bir okulun \u00f6\u011frencilerinin at\u0131k malzemelerden yapt\u0131klar\u0131 kost\u00fcmleri sergiledikleri defilede ay y\u0131ld\u0131zl\u0131 \u00e7al\u0131\u015fma dikkat \u00e7ekti.<\/p>\n<p>Muratpa\u015fa Belediyesi, Gazi Mustafa Kemal Atat\u00fcrk\u2019\u00fcn Samsun\u2019a \u00e7\u0131k\u0131\u015f\u0131n\u0131n 100\u2019\u00fcnc\u00fc y\u0131l d\u00f6n\u00fcm\u00fcn\u00fcn de kutland\u0131\u011f\u0131 19 May\u0131s Atat\u00fcrk\u2019\u00fc Anma Gen\u00e7lik ve Spor Bayram\u0131\u2019n\u0131 3 g\u00fcn devam eden Muratpa\u015fa Gen\u00e7lik Festivali\u2019yle kutluyor. Kutlamalar d\u00fcn Bay\u0131nd\u0131r Park\u2019ta ba\u015flarken etkinlikler bug\u00fcn Muratpa\u015fa Kent Meydan\u0131\u2019nda devam etti.<\/p>\n<p>Festivalde gen\u00e7ler, futbol, yogaya \u00e7e\u015fitli sportif etkinliklerini yan\u0131 s\u0131ra teknoloji park\u0131nda sim\u00fclat\u00f6r, drone, segway gibi son y\u0131llar\u0131n pop\u00fcler \u00fcr\u00fcnleri denedi, canl\u0131 lang\u0131rt, t\u0131rmanma duvar\u0131 gibi oyun parkurlar\u0131nda yeteneklerini sergiledi. Gen\u00e7ler, t\u00fcm bunlarla birlikte seramik bask\u0131dan ekolojik hijyen malzemeleri \u00fcretimine birbirinden farkl\u0131 ba\u015fl\u0131klarda d\u00fczenlenen at\u00f6lyelere kat\u0131ld\u0131.<\/p>\n<p>Ayr\u0131ca Bay\u0131nd\u0131r Park ve Muratpa\u015fa Kent Meydan\u0131\u2019nda kurulan \u2018Gen\u00e7 Sahne\u2019de lise m\u00fczik gruplar\u0131 g\u00fcn boyu sahne ald\u0131. Kent Meydan\u0131\u2019nda kurulan gen\u00e7 sahnede \u00f6zel bir okulun tamamen at\u0131k malzemelerden yapt\u0131klar\u0131 kost\u00fcmlerden olu\u015fan defilesi ise dikkat \u00e7ekti. Defilede ay y\u0131ld\u0131zl\u0131 bir \u00e7al\u0131\u015fma ise b\u00fcy\u00fck be\u011feni toplad\u0131.<\/p>\n<p>Muratpa\u015fa Belediyesi Gen\u00e7lik Festivali, 19 May\u0131s g\u00fcn\u00fc Kent Meydan\u0131\u2019ndan ba\u015flay\u0131p Antalya\u2019n\u0131n do\u011fa harikas\u0131 falezler \u00fczerinde bulunan Erdal \u0130n\u00f6n\u00fc Kent Park\u0131\u2019nda sona erecek y\u00fcr\u00fcy\u00fc\u015f ve sabah sporuyla tamamlanacak. Yakla\u015f\u0131k 4.5 kilometre s\u00fcrecek y\u00fcr\u00fcy\u00fc\u015f\u00fcn sonunda t\u00fcm kat\u0131l\u0131mc\u0131lar, Gazi Mustafa Kemal Atat\u00fcrk\u2019\u00fcn \u201cHi\u00e7 \u015f\u00fcphesiz ki Antalya d\u00fcnyan\u0131n en g\u00fczel kentidir\u201d s\u00f6z\u00fcn\u00fc s\u00f6yledi\u011fi Rumku\u015f mevkiinin hemen yan\u0131 ba\u015f\u0131nda bulunan Erdal \u0130n\u00f6n\u00fc Kent Park\u0131\u2019nda sabah sporu yapacak.<\/p>\n","protected":false},"excerpt":{"rendered":"<p>MURATPA\u015eA BELED\u0130YES\u0130\u2019N\u0130N 19 MAYIS ATAT\u00dcRK\u2019\u00dc ANMA GEN\u00c7L\u0130K VE SPOR BAYRAMI DOLAYISIYLA D\u00dcZENLEND\u0130\u011e\u0130 MURATPA\u015eA GEN\u00c7L\u0130K FEST\u0130VAL\u0130\u2019NDE \u00d6ZEL B\u0130R OKULUN \u00d6\u011eRENC\u0130LER\u0130N\u0130N ATIK MALZEMELERDEN YAPTIKLARI KOST\u00dcMLER\u0130 SERG\u0130LED\u0130KLER\u0130 DEF\u0130LEDE AY YILDIZLI \u00c7ALI\u015eMA B\u00dcY\u00dcK ALKI\u015e TOPLADI.<\/p>\n","protected":false},"author":1,"featured_media":158831,"comment_status":"closed","ping_status":"open","sticky":false,"template":"","format":"standard","meta":{"jetpack_post_was_ever_published":false,"_jetpack_newsletter_access":"","_jetpack_dont_email_post_to_subs":false,"_jetpack_newsletter_tier_id":0,"_jetpack_memberships_contains_paywalled_content":false,"_jetpack_memberships_contains_paid_content":false,"footnotes":"","jetpack_publicize_message":"","jetpack_publicize_feature_enabled":true,"jetpack_social_post_already_shared":true,"jetpack_social_options":{"image_generator_settings":{"template":"highway","default_image_id":0,"font":"","enabled":false},"version":2}},"categories":[1],"tags":[3400,512,3882,1836],"class_list":["post-158830","post","type-post","status-publish","format-standard","has-post-thumbnail","hentry","category-genel","tag-festivali","tag-genclik","tag-muratpasa","tag-suruyor"],"jetpack_publicize_connections":[],"jetpack_featured_media_url":"https:\/\/i0.wp.com\/www.tvturk.com\/wp-content\/uploads\/2019\/05\/muratpasa-genclik-festivali-suruyor_972dce6.jpg?fit=1000%2C666","jetpack_sharing_enabled":true,"jetpack_shortlink":"https:\/\/wp.me\/paKIfm-FjM","_links":{"self":[{"href":"http:\/\/www.tvturk.com\/index.php\/wp-json\/wp\/v2\/posts\/158830","targetHints":{"allow":["GET"]}}],"collection":[{"href":"http:\/\/www.tvturk.com\/index.php\/wp-json\/wp\/v2\/posts"}],"about":[{"href":"http:\/\/www.tvturk.com\/index.php\/wp-json\/wp\/v2\/types\/post"}],"author":[{"embeddable":true,"href":"http:\/\/www.tvturk.com\/index.php\/wp-json\/wp\/v2\/users\/1"}],"replies":[{"embeddable":true,"href":"http:\/\/www.tvturk.com\/index.php\/wp-json\/wp\/v2\/comments?post=158830"}],"version-history":[{"count":0,"href":"http:\/\/www.tvturk.com\/index.php\/wp-json\/wp\/v2\/posts\/158830\/revisions"}],"wp:featuredmedia":[{"embeddable":true,"href":"http:\/\/www.tvturk.com\/index.php\/wp-json\/wp\/v2\/media\/158831"}],"wp:attachment":[{"href":"http:\/\/www.tvturk.com\/index.php\/wp-json\/wp\/v2\/media?parent=158830"}],"wp:term":[{"taxonomy":"category","embeddable":true,"href":"http:\/\/www.tvturk.com\/index.php\/wp-json\/wp\/v2\/categories?post=158830"},{"taxonomy":"post_tag","embeddable":true,"href":"http:\/\/www.tvturk.com\/index.php\/wp-json\/wp\/v2\/tags?post=158830"}],"curies":[{"name":"wp","href":"https:\/\/api.w.org\/{rel}","templated":true}]}}