{"id":158844,"date":"2019-05-18T17:13:21","date_gmt":"2019-05-18T14:13:21","guid":{"rendered":"http:\/\/www.tvturk.com\/index.php\/sehit-astsubay-gozyaslariyla-son-yolculuguna-ugurlandi\/"},"modified":"2019-05-18T17:13:21","modified_gmt":"2019-05-18T14:13:21","slug":"sehit-astsubay-gozyaslariyla-son-yolculuguna-ugurlandi","status":"publish","type":"post","link":"http:\/\/www.tvturk.com\/index.php\/sehit-astsubay-gozyaslariyla-son-yolculuguna-ugurlandi\/","title":{"rendered":"\u015eehit astsubay g\u00f6zya\u015flar\u0131yla son yolculu\u011funa u\u011furland\u0131"},"content":{"rendered":"<p>Kay\u0131p gazeteciyi arama \u00e7al\u0131\u015fmalar\u0131nda suya kap\u0131larak \u015fehit olan Astsubay K\u0131demli \u00dcst\u00e7avu\u015f Mustafa Gidergelme  memleketi Gaziantep\u2019in \u0130slahiye il\u00e7esinde g\u00f6zya\u015flar\u0131yla defnedildi.<\/p>\n<p>Bayburt Ayd\u0131ntepe il\u00e7esi Dumlu mah. m\u00fclki s\u0131n\u0131rlar\u0131 i\u00e7erisinde 10 May\u0131s 2019 cuma g\u00fcn\u00fc suya d\u00fc\u015ferek kaybolan Anadolu Ajans\u0131 muhabiri Abdulkadir Ni\u015fanc\u0131\u2019y\u0131 arama \u00e7al\u0131\u015fmalar\u0131 s\u0131ras\u0131nda suya kap\u0131larak \u015fehit olan iki askerden biri olan ve Ankara Jandarma Arama Kurtarma Tabur Komutanl\u0131\u011f\u0131\u2019nda g\u00f6revli Jandarma Astsubay K\u0131demli \u00dcst\u00e7avu\u015f Mustafa Gidergelme\u2019in cenazesi ikindi namaz\u0131na m\u00fcteakip Gaziantep\u2019in \u0130slahiye il\u00e7esinde g\u00f6zya\u015flar\u0131yla son yolculu\u011funa u\u011furland\u0131. Al bayra\u011fa sar\u0131l\u0131 tabuta sar\u0131lan \u015fehidin babas\u0131 g\u00f6z ya\u015f\u0131 d\u00f6kt\u00fc.<\/p>\n<p>\u015eehidin cenazesi \u0130slahiye\u2019deki S\u0131d\u0131ka Tayyar camisinde k\u0131l\u0131nan ikindi namaz\u0131na m\u00fcteakiben \u0130slahiye Asri Mezarl\u0131\u011f\u0131\u2019nda bulunan \u015fehitli\u011fe defin edildi.<\/p>\n<p>T\u00f6rene Gaziantep Valisi Davut G\u00fcl, Jandarma B\u00f6lge Komutan\u0131 T\u00fcm. Geneneral Yusuf Ziyaettin Cavlak, Diyarbak\u0131r Jandarma B\u00f6lge Komutan\u0131 T\u00fcm general Murat Ko\u00e7, AK Parti Gaziantep Milletvekilleri ve \u00e7ok say\u0131da vatanda\u015f kat\u0131ld\u0131.<\/p>\n","protected":false},"excerpt":{"rendered":"<p>KAYIP GAZETEC\u0130Y\u0130 ARAMA \u00c7ALI\u015eMALARINDA SUYA KAPILARAK \u015eEH\u0130T OLAN ASTSUBAY KIDEML\u0130 \u00dcST\u00c7AVU\u015e MUSTAFA G\u0130DERGELME  MEMLEKET\u0130 GAZ\u0130ANTEP&#8217;\u0130N \u0130SLAH\u0130YE \u0130L\u00c7ES\u0130NDE G\u00d6ZYA\u015eLARIYLA DEFNED\u0130LD\u0130.<\/p>\n","protected":false},"author":1,"featured_media":158845,"comment_status":"closed","ping_status":"open","sticky":false,"template":"","format":"standard","meta":{"jetpack_post_was_ever_published":false,"_jetpack_newsletter_access":"","_jetpack_dont_email_post_to_subs":false,"_jetpack_newsletter_tier_id":0,"_jetpack_memberships_contains_paywalled_content":false,"_jetpack_memberships_contains_paid_content":false,"footnotes":"","jetpack_publicize_message":"","jetpack_publicize_feature_enabled":true,"jetpack_social_post_already_shared":true,"jetpack_social_options":{"image_generator_settings":{"template":"highway","default_image_id":0,"font":"","enabled":false},"version":2}},"categories":[1],"tags":[10856,26595,237,1240,2516,2515],"class_list":["post-158844","post","type-post","status-publish","format-standard","has-post-thumbnail","hentry","category-genel","tag-astsubay","tag-gozyaslariyla","tag-sehit","tag-son","tag-ugurlandi","tag-yolculuguna"],"jetpack_publicize_connections":[],"jetpack_featured_media_url":"https:\/\/i0.wp.com\/www.tvturk.com\/wp-content\/uploads\/2019\/05\/sehit-astsubay-gozyaslariyla-son-yolculuguna-ugurlandi_dcc36a0.jpg?fit=1000%2C562","jetpack_sharing_enabled":true,"jetpack_shortlink":"https:\/\/wp.me\/paKIfm-Fk0","_links":{"self":[{"href":"http:\/\/www.tvturk.com\/index.php\/wp-json\/wp\/v2\/posts\/158844","targetHints":{"allow":["GET"]}}],"collection":[{"href":"http:\/\/www.tvturk.com\/index.php\/wp-json\/wp\/v2\/posts"}],"about":[{"href":"http:\/\/www.tvturk.com\/index.php\/wp-json\/wp\/v2\/types\/post"}],"author":[{"embeddable":true,"href":"http:\/\/www.tvturk.com\/index.php\/wp-json\/wp\/v2\/users\/1"}],"replies":[{"embeddable":true,"href":"http:\/\/www.tvturk.com\/index.php\/wp-json\/wp\/v2\/comments?post=158844"}],"version-history":[{"count":0,"href":"http:\/\/www.tvturk.com\/index.php\/wp-json\/wp\/v2\/posts\/158844\/revisions"}],"wp:featuredmedia":[{"embeddable":true,"href":"http:\/\/www.tvturk.com\/index.php\/wp-json\/wp\/v2\/media\/158845"}],"wp:attachment":[{"href":"http:\/\/www.tvturk.com\/index.php\/wp-json\/wp\/v2\/media?parent=158844"}],"wp:term":[{"taxonomy":"category","embeddable":true,"href":"http:\/\/www.tvturk.com\/index.php\/wp-json\/wp\/v2\/categories?post=158844"},{"taxonomy":"post_tag","embeddable":true,"href":"http:\/\/www.tvturk.com\/index.php\/wp-json\/wp\/v2\/tags?post=158844"}],"curies":[{"name":"wp","href":"https:\/\/api.w.org\/{rel}","templated":true}]}}