{"id":158906,"date":"2019-05-18T19:53:17","date_gmt":"2019-05-18T16:53:17","guid":{"rendered":"http:\/\/www.tvturk.com\/index.php\/binali-yildirima-besiktasta-yogun-ilgi\/"},"modified":"2019-05-18T19:53:17","modified_gmt":"2019-05-18T16:53:17","slug":"binali-yildirima-besiktasta-yogun-ilgi","status":"publish","type":"post","link":"http:\/\/www.tvturk.com\/index.php\/binali-yildirima-besiktasta-yogun-ilgi\/","title":{"rendered":"Binali Y\u0131ld\u0131r\u0131m\u2019a Be\u015fikta\u015f\u2019ta yo\u011fun ilgi"},"content":{"rendered":"<p>AK Parti \u0130stanbul B\u00fcy\u00fck\u015fehir Belediye Ba\u015fkan aday\u0131 Binali Y\u0131ld\u0131r\u0131m, Be\u015fikta\u015f \u00c7ar\u015f\u0131\u2019y\u0131 gezerek vatanda\u015flarla sohbet etti. Gezi sonras\u0131nda k\u0131sa bir a\u00e7\u0131klama yapan Y\u0131ld\u0131r\u0131m, \u201cG\u00f6r\u00fc\u015flerimiz tabi ki farkl\u0131 oluyor ama hi\u00e7bir \u015fey g\u00f6n\u00fcl k\u0131rmaya de\u011fmez\u201d dedi.<\/p>\n<p>AK Parti \u0130stanbul B\u00fcy\u00fck\u015fehir Belediye Ba\u015fkan aday\u0131 Binali Y\u0131ld\u0131r\u0131m, g\u00fcn i\u00e7erisinde bir dizi programa kat\u0131ld\u0131ktan sonra Be\u015fikta\u015f K\u00f6yi\u00e7i Caddesi\u2019ne gelerek vatanda\u015flar\u0131 ve esnaf\u0131 selamlad\u0131. Yakla\u015f\u0131k 1 saat boyunca K\u00f6yi\u00e7i Caddesi\u2019nde gezen Binali Y\u0131ld\u0131r\u0131m, vatanda\u015flardan yo\u011fun ilgi g\u00f6rd\u00fc. Binali Y\u0131ld\u0131r\u0131m\u2019\u0131 kar\u015f\u0131s\u0131nda g\u00f6ren vatanda\u015flar foto\u011fraf \u00e7ektirebilmek i\u00e7in adeta birbiriyle yar\u0131\u015ft\u0131. \u0130\u015f yerlerini ziyaret eden Y\u0131ld\u0131r\u0131m, vatanda\u015flarla se\u00e7imlere y\u00f6nelik g\u00f6r\u00fc\u015f al\u0131\u015fveri\u015finde bulundu. \u00c7ocuklarla yak\u0131ndan ilgilenen Binali Y\u0131ld\u0131r\u0131m, gezi s\u0131ras\u0131nda Kartal Heykelinin yan\u0131ndaki T\u00fcrkiye Gen\u00e7lik Birli\u011fi\u2019nin stand\u0131n\u0131 ziyaret etti. Vatanda\u015flar\u0131n yo\u011fun ilgisiyle turuna devam eden Y\u0131ld\u0131r\u0131m\u2019\u0131n, bir bal\u0131k\u00e7\u0131ya u\u011frayarak eline kalkan bal\u0131\u011f\u0131 al\u0131p sohbet etmesi renkli g\u00f6r\u00fcnt\u00fcler olu\u015fturdu.<\/p>\n<p>Gezi sonras\u0131nda bas\u0131n mensuplar\u0131na k\u0131sa bir a\u00e7\u0131klama yapan AK Parti \u0130stanbul B\u00fcy\u00fck\u015fehir Belediye Ba\u015fkan aday\u0131 Binali Y\u0131ld\u0131r\u0131m, \u201c\u00c7ar\u015f\u0131y\u0131 bir saatte bir arpa boyu yol ald\u0131k. \u00c7ok yo\u011fun olduk\u00e7a hareketli, gayet g\u00fczel ge\u00e7ti. Bu demokrasinin g\u00fczelli\u011fi, ne kadar g\u00fczel insanlar d\u00fc\u015f\u00fcncelerini ifade edebilir ama hi\u00e7bir zaman birbirimize a\u011f\u0131r s\u00f6zler s\u00f6ylememeliyiz. G\u00f6r\u00fc\u015flerimiz tabi ki farkl\u0131 oluyor ancak ayn\u0131 \u00fclkede ya\u015f\u0131yoruz, ayn\u0131 havay\u0131 soluyoruz, tasam\u0131z bir sevincimiz bir, hi\u00e7bir \u015fey bir g\u00f6n\u00fcl k\u0131rmaya de\u011fmez\u201d dedi.<\/p>\n","protected":false},"excerpt":{"rendered":"<p>AK PART\u0130 \u0130STANBUL B\u00dcY\u00dcK\u015eEH\u0130R BELED\u0130YE BA\u015eKAN ADAYI B\u0130NAL\u0130 YILDIRIM, BE\u015e\u0130KTA\u015e \u00c7AR\u015eI\u2019YI GEZEREK VATANDA\u015eLARLA SOHBET ETT\u0130.<\/p>\n","protected":false},"author":1,"featured_media":158907,"comment_status":"closed","ping_status":"open","sticky":false,"template":"","format":"standard","meta":{"jetpack_post_was_ever_published":false,"_jetpack_newsletter_access":"","_jetpack_dont_email_post_to_subs":false,"_jetpack_newsletter_tier_id":0,"_jetpack_memberships_contains_paywalled_content":false,"_jetpack_memberships_contains_paid_content":false,"footnotes":"","jetpack_publicize_message":"","jetpack_publicize_feature_enabled":true,"jetpack_social_post_already_shared":true,"jetpack_social_options":{"image_generator_settings":{"template":"highway","default_image_id":0,"font":"","enabled":false},"version":2}},"categories":[1],"tags":[3383,3333,1726,9846,2640],"class_list":["post-158906","post","type-post","status-publish","format-standard","has-post-thumbnail","hentry","category-genel","tag-besiktasta","tag-binali","tag-ilgi","tag-yildirima","tag-yogun"],"jetpack_publicize_connections":[],"jetpack_featured_media_url":"https:\/\/i0.wp.com\/www.tvturk.com\/wp-content\/uploads\/2019\/05\/binali-yildirima-besiktasta-yogun-ilgi_2ad2669.jpg?fit=1000%2C666","jetpack_sharing_enabled":true,"jetpack_shortlink":"https:\/\/wp.me\/paKIfm-Fl0","_links":{"self":[{"href":"http:\/\/www.tvturk.com\/index.php\/wp-json\/wp\/v2\/posts\/158906","targetHints":{"allow":["GET"]}}],"collection":[{"href":"http:\/\/www.tvturk.com\/index.php\/wp-json\/wp\/v2\/posts"}],"about":[{"href":"http:\/\/www.tvturk.com\/index.php\/wp-json\/wp\/v2\/types\/post"}],"author":[{"embeddable":true,"href":"http:\/\/www.tvturk.com\/index.php\/wp-json\/wp\/v2\/users\/1"}],"replies":[{"embeddable":true,"href":"http:\/\/www.tvturk.com\/index.php\/wp-json\/wp\/v2\/comments?post=158906"}],"version-history":[{"count":0,"href":"http:\/\/www.tvturk.com\/index.php\/wp-json\/wp\/v2\/posts\/158906\/revisions"}],"wp:featuredmedia":[{"embeddable":true,"href":"http:\/\/www.tvturk.com\/index.php\/wp-json\/wp\/v2\/media\/158907"}],"wp:attachment":[{"href":"http:\/\/www.tvturk.com\/index.php\/wp-json\/wp\/v2\/media?parent=158906"}],"wp:term":[{"taxonomy":"category","embeddable":true,"href":"http:\/\/www.tvturk.com\/index.php\/wp-json\/wp\/v2\/categories?post=158906"},{"taxonomy":"post_tag","embeddable":true,"href":"http:\/\/www.tvturk.com\/index.php\/wp-json\/wp\/v2\/tags?post=158906"}],"curies":[{"name":"wp","href":"https:\/\/api.w.org\/{rel}","templated":true}]}}