{"id":158940,"date":"2019-05-18T21:56:17","date_gmt":"2019-05-18T18:56:17","guid":{"rendered":"http:\/\/www.tvturk.com\/index.php\/canakkale-savasinda-sehit-olan-tibbiyeliler-anildi\/"},"modified":"2019-05-18T21:56:17","modified_gmt":"2019-05-18T18:56:17","slug":"canakkale-savasinda-sehit-olan-tibbiyeliler-anildi","status":"publish","type":"post","link":"http:\/\/www.tvturk.com\/index.php\/canakkale-savasinda-sehit-olan-tibbiyeliler-anildi\/","title":{"rendered":"\u00c7anakkale Sava\u015f\u0131\u2019nda \u015fehit olan t\u0131bbiyeliler an\u0131ld\u0131"},"content":{"rendered":"<p>\u00c7anakkale\u2019de Tarihi Gelibolu Yar\u0131madas\u0131\u2019nda Sa\u011fl\u0131k-Sen \u00e7al\u0131\u015fanlar\u0131 104 y\u0131l \u00f6nce \u00c7anakkale Sava\u015flar\u0131\u2019nda \u015fehit d\u00fc\u015fen t\u0131bbiyeli \u00f6\u011frencileri anma program\u0131 d\u00fczenledi.<\/p>\n<p>Sa\u011fl\u0131k-Sen \u00e7al\u0131\u015fanlar\u0131 104 y\u0131l \u00f6nce \u00c7anakkale Sava\u015flar\u0131\u2019nda \u015fehit d\u00fc\u015fen t\u0131bbiyeli \u00f6\u011frencileri anma program d\u00fczenledi. \u00c7anakkale Sava\u015flar\u0131\u2019nda, 18 May\u0131s\u2019\u0131 19 May\u0131s\u2019a ba\u011flayan gece K\u0131rm\u0131z\u0131 s\u0131rttan taarruza ge\u00e7en T\u00fcrk askerleri aras\u0131nda bulunan \u015fehit t\u0131bbiyeli \u00f6\u011frenciler i\u00e7in Tarihi Gelibolu Yar\u0131madas\u0131\u2019ndaki 57. Alay \u015eehitli\u011fi \u00f6n\u00fcnde anma t\u00f6reni d\u00fczenlendi.  Bu y\u0131l 9\u2019uncusu ger\u00e7ekle\u015ftirilen \u2018T\u0131bbiyeden \u015eehadete\u2019 anma program\u0131yla \u015fehit d\u00fc\u015fen t\u0131bbiyeli \u00f6\u011frenciler an\u0131ld\u0131. Anma program\u0131na AK Parti \u00c7anakkale Milletvekili J\u00fclide \u0130skendero\u011flu, \u00c7anakkale \u0130l Sa\u011fl\u0131k M\u00fcd\u00fcr\u00fc Dr. Ali Ta\u015f\u00e7\u0131, Sa\u011fl\u0131k-Sen \u00c7anakkale \u015eube Ba\u015fkan\u0131 Suat \u00d6zen ve sa\u011fl\u0131k \u00e7al\u0131\u015fanlar\u0131 kat\u0131ld\u0131. \u0130ftar yeme\u011fi ile ba\u015flayan program daha sonra ilahiler ve Kur\u2019an-\u0131 Kerim Tilaveti ile s\u00fcrd\u00fc.<\/p>\n<p>\u00c7anakkale Sava\u015flar\u0131\u2019nda hayat\u0131n\u0131 kaybeden t\u0131bbiyelileri anmak i\u00e7in bir araya geldiklerini ifade eden Sa\u011fl\u0131k-Sen \u00c7anakkale \u015eube Ba\u015fkan\u0131 Suat \u00d6zen, &#8220;T\u0131bbiyeden \u015eehadete program\u0131m\u0131z\u0131n bu sene 9\u2019uncusunu ger\u00e7ekle\u015ftiriyoruz. 57. Alay \u015eehitli\u011fi\u2019nde arkada\u015flar\u0131m\u0131zla birlikte iftar\u0131m\u0131z\u0131 a\u00e7t\u0131k. Ge\u00e7mi\u015fimizi bilerek, 1915 \u00c7anakkale Ruhu\u2019nu gelece\u011fe ta\u015f\u0131mak ad\u0131na bu misyonu \u00fcstleniyoruz. \u00c7\u00fcnk\u00fc 100 y\u0131l \u00f6nce bu gece saat 03.30 civar\u0131nda t\u0131bbiyeden gelen \u00f6\u011frencilerimiz \u015fehit d\u00fc\u015ft\u00fc. Bu y\u00fczden \u015fehit t\u0131bbiyeli \u00f6\u011frencilerimizi yad etmek ad\u0131na bu program\u0131 d\u00fczenledik&#8221; \u015feklinde konu\u015ftu.<\/p>\n<p>Anma program\u0131, Namazgah\u2019ta teravih namaz\u0131 daha sonra Turgay G\u00fcle\u00e7\u2019in g\u00fcn\u00fcn \u00f6nemine dair sohbeti, saat 02.00\u2019de 57\u2019nci Alay \u015eehitli\u011fi\u2019nde sahur, saat 03.30\u2019da Kesik Dere \u015eehitli\u011fi\u2019nde \u015fehitler i\u00e7in Kur\u2019an-\u0131 Kerim Tilaveti ve dua ile son bulacak.<\/p>\n","protected":false},"excerpt":{"rendered":"<p>\u00c7ANAKKALE\u2019DE TAR\u0130H\u0130 GEL\u0130BOLU YARIMADASI\u2019NDA SA\u011eLIK SEN \u00c7ALI\u015eANLARI 104 YIL \u00d6NCE \u00c7ANAKKALE SAVA\u015eLARI\u2019NDA \u015eEH\u0130T D\u00dc\u015eEN TIBB\u0130YEL\u0130 \u00d6\u011eRENC\u0130LER\u0130 ANMA PROGRAM D\u00dcZENLED\u0130.<\/p>\n","protected":false},"author":1,"featured_media":158941,"comment_status":"closed","ping_status":"open","sticky":false,"template":"","format":"standard","meta":{"jetpack_post_was_ever_published":false,"_jetpack_newsletter_access":"","_jetpack_dont_email_post_to_subs":false,"_jetpack_newsletter_tier_id":0,"_jetpack_memberships_contains_paywalled_content":false,"_jetpack_memberships_contains_paid_content":false,"footnotes":"","jetpack_publicize_message":"","jetpack_publicize_feature_enabled":true,"jetpack_social_post_already_shared":true,"jetpack_social_options":{"image_generator_settings":{"template":"highway","default_image_id":0,"font":"","enabled":false},"version":2}},"categories":[1],"tags":[241,1264,572,12621,237,37097],"class_list":["post-158940","post","type-post","status-publish","format-standard","has-post-thumbnail","hentry","category-genel","tag-anildi","tag-canakkale","tag-olan","tag-savasinda","tag-sehit","tag-tibbiyeliler"],"jetpack_publicize_connections":[],"jetpack_featured_media_url":"https:\/\/i0.wp.com\/www.tvturk.com\/wp-content\/uploads\/2019\/05\/canakkale-savasinda-sehit-olan-tibbiyeliler-anildi_85ed909.jpg?fit=1000%2C506","jetpack_sharing_enabled":true,"jetpack_shortlink":"https:\/\/wp.me\/paKIfm-Fly","_links":{"self":[{"href":"http:\/\/www.tvturk.com\/index.php\/wp-json\/wp\/v2\/posts\/158940","targetHints":{"allow":["GET"]}}],"collection":[{"href":"http:\/\/www.tvturk.com\/index.php\/wp-json\/wp\/v2\/posts"}],"about":[{"href":"http:\/\/www.tvturk.com\/index.php\/wp-json\/wp\/v2\/types\/post"}],"author":[{"embeddable":true,"href":"http:\/\/www.tvturk.com\/index.php\/wp-json\/wp\/v2\/users\/1"}],"replies":[{"embeddable":true,"href":"http:\/\/www.tvturk.com\/index.php\/wp-json\/wp\/v2\/comments?post=158940"}],"version-history":[{"count":0,"href":"http:\/\/www.tvturk.com\/index.php\/wp-json\/wp\/v2\/posts\/158940\/revisions"}],"wp:featuredmedia":[{"embeddable":true,"href":"http:\/\/www.tvturk.com\/index.php\/wp-json\/wp\/v2\/media\/158941"}],"wp:attachment":[{"href":"http:\/\/www.tvturk.com\/index.php\/wp-json\/wp\/v2\/media?parent=158940"}],"wp:term":[{"taxonomy":"category","embeddable":true,"href":"http:\/\/www.tvturk.com\/index.php\/wp-json\/wp\/v2\/categories?post=158940"},{"taxonomy":"post_tag","embeddable":true,"href":"http:\/\/www.tvturk.com\/index.php\/wp-json\/wp\/v2\/tags?post=158940"}],"curies":[{"name":"wp","href":"https:\/\/api.w.org\/{rel}","templated":true}]}}