{"id":158944,"date":"2019-05-18T22:30:14","date_gmt":"2019-05-18T19:30:14","guid":{"rendered":"http:\/\/www.tvturk.com\/index.php\/diyanet-isleri-baskani-erbas-ramazan-eglenceleri-teravihleri-engellemesin\/"},"modified":"2019-05-18T22:30:14","modified_gmt":"2019-05-18T19:30:14","slug":"diyanet-isleri-baskani-erbas-ramazan-eglenceleri-teravihleri-engellemesin","status":"publish","type":"post","link":"http:\/\/www.tvturk.com\/index.php\/diyanet-isleri-baskani-erbas-ramazan-eglenceleri-teravihleri-engellemesin\/","title":{"rendered":"Diyanet \u0130\u015fleri Ba\u015fkan\u0131 Erba\u015f: \u201cRamazan e\u011flenceleri teravihleri engellemesin\u201d"},"content":{"rendered":"<p>Diyanet \u0130\u015fleri Ba\u015fkan\u0131 Prof. Dr. Ali Erba\u015f, Ramazan sofralar\u0131ndaki kalabal\u0131\u011f\u0131n teravih namazlar\u0131nda da olmas\u0131n\u0131 isteyerek, Ramazan e\u011flencelerinin teravih namazlar\u0131na engel olmamas\u0131 gerekti\u011fini s\u00f6yledi.<\/p>\n<p>Bir tak\u0131m ziyaretler i\u00e7in Konya\u2019ya gelen Diyanet \u0130\u015fleri Ba\u015fkan\u0131 Prof. Dr. Ali Erba\u015f, Konya \u0130l M\u00fcft\u00fcl\u00fc\u011f\u00fc taraf\u0131ndan Mevlana Meydan\u0131\u2019nda d\u00fczenlenen iftar program\u0131nda vatanda\u015flarla bir araya geldi.<\/p>\n<p>\u0130ftar yeme\u011finin ard\u0131ndan konu\u015fan Prof. Dr. Erba\u015f, b\u00f6yle bir kalabal\u0131\u011f\u0131n ancak iftar sofralar\u0131na nasip olacak bir manzaraya sahip oldu\u011funu s\u00f6yledi. Ramazan ay\u0131n\u0131n, Kur\u2019an, iftar, sahur, payla\u015f\u0131m ve infak ay\u0131 oldu\u011funu kaydeden Prof. Dr. Erba\u015f, \u201c\u0130\u015fte bunun en b\u00fcy\u00fck g\u00f6stergesi sofralar\u0131m\u0131z\u0131 payla\u015ft\u0131\u011f\u0131m\u0131z \u015fu Mevlana Meydan\u0131\u2019ndaki manzarad\u0131r. Rabbimiz Kur\u2019an-\u0131 Kerim\u2019de 250 kadar ayet-i kerimede infaktan yani s\u0131rf Allah r\u0131zas\u0131 i\u00e7in vermekten bahsediyor. B\u00fct\u00fcn m\u00fcminlerin ve insanlar\u0131n infak ile birbirlerine payla\u015f\u0131m ile yard\u0131mla\u015fmas\u0131ndan bahsediyor. \u0130yilik ve takvada yard\u0131mla\u015f\u0131n\u0131z, k\u00f6t\u00fcl\u00fck ve g\u00fcnahta yard\u0131mla\u015fmay\u0131n\u0131z buyuruyor. Bizler neslimizi ve \u00e7ocuklar\u0131m\u0131z\u0131 bu ilkeler do\u011frultusunda yeti\u015ftirerek ideal bir toplum meydana getirmek zorunday\u0131z\u201d dedi.<\/p>\n<p>\u201cBir dilim ekme\u011fe muhta\u00e7 olan milyonlarca insan var\u201d<\/p>\n<p>Ailenin her bir ferdinin g\u00f6nl\u00fcnde payla\u015f\u0131m anlay\u0131\u015f\u0131n\u0131, yard\u0131mla\u015fma ve infak anlay\u0131\u015f\u0131n\u0131 yerle\u015ftirmek zorunda olduklar\u0131n\u0131 dile getiren Prof. Dr. Erba\u015f, \u201cD\u00fcnyan\u0131n \u00e7e\u015fitli yerlerinde sofralar\u0131nda bir dilim ekme\u011fe muhta\u00e7 olan milyonlarca insan var. 3-4 saniye i\u00e7erisinde bir insan a\u00e7l\u0131ktan \u00f6l\u00fcyor. Ama bir o kadar da tokluktan \u00f6len insanlar var. Diyoruz ki denge dini olan \u0130slam\u2019da oldu\u011fu gibi kimse a\u00e7l\u0131ktan \u00f6lmesin, kimse de tokluktan \u00f6lmesin diye olanlar\u0131n olmayanlara vermesini emretmi\u015f. Zekat\u0131, fitresi ve f\u0131tr sadakas\u0131yla bu anlay\u0131\u015f\u0131 g\u00fc\u00e7lendirmeye \u00e7al\u0131\u015fm\u0131\u015ft\u0131r \u0130slam. Biz onun i\u00e7in bu y\u0131l Ramazan ay\u0131nda infak konusunu tema olarak se\u00e7tik ve b\u00fct\u00fcn illerimizde il\u00e7elerimizde ve hocalar\u0131m\u0131z\u0131n yurt d\u0131\u015f\u0131nda gittikleri yerlerde bu meselenin ne kadar \u00f6nemli oldu\u011funu anlatt\u0131lar. Ge\u00e7en y\u0131l israf olmas\u0131n dedik, insanlar\u0131 israftan uzakla\u015ft\u0131rmaya \u00e7al\u0131\u015ft\u0131k. Bu sene de infak ile payla\u015fma ruhunu geli\u015ftirmeye \u00e7al\u0131\u015f\u0131yoruz\u201d \u015feklinde konu\u015ftu.<\/p>\n<p>\u201cRamazan e\u011flenceleri teravihleri engellemesin\u201d<\/p>\n<p>Ramazan ay\u0131nda tutulan oru\u00e7lar\u0131n kabul olmas\u0131 i\u00e7in dua eden Erba\u015f, \u201cTeravih namazlar\u0131nda bulu\u015fal\u0131m in\u015fallah. \u0130ftar sofras\u0131ndaki kalabal\u0131klar\u0131 camilerde teravihlerde de g\u00f6rmek istiyoruz. \u00c7\u00fcnk\u00fc Ramazan\u2019\u0131n ne\u015fesi, teravihlerde camileri \u00e7ocuklar\u0131m\u0131zla, gen\u00e7lerimizle, kad\u0131nlar\u0131m\u0131zla, erkeklerimizle doldurmakt\u0131r. Ne olur camilerimizi mahzun b\u0131rakmayal\u0131m. Camilerimizi cemaatsiz b\u0131rakmayal\u0131m, Ramazan e\u011flenceleri teravihleri engellemesin. Ramazan ibadet ay\u0131d\u0131r. Dolay\u0131s\u0131yla camilerimizde daha fazla namaza devam edersek hatimlere, mukabelelere devam edersek, Ramazan\u2019\u0131 o kadar g\u00fczel de\u011ferlendirmi\u015f oluruz\u201d ifadelerini kulland\u0131.<\/p>\n<p>Konya \u0130l M\u00fcft\u00fcs\u00fc Ahmet Po\u00e7ano\u011flu ise, Mevlana Meydan\u0131\u2019nda hep beraber iftar sevincini ya\u015fad\u0131klar\u0131n\u0131 belirterek, \u201cCenab-\u0131 Hak bizleri oru\u00e7 ibadetimizle Rabbimize kavu\u015ftu\u011fumuz zaman sevinen kullar\u0131ndan eylesin diye duya ediyorum. B\u00fct\u00fcn kat\u0131lan karde\u015flerimize, garip gurebaya, b\u00fct\u00fcn kat\u0131l\u0131mc\u0131lara, b\u00fct\u00fcn davetlilerimize ho\u015f geldiniz diyorum. Hepinizden Allah raz\u0131 olsun. Bu ikram\u0131n \u015fehrimiz i\u00e7in, memleketimiz i\u00e7in, \u00fclkemiz i\u00e7in berekete vesile olmas\u0131n\u0131 Cenab-\u0131 Hak\u2019tan niyaz ediyorum\u201d diye konu\u015ftu.<\/p>\n<p>Konu\u015fmalar\u0131n ard\u0131ndan \u0130l M\u00fcft\u00fcl\u00fc\u011f\u00fcn\u00fcn Kur\u2019an kursu \u00f6\u011frencileri aras\u0131nda d\u00fczenledi\u011fi, \u2018Hayat\u0131mdaki Ayetler Kadraj\u0131mda\u2019 konulu foto\u011fraf yar\u0131\u015fmas\u0131nda dereceye giren \u00f6\u011frencilerin \u00f6d\u00fclleri, Diyanet \u0130\u015fleri Ba\u015fkan\u0131 Prof. Dr. Ali Erba\u015f taraf\u0131ndan verildi.<\/p>\n","protected":false},"excerpt":{"rendered":"<p>D\u0130YANET \u0130\u015eLER\u0130 BA\u015eKANI PROF. DR. AL\u0130 ERBA\u015e, RAMAZAN SOFRALARINDAK\u0130 KALABALI\u011eIN TERAV\u0130H NAMAZLARINDA DA OLMASINI \u0130STEYEREK, RAMAZAN E\u011eLENCELER\u0130N\u0130N TERAV\u0130H NAMAZLARINA ENGEL OLMAMASI GEREKT\u0130\u011e\u0130N\u0130 S\u00d6YLED\u0130.<\/p>\n","protected":false},"author":1,"featured_media":158945,"comment_status":"closed","ping_status":"open","sticky":false,"template":"","format":"standard","meta":{"jetpack_post_was_ever_published":false,"_jetpack_newsletter_access":"","_jetpack_dont_email_post_to_subs":false,"_jetpack_newsletter_tier_id":0,"_jetpack_memberships_contains_paywalled_content":false,"_jetpack_memberships_contains_paid_content":false,"footnotes":"","jetpack_publicize_message":"","jetpack_publicize_feature_enabled":true,"jetpack_social_post_already_shared":true,"jetpack_social_options":{"image_generator_settings":{"template":"highway","default_image_id":0,"font":"","enabled":false},"version":2}},"categories":[1],"tags":[216,3150,37098,37100,10687,3151,28330,37099],"class_list":["post-158944","post","type-post","status-publish","format-standard","has-post-thumbnail","hentry","category-genel","tag-baskani","tag-diyanet","tag-eglenceleri","tag-engellemesin","tag-erbas","tag-isleri","tag-ramazan","tag-teravihleri"],"jetpack_publicize_connections":[],"jetpack_featured_media_url":"https:\/\/i0.wp.com\/www.tvturk.com\/wp-content\/uploads\/2019\/05\/diyanet-isleri-baskani-erbas-ramazan-eglenceleri-teravihleri-engellemesin_2a0880a.jpg?fit=1000%2C666","jetpack_sharing_enabled":true,"jetpack_shortlink":"https:\/\/wp.me\/paKIfm-FlC","_links":{"self":[{"href":"http:\/\/www.tvturk.com\/index.php\/wp-json\/wp\/v2\/posts\/158944","targetHints":{"allow":["GET"]}}],"collection":[{"href":"http:\/\/www.tvturk.com\/index.php\/wp-json\/wp\/v2\/posts"}],"about":[{"href":"http:\/\/www.tvturk.com\/index.php\/wp-json\/wp\/v2\/types\/post"}],"author":[{"embeddable":true,"href":"http:\/\/www.tvturk.com\/index.php\/wp-json\/wp\/v2\/users\/1"}],"replies":[{"embeddable":true,"href":"http:\/\/www.tvturk.com\/index.php\/wp-json\/wp\/v2\/comments?post=158944"}],"version-history":[{"count":0,"href":"http:\/\/www.tvturk.com\/index.php\/wp-json\/wp\/v2\/posts\/158944\/revisions"}],"wp:featuredmedia":[{"embeddable":true,"href":"http:\/\/www.tvturk.com\/index.php\/wp-json\/wp\/v2\/media\/158945"}],"wp:attachment":[{"href":"http:\/\/www.tvturk.com\/index.php\/wp-json\/wp\/v2\/media?parent=158944"}],"wp:term":[{"taxonomy":"category","embeddable":true,"href":"http:\/\/www.tvturk.com\/index.php\/wp-json\/wp\/v2\/categories?post=158944"},{"taxonomy":"post_tag","embeddable":true,"href":"http:\/\/www.tvturk.com\/index.php\/wp-json\/wp\/v2\/tags?post=158944"}],"curies":[{"name":"wp","href":"https:\/\/api.w.org\/{rel}","templated":true}]}}