{"id":158958,"date":"2019-05-19T00:07:14","date_gmt":"2019-05-18T21:07:14","guid":{"rendered":"http:\/\/www.tvturk.com\/index.php\/geoder-tarafindan-19-mayis-yuruyusu-yapildi\/"},"modified":"2019-05-19T00:07:14","modified_gmt":"2019-05-18T21:07:14","slug":"geoder-tarafindan-19-mayis-yuruyusu-yapildi","status":"publish","type":"post","link":"http:\/\/www.tvturk.com\/index.php\/geoder-tarafindan-19-mayis-yuruyusu-yapildi\/","title":{"rendered":"GEODER taraf\u0131ndan 19 May\u0131s y\u00fcr\u00fcy\u00fc\u015f\u00fc yap\u0131ld\u0131"},"content":{"rendered":"<p>\u00c7ank\u0131r\u0131\u2019da 19 May\u0131s Atat\u00fcrk\u2019\u00fc Anma, Gen\u00e7lik ve Spor Bayram\u0131 kapsam\u0131nda Gen\u00e7 Olu\u015fum Derne\u011fi (GEODER) taraf\u0131ndan y\u00fcr\u00fcy\u00fc\u015f d\u00fczenlendi.<\/p>\n<p>D\u00fczenlenen y\u00fcr\u00fcy\u00fc\u015f kapsam\u0131nda Kucaklama Ta\u015f\u0131\u2019ndan ba\u015flan\u0131larak An\u0131t Alan\u0131\u2019nda sona erdi. Y\u00fcr\u00fcy\u00fc\u015fe kat\u0131lanlar ellerinde me\u015faleler ve T\u00fcrk bayraklar\u0131yla y\u00fcr\u00fcd\u00fc. An\u0131t Alan\u0131\u2019nda kat\u0131l\u0131mc\u0131lar taraf\u0131ndan sayg\u0131 duru\u015funda bulunulup \u0130stiklal Mar\u015f\u0131\u2019n\u0131n okunmas\u0131n\u0131n ard\u0131ndan Batuhan Yenik\u00f6se taraf\u0131ndan Bayrak \u015fiiri okundu. GEODER Ba\u015fkan\u0131 Ahmet M\u00fckerrem \u00dcnal taraf\u0131ndan g\u00fcn\u00fcn anlam ve \u00f6nemini belirten konu\u015fma yapt\u0131. \u00dcnal, yapt\u0131\u011f\u0131 konu\u015fmas\u0131nda, &#8220;19 May\u0131s Atat\u00fcrk\u2019\u00fc Anma, Gen\u00e7lik ve Spor Bayram\u0131m\u0131z\u0131 kutluyorum. Bug\u00fcnden tam y\u00fcz sene \u00f6nce \u00fclkemizin d\u00f6rt bir yan\u0131 d\u00fc\u015fman kuvvetleri taraf\u0131ndan sar\u0131lm\u0131\u015f ve i\u015fgale u\u011fram\u0131\u015ft\u0131. D\u00f6nemin Yunan muhalefeti ve gelecekti ba\u015fbakan\u0131 Metaksas, \u015fu \u00f6ng\u00f6r\u00fcde bulunmu\u015ftu: \u2019K\u00fc\u00e7\u00fck Asya\u2019ya ad\u0131m atmay\u0131n. T\u00fcrklerin ordular\u0131, komutanlar\u0131 vard\u0131r ve k\u0131sa zamanda bize bunun bedelini \u00f6detirler.\u2019 Metaksas hakl\u0131yd\u0131, \u00e7\u00fcnk\u00fc T\u00fcrkler deruni devlet gelene\u011fi olan ve tarihini ya\u015famakla de\u011fil, yazmakla ge\u00e7irmi\u015f bir milletti. Samsun\u2019a ilk ad\u0131mla beraber, T\u00fcrk milletinin \u00fczerindeki bitkinli\u011fi ve \u00f6l\u00fc topra\u011f\u0131n\u0131 atman\u0131n zaman\u0131 gelmi\u015fti. \u0130\u015fte, Mustafa Kemal Atat\u00fcrk, Samsun\u2019a \u00e7\u0131kma ve milleti kurtulu\u015fa inand\u0131rma karar\u0131n\u0131 bu \u015fartlar alt\u0131nda alm\u0131\u015ft\u0131.&#8221; dedi.<\/p>\n<p>GEODER Ba\u015fkan\u0131 Ahmet M\u00fckerrem \u00dcnal, &#8220;19 May\u0131s\u2019\u0131n 100. y\u0131l d\u00f6n\u00fcm\u00fcnde Gazi Mustafa Kemal Atat\u00fcrk ba\u015fta olmak \u00fczere Mill\u00ee M\u00fccadelemizin e\u015fsiz kahramanlar\u0131n\u0131 ve ge\u00e7mi\u015ften g\u00fcn\u00fcm\u00fcze kadar bu vatan ve bayrak i\u00e7in canlar\u0131n\u0131 feda eden aziz \u015fehitlerimizi sayg\u0131, \u015f\u00fckran ve rahmetle an\u0131yorum.&#8221; ifadelerini kulland\u0131.<\/p>\n<p>D\u00fczenlenen y\u00fcr\u00fcy\u00fc\u015fe \u00c7ank\u0131r\u0131 Belediye Ba\u015fkan\u0131 \u0130smail Hakk\u0131 Esen de kat\u0131ld\u0131.<\/p>\n","protected":false},"excerpt":{"rendered":"<p>\u00c7ANKIRI&#8217;DA 19 MAYIS ATAT\u00dcRK&#8217;\u00dc ANMA, GEN\u00c7L\u0130K VE SPOR BAYRAMI KAPSAMINDA GEN\u00c7 OLU\u015eUM DERNE\u011e\u0130 (GEODER) TARAFINDAN Y\u00dcR\u00dcY\u00dc\u015e D\u00dcZENLEND\u0130.<\/p>\n","protected":false},"author":1,"featured_media":158959,"comment_status":"closed","ping_status":"open","sticky":false,"template":"","format":"standard","meta":{"jetpack_post_was_ever_published":false,"_jetpack_newsletter_access":"","_jetpack_dont_email_post_to_subs":false,"_jetpack_newsletter_tier_id":0,"_jetpack_memberships_contains_paywalled_content":false,"_jetpack_memberships_contains_paid_content":false,"footnotes":"","jetpack_publicize_message":"","jetpack_publicize_feature_enabled":true,"jetpack_social_post_already_shared":true,"jetpack_social_options":{"image_generator_settings":{"template":"highway","default_image_id":0,"font":"","enabled":false},"version":2}},"categories":[1],"tags":[37102,2125,765,117,1983],"class_list":["post-158958","post","type-post","status-publish","format-standard","has-post-thumbnail","hentry","category-genel","tag-geoder","tag-mayis","tag-tarafindan","tag-yapildi","tag-yuruyusu"],"jetpack_publicize_connections":[],"jetpack_featured_media_url":"https:\/\/i0.wp.com\/www.tvturk.com\/wp-content\/uploads\/2019\/05\/geoder-tarafindan-19-mayis-yuruyusu-yapildi_a2a07ca.jpg?fit=1000%2C666","jetpack_sharing_enabled":true,"jetpack_shortlink":"https:\/\/wp.me\/paKIfm-FlQ","_links":{"self":[{"href":"http:\/\/www.tvturk.com\/index.php\/wp-json\/wp\/v2\/posts\/158958","targetHints":{"allow":["GET"]}}],"collection":[{"href":"http:\/\/www.tvturk.com\/index.php\/wp-json\/wp\/v2\/posts"}],"about":[{"href":"http:\/\/www.tvturk.com\/index.php\/wp-json\/wp\/v2\/types\/post"}],"author":[{"embeddable":true,"href":"http:\/\/www.tvturk.com\/index.php\/wp-json\/wp\/v2\/users\/1"}],"replies":[{"embeddable":true,"href":"http:\/\/www.tvturk.com\/index.php\/wp-json\/wp\/v2\/comments?post=158958"}],"version-history":[{"count":0,"href":"http:\/\/www.tvturk.com\/index.php\/wp-json\/wp\/v2\/posts\/158958\/revisions"}],"wp:featuredmedia":[{"embeddable":true,"href":"http:\/\/www.tvturk.com\/index.php\/wp-json\/wp\/v2\/media\/158959"}],"wp:attachment":[{"href":"http:\/\/www.tvturk.com\/index.php\/wp-json\/wp\/v2\/media?parent=158958"}],"wp:term":[{"taxonomy":"category","embeddable":true,"href":"http:\/\/www.tvturk.com\/index.php\/wp-json\/wp\/v2\/categories?post=158958"},{"taxonomy":"post_tag","embeddable":true,"href":"http:\/\/www.tvturk.com\/index.php\/wp-json\/wp\/v2\/tags?post=158958"}],"curies":[{"name":"wp","href":"https:\/\/api.w.org\/{rel}","templated":true}]}}