{"id":158974,"date":"2019-05-19T03:31:09","date_gmt":"2019-05-19T00:31:09","guid":{"rendered":"http:\/\/www.tvturk.com\/index.php\/corum-muzesine-ziyaretci-akini\/"},"modified":"2019-05-19T03:31:09","modified_gmt":"2019-05-19T00:31:09","slug":"corum-muzesine-ziyaretci-akini","status":"publish","type":"post","link":"http:\/\/www.tvturk.com\/index.php\/corum-muzesine-ziyaretci-akini\/","title":{"rendered":"\u00c7orum m\u00fczesine ziyaret\u00e7i ak\u0131n\u0131"},"content":{"rendered":"<p>K\u00fclt\u00fcr ve Turizm Bakanl\u0131\u011f\u0131 taraf\u0131ndan 18 May\u0131s M\u00fczeler G\u00fcn\u00fc dolay\u0131s\u0131yla d\u00fczenlenen &#8220;Avrupa M\u00fczeler Gecesi&#8221; etkinli\u011fi kapsam\u0131nda \u00c7orum M\u00fczesi, ziyaret\u00e7i ak\u0131n\u0131na u\u011frad\u0131.<\/p>\n<p>G\u00fcnd\u00fcz m\u00fczeye gelme f\u0131rsat\u0131 bulamayanlar etkinlik ailesiyle \u00c7orum M\u00fczesi\u2019ni gezerek, hem m\u00fczede sergilenen yakla\u015f\u0131k 7 bin y\u0131ll\u0131k tarihi eserleri inceleme f\u0131rsat\u0131 hem de keyifli bir ak\u015fam ge\u00e7irme buldu.<\/p>\n<p>Avrupa M\u00fczeler Gecesi program\u0131n\u0131n g\u00fczel bir etkinlik oldu\u011funu dile getiren Do\u011fan G\u00f6ksel, \u201cBu etkinlikten bizimde yararlanma f\u0131rsat\u0131m\u0131z oldu. Etkinlikte eme\u011fi ge\u00e7en ve insanlar\u0131 m\u00fczeyle bulu\u015fturan yetkililere te\u015fekk\u00fcr ederim\u201d dedi.<\/p>\n<p>Tarihi bilmeyenlerin kendini bilemeyece\u011fini dile getiren Mustafa G\u00f6kg\u00f6z ise, tarihin tan\u0131t\u0131lmas\u0131 anlat\u0131lmas\u0131 noktas\u0131nda m\u00fczelerin \u00f6nemine dikkat \u00e7ekerek, \u00c7orum m\u00fczesinin de sadece T\u00fcrkiye\u2019de de\u011fil d\u00fcnya \u00e7ap\u0131nda \u00f6nemli bir yere sahip oldu\u011funu vurgulad\u0131.<\/p>\n<p>\u00c7orum M\u00fczesi\u2019nde Hititlerin yan\u0131 s\u0131ra \u00e7ok say\u0131da medeniyete ait eserlerin oldu\u011funu hat\u0131rlatan G\u00f6kg\u00f6z, \u201cM\u00fczenin bu gece a\u00e7\u0131k olmas\u0131 \u00e7ok g\u00fczel oldu. Vatanda\u015flar\u0131n ilgisi yo\u011fun. Bu t\u00fcr etkinlikler devam etmeli\u201d ifadelerini kulland\u0131.<\/p>\n<p>\u00c7orum M\u00fczesi\u2019ne ikinci kez geldi\u011fini anlatan Alya G\u00f6kt\u00fcrk adl\u0131 \u00e7ocuk ise, \u201cM\u00fczeyi \u00e7ok be\u011fendim. G\u00f6z ya\u015f\u0131 \u015fi\u015feleri dikkatimi \u00e7ekti. Onlar\u0131n ne i\u00e7in kullan\u0131ld\u0131\u011f\u0131n\u0131 ara\u015ft\u0131r\u0131p \u00f6\u011frenece\u011fim\u201d diye konu\u015ftu.<\/p>\n","protected":false},"excerpt":{"rendered":"<p>\u2013 K\u00dcLT\u00dcR VE TUR\u0130ZM BAKANLI\u011eI TARAFINDAN 18 MAYIS M\u00dcZELER G\u00dcN\u00dc DOLAYISIYLA D\u00dcZENLENEN &#8220;AVRUPA M\u00dcZELER GECES\u0130&#8221; ETK\u0130NL\u0130\u011e\u0130 KAPSAMINDA \u00c7ORUM M\u00dcZES\u0130, Z\u0130YARET\u00c7\u0130 AKININA U\u011eRADI.<\/p>\n","protected":false},"author":1,"featured_media":158975,"comment_status":"closed","ping_status":"open","sticky":false,"template":"","format":"standard","meta":{"jetpack_post_was_ever_published":false,"_jetpack_newsletter_access":"","_jetpack_dont_email_post_to_subs":false,"_jetpack_newsletter_tier_id":0,"_jetpack_memberships_contains_paywalled_content":false,"_jetpack_memberships_contains_paid_content":false,"footnotes":"","jetpack_publicize_message":"","jetpack_publicize_feature_enabled":true,"jetpack_social_post_already_shared":true,"jetpack_social_options":{"image_generator_settings":{"template":"highway","default_image_id":0,"font":"","enabled":false},"version":2}},"categories":[1],"tags":[8365,3295,6264,6267],"class_list":["post-158974","post","type-post","status-publish","format-standard","has-post-thumbnail","hentry","category-genel","tag-akini","tag-corum","tag-muzesine","tag-ziyaretci"],"jetpack_publicize_connections":[],"jetpack_featured_media_url":"https:\/\/i0.wp.com\/www.tvturk.com\/wp-content\/uploads\/2019\/05\/corum-muzesine-ziyaretci-akini_59938ba.jpg?fit=1000%2C666","jetpack_sharing_enabled":true,"jetpack_shortlink":"https:\/\/wp.me\/paKIfm-Fm6","_links":{"self":[{"href":"http:\/\/www.tvturk.com\/index.php\/wp-json\/wp\/v2\/posts\/158974","targetHints":{"allow":["GET"]}}],"collection":[{"href":"http:\/\/www.tvturk.com\/index.php\/wp-json\/wp\/v2\/posts"}],"about":[{"href":"http:\/\/www.tvturk.com\/index.php\/wp-json\/wp\/v2\/types\/post"}],"author":[{"embeddable":true,"href":"http:\/\/www.tvturk.com\/index.php\/wp-json\/wp\/v2\/users\/1"}],"replies":[{"embeddable":true,"href":"http:\/\/www.tvturk.com\/index.php\/wp-json\/wp\/v2\/comments?post=158974"}],"version-history":[{"count":0,"href":"http:\/\/www.tvturk.com\/index.php\/wp-json\/wp\/v2\/posts\/158974\/revisions"}],"wp:featuredmedia":[{"embeddable":true,"href":"http:\/\/www.tvturk.com\/index.php\/wp-json\/wp\/v2\/media\/158975"}],"wp:attachment":[{"href":"http:\/\/www.tvturk.com\/index.php\/wp-json\/wp\/v2\/media?parent=158974"}],"wp:term":[{"taxonomy":"category","embeddable":true,"href":"http:\/\/www.tvturk.com\/index.php\/wp-json\/wp\/v2\/categories?post=158974"},{"taxonomy":"post_tag","embeddable":true,"href":"http:\/\/www.tvturk.com\/index.php\/wp-json\/wp\/v2\/tags?post=158974"}],"curies":[{"name":"wp","href":"https:\/\/api.w.org\/{rel}","templated":true}]}}