{"id":158982,"date":"2019-05-19T08:08:58","date_gmt":"2019-05-19T05:08:58","guid":{"rendered":"http:\/\/www.tvturk.com\/index.php\/karsta-kaybolan-kucuk-kizi-arama-calismalari-suruyor\/"},"modified":"2019-05-19T08:08:58","modified_gmt":"2019-05-19T05:08:58","slug":"karsta-kaybolan-kucuk-kizi-arama-calismalari-suruyor","status":"publish","type":"post","link":"http:\/\/www.tvturk.com\/index.php\/karsta-kaybolan-kucuk-kizi-arama-calismalari-suruyor\/","title":{"rendered":"Kars\u2019ta kaybolan k\u00fc\u00e7\u00fck k\u0131z\u0131 arama \u00e7al\u0131\u015fmalar\u0131 s\u00fcr\u00fcyor"},"content":{"rendered":"<p>Kars\u2019ta evlerinin \u00f6n\u00fcnde oyun oynarken kaybolan k\u00fc\u00e7\u00fck k\u0131z \u00e7ocu\u011fu 8 g\u00fcnd\u00fcr aran\u0131yor. Bu sabah erken saatlerde tekrar ba\u015flayan arama \u00e7al\u0131\u015fmalar\u0131nda i\u015f makineleriyle suyun ak\u0131\u015f y\u00f6n\u00fc de\u011fi\u015ftiriliyor.<\/p>\n<p>Sar\u0131kam\u0131\u015f\u2019a ba\u011fl\u0131 Ortakale k\u00f6y\u00fcnde 12 May\u0131s 2019 tarihinde evlerinin \u00f6n\u00fcnde oyun oynad\u0131\u011f\u0131 s\u0131rada kaybolan 3 ya\u015f\u0131ndaki Nurcan Sade\u2019nin, bulunmas\u0131 i\u00e7in \u00e7al\u0131\u015fmalara yeniden ba\u015fland\u0131.D\u00fcn gece havan\u0131n kararmas\u0131yla birlikte ara verilen arama \u00e7al\u0131\u015fmalar\u0131, k\u00fc\u00e7\u00fck k\u0131z\u0131n ete\u011fi ve ayakkab\u0131s\u0131n\u0131n bulundu\u011fu derede yap\u0131l\u0131yor. Eriyen kar sular\u0131 ile ta\u015fan derede arama \u00e7al\u0131\u015fmalar\u0131 \u00e7ok zor \u015fartlarda yap\u0131l\u0131yor.<\/p>\n<p>\u201c\u0130\u015f makineleriyle suyun ak\u0131\u015f\u0131 de\u011fi\u015ftiriliyor\u201d<\/p>\n<p>Sar\u0131kam\u0131\u015f\u2019ta arama \u00e7al\u0131\u015fmalar\u0131 Jandarma Arama Kurtarma (JAK) timi, Ulusal Medikal Kurtarma Ekibi (UMKE), \u0130l Afet ve Acil Durum M\u00fcd\u00fcrl\u00fc\u011f\u00fc (AFAD) personelinin yan\u0131 s\u0131ra Artvin Emniyet M\u00fcd\u00fcrl\u00fc\u011f\u00fc\u2019ne ba\u011fl\u0131 5 ki\u015filik \u201cKurba\u011fa Adam\u201d ile y\u00fcr\u00fct\u00fcl\u00fcyor. Arama \u00e7al\u0131\u015fmalar\u0131na Kars Jandarma Komutanl\u0131\u011f\u0131 b\u00fcnyesinde bulunan iz takip k\u00f6pe\u011fi \u201cAtak\u201dta destek veriyor.<\/p>\n<p>Baz\u0131 b\u00f6lgelerde zorlanan ekiplerin yard\u0131m\u0131na i\u015f makineleri yeti\u015fiyor. S\u0131\u011f ve girilmesi zor yerler i\u015f makineleriyle suyun y\u00f6n\u00fc de\u011fi\u015ftirilerek arama yap\u0131l\u0131yor. En k\u00fc\u00e7\u00fck ayr\u0131nt\u0131ya dahi dikkat eden ekipler, k\u00fc\u00e7\u00fck Nurcan\u2019\u0131n bulunmas\u0131 i\u00e7in adeta seferber oldu.<\/p>\n<p>Arama \u00e7al\u0131\u015fmalar\u0131n\u0131 e\u015flik eden Nurcan Sade\u2019nin babas\u0131 Hayrettin Sade ve k\u00f6yl\u00fcler, \u00e7ocuklar\u0131n\u0131n biran evvel bulunmas\u0131 i\u00e7in dua ediyor.<\/p>\n<p>Dere k\u0131y\u0131s\u0131 boyunca tarama yapan ekipler, bug\u00fcn de arama \u00e7al\u0131\u015fmalar\u0131n\u0131 G\u00fcll\u00fcce K\u00f6y\u00fc ile Ortakale K\u00f6y\u00fc aras\u0131nda dere yata\u011f\u0131nda s\u00fcrd\u00fcrecek.<\/p>\n","protected":false},"excerpt":{"rendered":"<p>KARS\u2019TA KAYBOLAN K\u00dc\u00c7\u00dcK KIZI ARAMA \u00c7ALI\u015eMALARI S\u00dcR\u00dcYOR(I\u015eIK \u00c7APANO\u011eLU-ALPER YILDIRIM\/KARS-\u0130HA)<\/p>\n","protected":false},"author":1,"featured_media":158983,"comment_status":"closed","ping_status":"open","sticky":false,"template":"","format":"standard","meta":{"jetpack_post_was_ever_published":false,"_jetpack_newsletter_access":"","_jetpack_dont_email_post_to_subs":false,"_jetpack_newsletter_tier_id":0,"_jetpack_memberships_contains_paywalled_content":false,"_jetpack_memberships_contains_paid_content":false,"footnotes":"","jetpack_publicize_message":"","jetpack_publicize_feature_enabled":true,"jetpack_social_post_already_shared":true,"jetpack_social_options":{"image_generator_settings":{"template":"highway","default_image_id":0,"font":"","enabled":false},"version":2}},"categories":[1],"tags":[1827,310,4550,1782,3224,1166,1836],"class_list":["post-158982","post","type-post","status-publish","format-standard","has-post-thumbnail","hentry","category-genel","tag-arama","tag-calismalari","tag-karsta","tag-kaybolan","tag-kizi","tag-kucuk","tag-suruyor"],"jetpack_publicize_connections":[],"jetpack_featured_media_url":"https:\/\/i0.wp.com\/www.tvturk.com\/wp-content\/uploads\/2019\/05\/karsta-kaybolan-kucuk-kizi-arama-calismalari-suruyor_8a4a869.jpg?fit=1000%2C562","jetpack_sharing_enabled":true,"jetpack_shortlink":"https:\/\/wp.me\/paKIfm-Fme","_links":{"self":[{"href":"http:\/\/www.tvturk.com\/index.php\/wp-json\/wp\/v2\/posts\/158982","targetHints":{"allow":["GET"]}}],"collection":[{"href":"http:\/\/www.tvturk.com\/index.php\/wp-json\/wp\/v2\/posts"}],"about":[{"href":"http:\/\/www.tvturk.com\/index.php\/wp-json\/wp\/v2\/types\/post"}],"author":[{"embeddable":true,"href":"http:\/\/www.tvturk.com\/index.php\/wp-json\/wp\/v2\/users\/1"}],"replies":[{"embeddable":true,"href":"http:\/\/www.tvturk.com\/index.php\/wp-json\/wp\/v2\/comments?post=158982"}],"version-history":[{"count":0,"href":"http:\/\/www.tvturk.com\/index.php\/wp-json\/wp\/v2\/posts\/158982\/revisions"}],"wp:featuredmedia":[{"embeddable":true,"href":"http:\/\/www.tvturk.com\/index.php\/wp-json\/wp\/v2\/media\/158983"}],"wp:attachment":[{"href":"http:\/\/www.tvturk.com\/index.php\/wp-json\/wp\/v2\/media?parent=158982"}],"wp:term":[{"taxonomy":"category","embeddable":true,"href":"http:\/\/www.tvturk.com\/index.php\/wp-json\/wp\/v2\/categories?post=158982"},{"taxonomy":"post_tag","embeddable":true,"href":"http:\/\/www.tvturk.com\/index.php\/wp-json\/wp\/v2\/tags?post=158982"}],"curies":[{"name":"wp","href":"https:\/\/api.w.org\/{rel}","templated":true}]}}