{"id":15899,"date":"2019-02-09T15:42:46","date_gmt":"2019-02-09T12:42:46","guid":{"rendered":"http:\/\/www.tvturk.com\/index.php\/bursada-kaybolan-genc-kiz-istanbulda-bulundu\/"},"modified":"2019-02-09T15:42:46","modified_gmt":"2019-02-09T12:42:46","slug":"bursada-kaybolan-genc-kiz-istanbulda-bulundu","status":"publish","type":"post","link":"http:\/\/www.tvturk.com\/index.php\/bursada-kaybolan-genc-kiz-istanbulda-bulundu\/","title":{"rendered":"Bursa\u2019da kaybolan gen\u00e7 k\u0131z \u0130stanbul\u2019da bulundu"},"content":{"rendered":"<p>Bursa\u2019da 3 g\u00fcnd\u00fcr haber al\u0131namayan 19 ya\u015f\u0131ndaki k\u0131z istanbul\u2019da bulundu.<\/p>\n<p>Nil\u00fcfer\u2019e ba\u011fl\u0131 G\u00f6r\u00fckle Mahallesi\u2019nde bir markette \u00e7al\u0131\u015fan \u00d6zge Nardemir\u2019i (19) her g\u00fcn i\u015f yerine b\u0131rakan annesi, her zaman yapt\u0131\u011f\u0131 gibi 3 g\u00fcn \u00f6nce k\u0131z\u0131n\u0131 marketin a\u00e7\u0131lmas\u0131na 10 dakika kala i\u015f arkada\u015flar\u0131n\u0131n yan\u0131na b\u0131rakt\u0131. Yolun kar\u015f\u0131s\u0131ndaki pastaneden po\u011fa\u00e7a almak i\u00e7in arkada\u015flar\u0131n\u0131n yan\u0131ndan ayr\u0131lan gen\u00e7 k\u0131z\u0131n geriye d\u00f6nmemesinden \u015f\u00fcphelenen arkada\u015flar\u0131 durumu anne Neslihan Nardemir\u2019e bildirdi. Anne ise  G\u00f6r\u00fckle Polis Merkezi Amirli\u011fi\u2019ne giderek k\u0131z\u0131n\u0131n kayboldu\u011funu bildirdi.<\/p>\n<p>Annenin savc\u0131l\u0131\u011fa ba\u015fvurmas\u0131 ile al\u0131nan telefon takip izni ile gen\u00e7 k\u0131z teknik takibe al\u0131nd\u0131.<\/p>\n<p>\u00d6zge\u2019nin \u00f6zel e\u015fyalar\u0131n\u0131n yan\u0131na almad\u0131\u011f\u0131ndan dolay\u0131 polis, kendi istedi\u011fi ile ka\u00e7mad\u0131\u011f\u0131n\u0131 ve ka\u00e7\u0131r\u0131lma ihtimali \u00fczerine yo\u011funla\u015ft\u0131. Gen\u00e7 k\u0131z\u0131n ka\u00e7\u0131r\u0131lm\u0131\u015f olabilece\u011fini de\u011ferlendiren polis ekipleri, \u00d6zge\u2019nin arkada\u015flar\u0131 tan\u0131d\u0131klar\u0131 ve bulunabilece\u011fi yerleri arad\u0131. Anne Neslihan ise \u00d6zge\u2019nin bulunabilmesi i\u00e7in sosyal medya \u00fczerinden k\u0131z\u0131n\u0131 arad\u0131klar\u0131n\u0131 duyurdu.<\/p>\n<p>D\u00fcn ak\u015fam saatlerinde \u00d6zge\u2019nin cep telefonunu a\u00e7\u0131lmas\u0131 ile teknik takipte olan polis hakarete ge\u00e7erek sinyalin geldi\u011fi adrese bask\u0131n d\u00fczenledi. \u00d6zge\u2019nin askerden yeni gelen erkek arkada\u015f\u0131 taraf\u0131ndan kand\u0131r\u0131larak \u0130stanbul\u2019a g\u00f6t\u00fcr\u00fcld\u00fc\u011f\u00fc belirlendi. Gen\u00e7 adam polis taraf\u0131ndan g\u00f6zalt\u0131na al\u0131n\u0131rken, \u00d6zge\u2019nin ailesine haber verildi. Y\u00fcde 50 zihinsel engelli olan gen\u00e7 k\u0131z polis ekipleri taraf\u0131ndan \u0130stanbul\u2019a giden amcas\u0131na teslim edilerek Bursa\u2019daki evine getirildi.<\/p>\n<p>Olay ile ilgili soru\u015fturma s\u00fcrd\u00fcr\u00fcl\u00fcyor.<\/p>\n","protected":false},"excerpt":{"rendered":"<p>BURSA&#8217;DA KAYBOLAN KIZ \u0130STANBUL&#8217;DA BULUNDU<\/p>\n","protected":false},"author":1,"featured_media":15900,"comment_status":"closed","ping_status":"open","sticky":false,"template":"","format":"standard","meta":{"jetpack_post_was_ever_published":false,"_jetpack_newsletter_access":"","_jetpack_dont_email_post_to_subs":false,"_jetpack_newsletter_tier_id":0,"_jetpack_memberships_contains_paywalled_content":false,"_jetpack_memberships_contains_paid_content":false,"footnotes":"","jetpack_publicize_message":"","jetpack_publicize_feature_enabled":true,"jetpack_social_post_already_shared":false,"jetpack_social_options":{"image_generator_settings":{"template":"highway","default_image_id":0,"font":"","enabled":false},"version":2}},"categories":[655],"tags":[204,1032,803,1268,1782,4200],"class_list":["post-15899","post","type-post","status-publish","format-standard","has-post-thumbnail","hentry","category-son-dakika","tag-bulundu","tag-bursada","tag-genc","tag-istanbulda","tag-kaybolan","tag-kiz"],"jetpack_publicize_connections":[],"jetpack_featured_media_url":"https:\/\/i0.wp.com\/www.tvturk.com\/wp-content\/uploads\/2019\/02\/bursada-kaybolan-genc-kiz-istanbulda-bulundu_e50502f.jpg?fit=720%2C720","jetpack_sharing_enabled":true,"jetpack_shortlink":"https:\/\/wp.me\/paKIfm-48r","_links":{"self":[{"href":"http:\/\/www.tvturk.com\/index.php\/wp-json\/wp\/v2\/posts\/15899","targetHints":{"allow":["GET"]}}],"collection":[{"href":"http:\/\/www.tvturk.com\/index.php\/wp-json\/wp\/v2\/posts"}],"about":[{"href":"http:\/\/www.tvturk.com\/index.php\/wp-json\/wp\/v2\/types\/post"}],"author":[{"embeddable":true,"href":"http:\/\/www.tvturk.com\/index.php\/wp-json\/wp\/v2\/users\/1"}],"replies":[{"embeddable":true,"href":"http:\/\/www.tvturk.com\/index.php\/wp-json\/wp\/v2\/comments?post=15899"}],"version-history":[{"count":0,"href":"http:\/\/www.tvturk.com\/index.php\/wp-json\/wp\/v2\/posts\/15899\/revisions"}],"wp:featuredmedia":[{"embeddable":true,"href":"http:\/\/www.tvturk.com\/index.php\/wp-json\/wp\/v2\/media\/15900"}],"wp:attachment":[{"href":"http:\/\/www.tvturk.com\/index.php\/wp-json\/wp\/v2\/media?parent=15899"}],"wp:term":[{"taxonomy":"category","embeddable":true,"href":"http:\/\/www.tvturk.com\/index.php\/wp-json\/wp\/v2\/categories?post=15899"},{"taxonomy":"post_tag","embeddable":true,"href":"http:\/\/www.tvturk.com\/index.php\/wp-json\/wp\/v2\/tags?post=15899"}],"curies":[{"name":"wp","href":"https:\/\/api.w.org\/{rel}","templated":true}]}}