{"id":158992,"date":"2019-05-19T09:44:59","date_gmt":"2019-05-19T06:44:59","guid":{"rendered":"http:\/\/www.tvturk.com\/index.php\/klasik-otomobillerden-19-mayis-korteji\/"},"modified":"2019-05-19T09:44:59","modified_gmt":"2019-05-19T06:44:59","slug":"klasik-otomobillerden-19-mayis-korteji","status":"publish","type":"post","link":"http:\/\/www.tvturk.com\/index.php\/klasik-otomobillerden-19-mayis-korteji\/","title":{"rendered":"Klasik otomobillerden 19 May\u0131s korteji"},"content":{"rendered":"<p>Kahramanmara\u015f\u2019ta bulu\u015fan klasik otomobil tutkunlar\u0131 19 May\u0131s\u2019\u0131n 100. y\u0131l d\u00f6n\u00fcm\u00fcnde kent merkezinde kortej d\u00fczenledi.<\/p>\n<p>Kahramanmara\u015f\u2019tan Ede Wos ve Gaziantep\u2019ten Wos Ay\u0131ntap dernekleri geleneksel iftar program\u0131 bulu\u015fmas\u0131n\u0131 bu y\u0131l Kahramanmara\u015f\u2019ta ger\u00e7ekle\u015ftirdi. \u0130ftar sonras\u0131 \u2018Woswos\u2019 ad\u0131 verilen ve 1970\u2019li y\u0131llar\u0131n klasik otomobilleri 19 May\u0131s Atat\u00fcrk\u2019\u00fc Anma, Gen\u00e7lik ve Spor Bayram\u0131 nedeniyle \u015fehir merkezinde tur d\u00fczenledi. Farkl\u0131 modellerde klasik otomobil ve ara\u00e7lar\u0131n kat\u0131ld\u0131\u011f\u0131 kortej turunu \u00e7evredeki vatanda\u015flar ilgiyle izledi.<\/p>\n<p>Ama\u00e7lar\u0131n\u0131n klasik otomobilleri gelecek nesillere tan\u0131tmak oldu\u011funu s\u00f6yleyen Edewos Dernek Ba\u015fkan\u0131 Halil \u0130brahim Kaynar, \u201cToplamda bizim 20 arac\u0131m\u0131z mevcut ve daha fazla gruplara hitap ediyorduk. Klasik bir arac\u0131, gen\u00e7lere ve \u00e7ocuklara daha ileriki pozisyonlarda a\u015f\u0131lamak ad\u0131na biz bu \u015fekilde bir yola \u00e7\u0131kt\u0131k. Dolay\u0131s\u0131yla 19 May\u0131s\u2019\u0131n y\u0131l d\u00f6n\u00fcm\u00fc 2019\u2019da y\u0131l\u0131nda y\u00fcz\u00fcnc\u00fc y\u0131l\u0131na co\u015fkulu ve \u015fekilde \u015fehir merkezinde kortej gezisi olarak kutlad\u0131k. Bizim sosyal projelerimizde devam ediyor. Amac\u0131m\u0131z, bu ara\u00e7lar\u0131m\u0131z\u0131 y\u0131llar\u0131n verdi\u011fi yorgunlu\u011fa ra\u011fmen tan\u0131tmak ve bu ara\u00e7lar\u0131 uzun y\u0131llara ta\u015f\u0131mak niyetindeyiz\u201d diye konu\u015ftu.<\/p>\n<p>Gaziantep Wos Ay\u0131ntap Dernek Ba\u015fkan\u0131 \u0130brahim Halil Canseven ise, \u201cKahramanmara\u015f\u2019ta Edewos ekibinin misafiriydik ve iftar\u0131m\u0131z\u0131 yapt\u0131k. Hep birlikte karde\u015f\u00e7e b\u00fct\u00fcnle\u015fmek amac\u0131yla topland\u0131k. Bu kapsamda 19 May\u0131s 1919\u2019un 100. y\u0131l\u0131 nedeniyle klasik ara\u00e7 tutkunlar\u0131yla kortej yapt\u0131k\u201d dedi.<\/p>\n","protected":false},"excerpt":{"rendered":"<p>KAHRAMANMARA\u015e\u2019TA BULU\u015eAN KLAS\u0130K OTOMOB\u0130L TUTKUNLARI 19 MAYIS\u2019IN YIL D\u00d6N\u00dcM\u00dcNDE KENT MERKEZ\u0130NDE KORTEJ D\u00dcZENLED\u0130<\/p>\n","protected":false},"author":1,"featured_media":158993,"comment_status":"closed","ping_status":"open","sticky":false,"template":"","format":"standard","meta":{"jetpack_post_was_ever_published":false,"_jetpack_newsletter_access":"","_jetpack_dont_email_post_to_subs":false,"_jetpack_newsletter_tier_id":0,"_jetpack_memberships_contains_paywalled_content":false,"_jetpack_memberships_contains_paid_content":false,"footnotes":"","jetpack_publicize_message":"","jetpack_publicize_feature_enabled":true,"jetpack_social_post_already_shared":true,"jetpack_social_options":{"image_generator_settings":{"template":"highway","default_image_id":0,"font":"","enabled":false},"version":2}},"categories":[1],"tags":[4614,29936,2125,5194],"class_list":["post-158992","post","type-post","status-publish","format-standard","has-post-thumbnail","hentry","category-genel","tag-klasik","tag-korteji","tag-mayis","tag-otomobillerden"],"jetpack_publicize_connections":[],"jetpack_featured_media_url":"https:\/\/i0.wp.com\/www.tvturk.com\/wp-content\/uploads\/2019\/05\/klasik-otomobillerden-19-mayis-korteji_d478dab.jpg?fit=1000%2C666","jetpack_sharing_enabled":true,"jetpack_shortlink":"https:\/\/wp.me\/paKIfm-Fmo","_links":{"self":[{"href":"http:\/\/www.tvturk.com\/index.php\/wp-json\/wp\/v2\/posts\/158992","targetHints":{"allow":["GET"]}}],"collection":[{"href":"http:\/\/www.tvturk.com\/index.php\/wp-json\/wp\/v2\/posts"}],"about":[{"href":"http:\/\/www.tvturk.com\/index.php\/wp-json\/wp\/v2\/types\/post"}],"author":[{"embeddable":true,"href":"http:\/\/www.tvturk.com\/index.php\/wp-json\/wp\/v2\/users\/1"}],"replies":[{"embeddable":true,"href":"http:\/\/www.tvturk.com\/index.php\/wp-json\/wp\/v2\/comments?post=158992"}],"version-history":[{"count":0,"href":"http:\/\/www.tvturk.com\/index.php\/wp-json\/wp\/v2\/posts\/158992\/revisions"}],"wp:featuredmedia":[{"embeddable":true,"href":"http:\/\/www.tvturk.com\/index.php\/wp-json\/wp\/v2\/media\/158993"}],"wp:attachment":[{"href":"http:\/\/www.tvturk.com\/index.php\/wp-json\/wp\/v2\/media?parent=158992"}],"wp:term":[{"taxonomy":"category","embeddable":true,"href":"http:\/\/www.tvturk.com\/index.php\/wp-json\/wp\/v2\/categories?post=158992"},{"taxonomy":"post_tag","embeddable":true,"href":"http:\/\/www.tvturk.com\/index.php\/wp-json\/wp\/v2\/tags?post=158992"}],"curies":[{"name":"wp","href":"https:\/\/api.w.org\/{rel}","templated":true}]}}