{"id":159032,"date":"2019-05-19T11:09:02","date_gmt":"2019-05-19T08:09:02","guid":{"rendered":"http:\/\/www.tvturk.com\/index.php\/motosikletli-kuryelerden-19-mayis-korteji\/"},"modified":"2019-05-19T11:09:02","modified_gmt":"2019-05-19T08:09:02","slug":"motosikletli-kuryelerden-19-mayis-korteji","status":"publish","type":"post","link":"http:\/\/www.tvturk.com\/index.php\/motosikletli-kuryelerden-19-mayis-korteji\/","title":{"rendered":"Motosikletli kuryelerden 19 May\u0131s korteji"},"content":{"rendered":"<p>T\u00fcm Anadolu Motosikletli Kuryeler Federasyonu (TAMKF) \u00fcyeleri, 19 May\u0131s Atat\u00fcrk\u2019\u00fc Anma, Gen\u00e7lik ve Spor Bayram\u0131 dolay\u0131s\u0131yla bir araya gelerek kortej ulu\u015fturdu.<\/p>\n<p>Atat\u00fcrk\u2019\u00fc Anma, Gen\u00e7lik ve Spor Bayram\u0131 dolay\u0131s\u0131yla S\u0131hhiye\u2019de toplanan motosikletli kuryeler, An\u0131t Park\u2019a do\u011fru hareket etti. Ya\u015fl\u0131s\u0131ndan gencine, kad\u0131n\u0131ndan erke\u011fine b\u00fct\u00fcn ya\u015f gruplar\u0131n\u0131n bulundu\u011fu etkinlikte kuryeler, motosikletlerini T\u00fcrk bayraklar\u0131yla donatt\u0131. Sabah saatlerinde ger\u00e7ekle\u015fen etkinli\u011fe 500 motosikletli kurye kat\u0131ld\u0131. Etkinli\u011fi organize eden TAMKF Ba\u015fkan\u0131 \u00c7a\u011fda\u015f Yavuz, &#8220;Bug\u00fcn burada toplanmam\u0131z\u0131n sebebi 100 y\u0131l \u00f6nce Samsun\u2019da ba\u015flatt\u0131\u011f\u0131 kurtulu\u015f m\u00fccadelesini anmak. Ankara\u2019da motosikletli kuryeler olarak hi\u00e7bir zaman bug\u00fcn\u00fcn unutulmayaca\u011f\u0131n\u0131n s\u00f6z\u00fcn\u00fc vermek i\u00e7in topland\u0131k&#8221; diye konu\u015ftu.<\/p>\n<p>Ayr\u0131ca \u00e7ocuk istismar\u0131na da dikkat \u00e7eken Yavuz, &#8220;Toplanma sebebimizin ikinci bir amac\u0131 daha var. Son zamanlarda artan \u00e7ocuk istismar\u0131 konusunda tepkimizi vermek i\u00e7in topland\u0131k. \u00c7ocuk istismar\u0131na, T\u00fcm Anadolu Motosikletli Kuryeler Federasyonu olarak tepkimizi vermek i\u00e7in topland\u0131k&#8221; ifadelerini kulland\u0131.<\/p>\n<p>Babas\u0131yla beraber Atat\u00fcrk\u2019\u00fc Anma, Gen\u00e7lik ve Spor Bayram\u0131\u2019n\u0131 kutlamaya gelen minik Batuhan ise, &#8220;Bug\u00fcn 19 May\u0131s Gen\u00e7lik ve Spor Bayram\u0131 oldu\u011fu i\u00e7in motorlarla burada topland\u0131k. Bizim i\u00e7in topland\u0131k. Motorlarla beraber s\u00fcr\u00fc\u015f halinde gidece\u011fiz&#8221; \u015feklinde konu\u015ftu.<\/p>\n","protected":false},"excerpt":{"rendered":"<p>T\u00dcM ANADOLU MOTOS\u0130KLETL\u0130 KURYELER FEDERASONU (TAMKF), 19 MAYIS GEN\u00c7L\u0130K VE SPOR BAYRAMI DOLAYISIYLA TOPLANARAK KORTEJ YAPTI.<\/p>\n","protected":false},"author":1,"featured_media":159033,"comment_status":"closed","ping_status":"open","sticky":false,"template":"","format":"standard","meta":{"jetpack_post_was_ever_published":false,"_jetpack_newsletter_access":"","_jetpack_dont_email_post_to_subs":false,"_jetpack_newsletter_tier_id":0,"_jetpack_memberships_contains_paywalled_content":false,"_jetpack_memberships_contains_paid_content":false,"footnotes":"","jetpack_publicize_message":"","jetpack_publicize_feature_enabled":true,"jetpack_social_post_already_shared":true,"jetpack_social_options":{"image_generator_settings":{"template":"highway","default_image_id":0,"font":"","enabled":false},"version":2}},"categories":[1],"tags":[29936,37131,2125,6864],"class_list":["post-159032","post","type-post","status-publish","format-standard","has-post-thumbnail","hentry","category-genel","tag-korteji","tag-kuryelerden","tag-mayis","tag-motosikletli"],"jetpack_publicize_connections":[],"jetpack_featured_media_url":"https:\/\/i0.wp.com\/www.tvturk.com\/wp-content\/uploads\/2019\/05\/motosikletli-kuryelerden-19-mayis-korteji_6fdf764.jpg?fit=1000%2C664","jetpack_sharing_enabled":true,"jetpack_shortlink":"https:\/\/wp.me\/paKIfm-Fn2","_links":{"self":[{"href":"http:\/\/www.tvturk.com\/index.php\/wp-json\/wp\/v2\/posts\/159032","targetHints":{"allow":["GET"]}}],"collection":[{"href":"http:\/\/www.tvturk.com\/index.php\/wp-json\/wp\/v2\/posts"}],"about":[{"href":"http:\/\/www.tvturk.com\/index.php\/wp-json\/wp\/v2\/types\/post"}],"author":[{"embeddable":true,"href":"http:\/\/www.tvturk.com\/index.php\/wp-json\/wp\/v2\/users\/1"}],"replies":[{"embeddable":true,"href":"http:\/\/www.tvturk.com\/index.php\/wp-json\/wp\/v2\/comments?post=159032"}],"version-history":[{"count":0,"href":"http:\/\/www.tvturk.com\/index.php\/wp-json\/wp\/v2\/posts\/159032\/revisions"}],"wp:featuredmedia":[{"embeddable":true,"href":"http:\/\/www.tvturk.com\/index.php\/wp-json\/wp\/v2\/media\/159033"}],"wp:attachment":[{"href":"http:\/\/www.tvturk.com\/index.php\/wp-json\/wp\/v2\/media?parent=159032"}],"wp:term":[{"taxonomy":"category","embeddable":true,"href":"http:\/\/www.tvturk.com\/index.php\/wp-json\/wp\/v2\/categories?post=159032"},{"taxonomy":"post_tag","embeddable":true,"href":"http:\/\/www.tvturk.com\/index.php\/wp-json\/wp\/v2\/tags?post=159032"}],"curies":[{"name":"wp","href":"https:\/\/api.w.org\/{rel}","templated":true}]}}