{"id":159034,"date":"2019-05-19T11:09:51","date_gmt":"2019-05-19T08:09:51","guid":{"rendered":"http:\/\/www.tvturk.com\/index.php\/bakan-cavusoglu-meksikada\/"},"modified":"2019-05-19T11:09:51","modified_gmt":"2019-05-19T08:09:51","slug":"bakan-cavusoglu-meksikada","status":"publish","type":"post","link":"http:\/\/www.tvturk.com\/index.php\/bakan-cavusoglu-meksikada\/","title":{"rendered":"Bakan \u00c7avu\u015fo\u011flu Meksika\u2019da"},"content":{"rendered":"<p>D\u0131\u015fi\u015fleri Bakan\u0131 Mevl\u00fct \u00c7avu\u015fo\u011flu, resmi temaslarda bulunmak \u00fczere Meksika\u2019ya geldi.<\/p>\n<p>D\u0131\u015fi\u015fleri Bakan\u0131 Mevl\u00fct \u00c7avu\u015fo\u011flu, K\u00fcba\u2019daki temaslar\u0131n\u0131n ard\u0131ndan Meksika\u2019ya ge\u00e7ti. Bakan \u00c7avu\u015fo\u011flu\u2019nun ziyareti kapsam\u0131nda Meksikal\u0131 mevkida\u015f\u0131 Marcelo Ebrard ve Meksika Ekonomi Bakan\u0131 Graciela Marquez Colin ile g\u00f6r\u00fc\u015fmesi bekleniyor. Yap\u0131lacak g\u00f6r\u00fc\u015fmelerde T\u00fcrkiye ile Meksika aras\u0131ndaki ikili ili\u015fkiler ile Birle\u015fmi\u015f Milletler (BM) ve MIKTA (Meksika-Endonezya-G\u00fcney Kore-T\u00fcrkiye-Avustralya) Olu\u015fumu \u00e7er\u00e7evesindeki i\u015fbirli\u011fi ele al\u0131nacak, g\u00fcncel, b\u00f6lgesel ve uluslararas\u0131 geli\u015fmeler hakk\u0131nda g\u00f6r\u00fc\u015f al\u0131\u015fveri\u015finde bulunulacak.<\/p>\n","protected":false},"excerpt":{"rendered":"<p>DI\u015e\u0130\u015eLER\u0130 BAKANI MEVL\u00dcT \u00c7AVU\u015eO\u011eLU, RESM\u0130 TEMASLARDA BULUNMAK \u00dcZERE MEKS\u0130KA\u2019YA GELD\u0130.<\/p>\n","protected":false},"author":1,"featured_media":159035,"comment_status":"closed","ping_status":"open","sticky":false,"template":"","format":"standard","meta":{"jetpack_post_was_ever_published":false,"_jetpack_newsletter_access":"","_jetpack_dont_email_post_to_subs":false,"_jetpack_newsletter_tier_id":0,"_jetpack_memberships_contains_paywalled_content":false,"_jetpack_memberships_contains_paid_content":false,"footnotes":"","jetpack_publicize_message":"","jetpack_publicize_feature_enabled":true,"jetpack_social_post_already_shared":true,"jetpack_social_options":{"image_generator_settings":{"template":"highway","default_image_id":0,"font":"","enabled":false},"version":2}},"categories":[10],"tags":[742,1499,14470],"class_list":["post-159034","post","type-post","status-publish","format-standard","has-post-thumbnail","hentry","category-dunya","tag-bakan","tag-cavusoglu","tag-meksikada"],"jetpack_publicize_connections":[],"jetpack_featured_media_url":"https:\/\/i0.wp.com\/www.tvturk.com\/wp-content\/uploads\/2019\/05\/bakan-cavusoglu-meksikada_9a3cb92.jpg?fit=1000%2C862","jetpack_sharing_enabled":true,"jetpack_shortlink":"https:\/\/wp.me\/paKIfm-Fn4","_links":{"self":[{"href":"http:\/\/www.tvturk.com\/index.php\/wp-json\/wp\/v2\/posts\/159034","targetHints":{"allow":["GET"]}}],"collection":[{"href":"http:\/\/www.tvturk.com\/index.php\/wp-json\/wp\/v2\/posts"}],"about":[{"href":"http:\/\/www.tvturk.com\/index.php\/wp-json\/wp\/v2\/types\/post"}],"author":[{"embeddable":true,"href":"http:\/\/www.tvturk.com\/index.php\/wp-json\/wp\/v2\/users\/1"}],"replies":[{"embeddable":true,"href":"http:\/\/www.tvturk.com\/index.php\/wp-json\/wp\/v2\/comments?post=159034"}],"version-history":[{"count":0,"href":"http:\/\/www.tvturk.com\/index.php\/wp-json\/wp\/v2\/posts\/159034\/revisions"}],"wp:featuredmedia":[{"embeddable":true,"href":"http:\/\/www.tvturk.com\/index.php\/wp-json\/wp\/v2\/media\/159035"}],"wp:attachment":[{"href":"http:\/\/www.tvturk.com\/index.php\/wp-json\/wp\/v2\/media?parent=159034"}],"wp:term":[{"taxonomy":"category","embeddable":true,"href":"http:\/\/www.tvturk.com\/index.php\/wp-json\/wp\/v2\/categories?post=159034"},{"taxonomy":"post_tag","embeddable":true,"href":"http:\/\/www.tvturk.com\/index.php\/wp-json\/wp\/v2\/tags?post=159034"}],"curies":[{"name":"wp","href":"https:\/\/api.w.org\/{rel}","templated":true}]}}