{"id":159080,"date":"2019-05-19T12:29:04","date_gmt":"2019-05-19T09:29:04","guid":{"rendered":"http:\/\/www.tvturk.com\/index.php\/binlerce-turk-ve-suriyeli-halil-ibrahim-sofrasinda-bulustu\/"},"modified":"2019-05-19T12:29:04","modified_gmt":"2019-05-19T09:29:04","slug":"binlerce-turk-ve-suriyeli-halil-ibrahim-sofrasinda-bulustu","status":"publish","type":"post","link":"http:\/\/www.tvturk.com\/index.php\/binlerce-turk-ve-suriyeli-halil-ibrahim-sofrasinda-bulustu\/","title":{"rendered":"Binlerce T\u00fcrk ve Suriyeli Halil \u0130brahim Sofras\u0131nda bulu\u015ftu"},"content":{"rendered":"<p>\u015eanl\u0131urfa\u2019da her y\u0131l d\u00fczenlenen Halil \u0130brahim Sofras\u0131 \u0130ftar Program\u0131 kapsam\u0131nda binlerce T\u00fcrk ve Suriyeli, ayn\u0131 sofrada iftar a\u00e7t\u0131.<\/p>\n<p>\u015eanl\u0131urfa B\u00fcy\u00fck\u015fehir Belediyesi taraf\u0131ndan geleneksel hale getirilen Halil \u0130brahim Sofras\u0131 etkinli\u011fi Rabia Meydan\u0131nda yo\u011fun kat\u0131l\u0131mla ger\u00e7ekle\u015ftirildi. B\u00fcy\u00fck\u015fehir Belediye Ba\u015fkan\u0131 Zeynel Abidin Beyazg\u00fcl\u2019\u00fcn ev sahipli\u011fi yapt\u0131\u011f\u0131 programa AK Parti \u0130l Ba\u015fkan\u0131 Bahattin Y\u0131ld\u0131z, Yazar Abdurrahman Dilipak, \u015fair-yorumcu Dursun Ali Erzincanl\u0131, B\u00fcy\u00fck\u015fehir y\u00f6netim kadrosu ve \u00e7ok say\u0131da vatanda\u015f kat\u0131ld\u0131.<\/p>\n<p>Programda t\u00fcm vatanda\u015flar\u0131n Ramazan Ay\u0131n\u0131 tebrik ederek konu\u015fmas\u0131na ba\u015flayan Belediye Ba\u015fkan\u0131 Ba\u015fkan Beyazg\u00fcl, &#8220;Ramazan ay\u0131, beraberli\u011fimizin ve birlikteli\u011fimizin \u00f6rne\u011fini sergiledi\u011fimiz en g\u00fczel g\u00fcnleri bizlere ya\u015fat\u0131r. Peygamberler \u015fehri \u015eanl\u0131urfa\u2019da ya\u015fatmaya gayret g\u00f6sterdi\u011fimiz Halil \u0130brahim Sofras\u0131nda bug\u00fcn bizlerle birlikte iftar yapan t\u00fcm hem\u015fehrilerimize te\u015fekk\u00fcr ediyorum&#8221; dedi.<\/p>\n<p>Beyazg\u00fcl\u2019\u00fcn ard\u0131ndan kat\u0131l\u0131mc\u0131lara Urfa\u2019n\u0131n \u0130slam tarihindeki \u00f6nemini anlatan Yazar Abdurrahman Dilipak ise \u015eanl\u0131urfa\u2019n\u0131n \u0130slamiyet\u2019te \u00e7ok \u00f6zel bir yeri oldu\u011funu s\u00f6yledi. Yazar Dilipak, her \u015eanl\u0131urfal\u0131n\u0131n d\u00fcnyaya \u0130slamiyet\u2019i yayan bir el\u00e7i gibi hareket etmesi gerekti\u011fini belirtti. Daha sonra okunan ezanla birlikte t\u00fcm kat\u0131l\u0131mc\u0131lar iftar yapt\u0131. \u0130ftar\u0131n ard\u0131ndan yine vatanda\u015flarla yak\u0131ndan ilgilenerek sohbet ger\u00e7ekle\u015ftiren Beyazg\u00fcl, vatanda\u015flar\u0131 Ramazan Soka\u011f\u0131ndaki etkinliklere de davet etti.<\/p>\n","protected":false},"excerpt":{"rendered":"<p>B\u0130NLERCE T\u00dcRK VE SUR\u0130YEL\u0130 HAL\u0130L \u0130BRAH\u0130M SOFRASINDA BULU\u015eTU<\/p>\n","protected":false},"author":1,"featured_media":159081,"comment_status":"closed","ping_status":"open","sticky":false,"template":"","format":"standard","meta":{"jetpack_post_was_ever_published":false,"_jetpack_newsletter_access":"","_jetpack_dont_email_post_to_subs":false,"_jetpack_newsletter_tier_id":0,"_jetpack_memberships_contains_paywalled_content":false,"_jetpack_memberships_contains_paid_content":false,"footnotes":"","jetpack_publicize_message":"","jetpack_publicize_feature_enabled":true,"jetpack_social_post_already_shared":true,"jetpack_social_options":{"image_generator_settings":{"template":"highway","default_image_id":0,"font":"","enabled":false},"version":2}},"categories":[1],"tags":[3818,389,1396,602,14266,1036,957],"class_list":["post-159080","post","type-post","status-publish","format-standard","has-post-thumbnail","hentry","category-genel","tag-binlerce","tag-bulustu","tag-halil","tag-ibrahim","tag-sofrasinda","tag-suriyeli","tag-turk"],"jetpack_publicize_connections":[],"jetpack_featured_media_url":"https:\/\/i0.wp.com\/www.tvturk.com\/wp-content\/uploads\/2019\/05\/binlerce-turk-ve-suriyeli-halil-ibrahim-sofrasinda-bulustu_0de1de8.jpg?fit=960%2C540","jetpack_sharing_enabled":true,"jetpack_shortlink":"https:\/\/wp.me\/paKIfm-FnO","_links":{"self":[{"href":"http:\/\/www.tvturk.com\/index.php\/wp-json\/wp\/v2\/posts\/159080","targetHints":{"allow":["GET"]}}],"collection":[{"href":"http:\/\/www.tvturk.com\/index.php\/wp-json\/wp\/v2\/posts"}],"about":[{"href":"http:\/\/www.tvturk.com\/index.php\/wp-json\/wp\/v2\/types\/post"}],"author":[{"embeddable":true,"href":"http:\/\/www.tvturk.com\/index.php\/wp-json\/wp\/v2\/users\/1"}],"replies":[{"embeddable":true,"href":"http:\/\/www.tvturk.com\/index.php\/wp-json\/wp\/v2\/comments?post=159080"}],"version-history":[{"count":0,"href":"http:\/\/www.tvturk.com\/index.php\/wp-json\/wp\/v2\/posts\/159080\/revisions"}],"wp:featuredmedia":[{"embeddable":true,"href":"http:\/\/www.tvturk.com\/index.php\/wp-json\/wp\/v2\/media\/159081"}],"wp:attachment":[{"href":"http:\/\/www.tvturk.com\/index.php\/wp-json\/wp\/v2\/media?parent=159080"}],"wp:term":[{"taxonomy":"category","embeddable":true,"href":"http:\/\/www.tvturk.com\/index.php\/wp-json\/wp\/v2\/categories?post=159080"},{"taxonomy":"post_tag","embeddable":true,"href":"http:\/\/www.tvturk.com\/index.php\/wp-json\/wp\/v2\/tags?post=159080"}],"curies":[{"name":"wp","href":"https:\/\/api.w.org\/{rel}","templated":true}]}}