{"id":159116,"date":"2019-05-19T13:37:52","date_gmt":"2019-05-19T10:37:52","guid":{"rendered":"http:\/\/www.tvturk.com\/index.php\/israilin-ailesine-refakat-izni-vermedigi-kucuk-kiz-hayatini-kaybetti\/"},"modified":"2019-05-19T13:37:52","modified_gmt":"2019-05-19T10:37:52","slug":"israilin-ailesine-refakat-izni-vermedigi-kucuk-kiz-hayatini-kaybetti","status":"publish","type":"post","link":"http:\/\/www.tvturk.com\/index.php\/israilin-ailesine-refakat-izni-vermedigi-kucuk-kiz-hayatini-kaybetti\/","title":{"rendered":"\u0130srail\u2019in ailesine refakat izni vermedi\u011fi k\u00fc\u00e7\u00fck k\u0131z hayat\u0131n\u0131 kaybetti"},"content":{"rendered":"<p>\u0130srail\u2019in ailesine refakat\u00e7i izni vermedi\u011fi beyin kanseri olan 5 ya\u015f\u0131ndaki Filistinli k\u0131z \u00e7ocu\u011fu, Kud\u00fcs\u2019te tek ba\u015f\u0131na kanser tedavisi g\u00f6rd\u00fckten sonra sevk edildi\u011fi Gazze\u2019deki hastanede hayata g\u00f6zlerini yumdu.<\/p>\n<p>Tedavi i\u00e7in Kud\u00fcs\u2019e g\u00f6nderilen ancak \u0130srail\u2019in ailesine refakat\u00e7i izni vermedi\u011fi 5 ya\u015f\u0131ndaki Filistinli Ay\u015fe El Lulu, Cuma g\u00fcn\u00fc hayat\u0131n\u0131 kaybetti. Beyin kanseri olan Ay\u015fe\u2019nin ailesinin t\u00fcm \u00e7\u0131rp\u0131n\u0131\u015flar\u0131na ra\u011fmen \u0130srail g\u00fc\u00e7leri anne dahil hi\u00e7bir aile \u00fcyesine refakat\u00e7i izni vermemi\u015f ve Ay\u015fe\u2019yi ameliyat olmas\u0131 i\u00e7in bir hem\u015fire e\u015fli\u011finde tek ba\u015f\u0131na ambulansla Kud\u00fcs\u2019e g\u00f6ndermi\u015fti. Ailesinden uzakta tek ba\u015f\u0131na a\u011f\u0131r bir beyin ameliyat\u0131 ge\u00e7iren k\u00fc\u00e7\u00fck Ay\u015fe, ameliyattan sonra durumunun kritik olmas\u0131 nedeniyle Gazze\u2019deki bir hastaneye sevk edilmi\u015fti. Ailenin verdi\u011fi bilgiye g\u00f6re k\u00fc\u00e7\u00fck k\u0131z birka\u00e7 g\u00fcn sonra Gazze\u2019deki hastanede hayat\u0131n\u0131 kaybetti.<\/p>\n<p>Filistin Sa\u011fl\u0131k Bakan\u0131 Mai Alkaila, ya\u015fanan trajediye ili\u015fkin sert a\u00e7\u0131klamalarda bulundu. Alkaila, ya\u015fananlar\u0131n \u0130srail zulm\u00fcn\u00fcn ve Filistinlilerin \u00e7ekti\u011fi ac\u0131n\u0131n bir yans\u0131mas\u0131 oldu\u011funu s\u00f6yledi. Alkaila, \u201cAy\u015fe hastal\u0131kla tek ba\u015f\u0131na m\u00fccadele etmek zorunda kald\u0131. K\u00fc\u00e7\u00fck bir \u00e7ocuk, tedavi s\u00fcresince sevgi ve psikolojik destek sa\u011flamas\u0131 i\u00e7in annesi, babas\u0131 veya erkek karde\u015fi yan\u0131nda olmadan \u0130srail kontrol noktalar\u0131nda nas\u0131l tek ba\u015f\u0131na yolculuk edebilir?&#8221; diyerek \u0130srail zulm\u00fcne tepki g\u00f6sterdi.<\/p>\n","protected":false},"excerpt":{"rendered":"<p>\u0130SRA\u0130L&#8217;\u0130N A\u0130LES\u0130NE REFAKAT\u00c7\u0130 \u0130ZN\u0130 VERMED\u0130\u011e\u0130 BEY\u0130N KANSER\u0130 OLAN 5 YA\u015eINDAK\u0130 F\u0130L\u0130ST\u0130NL\u0130 KIZ \u00c7OCU\u011eU, KUD\u00dcS\u2019TE TEK BA\u015eINA KANSER TEDAV\u0130S\u0130 G\u00d6RD\u00dcKTEN SONRA SEVK ED\u0130LD\u0130\u011e\u0130 GAZZE\u2019DEK\u0130 HASTANEDE HAYATA G\u00d6ZLER\u0130N\u0130 YUMDU.<\/p>\n","protected":false},"author":1,"featured_media":159117,"comment_status":"closed","ping_status":"open","sticky":false,"template":"","format":"standard","meta":{"jetpack_post_was_ever_published":false,"_jetpack_newsletter_access":"","_jetpack_dont_email_post_to_subs":false,"_jetpack_newsletter_tier_id":0,"_jetpack_memberships_contains_paywalled_content":false,"_jetpack_memberships_contains_paid_content":false,"footnotes":"","jetpack_publicize_message":"","jetpack_publicize_feature_enabled":true,"jetpack_social_post_already_shared":true,"jetpack_social_options":{"image_generator_settings":{"template":"highway","default_image_id":0,"font":"","enabled":false},"version":2}},"categories":[10],"tags":[23827,1213,848,11016,849,4200,1166,37151,24215],"class_list":["post-159116","post","type-post","status-publish","format-standard","has-post-thumbnail","hentry","category-dunya","tag-israilin","tag-ailesine","tag-hayatini","tag-izni","tag-kaybetti","tag-kiz","tag-kucuk","tag-refakat","tag-vermedigi"],"jetpack_publicize_connections":[],"jetpack_featured_media_url":"https:\/\/i0.wp.com\/www.tvturk.com\/wp-content\/uploads\/2019\/05\/israilin-ailesine-refakat-izni-vermedigi-kucuk-kiz-hayatini-kaybetti_e04d92a.jpg?fit=550%2C350","jetpack_sharing_enabled":true,"jetpack_shortlink":"https:\/\/wp.me\/paKIfm-Foo","_links":{"self":[{"href":"http:\/\/www.tvturk.com\/index.php\/wp-json\/wp\/v2\/posts\/159116","targetHints":{"allow":["GET"]}}],"collection":[{"href":"http:\/\/www.tvturk.com\/index.php\/wp-json\/wp\/v2\/posts"}],"about":[{"href":"http:\/\/www.tvturk.com\/index.php\/wp-json\/wp\/v2\/types\/post"}],"author":[{"embeddable":true,"href":"http:\/\/www.tvturk.com\/index.php\/wp-json\/wp\/v2\/users\/1"}],"replies":[{"embeddable":true,"href":"http:\/\/www.tvturk.com\/index.php\/wp-json\/wp\/v2\/comments?post=159116"}],"version-history":[{"count":0,"href":"http:\/\/www.tvturk.com\/index.php\/wp-json\/wp\/v2\/posts\/159116\/revisions"}],"wp:featuredmedia":[{"embeddable":true,"href":"http:\/\/www.tvturk.com\/index.php\/wp-json\/wp\/v2\/media\/159117"}],"wp:attachment":[{"href":"http:\/\/www.tvturk.com\/index.php\/wp-json\/wp\/v2\/media?parent=159116"}],"wp:term":[{"taxonomy":"category","embeddable":true,"href":"http:\/\/www.tvturk.com\/index.php\/wp-json\/wp\/v2\/categories?post=159116"},{"taxonomy":"post_tag","embeddable":true,"href":"http:\/\/www.tvturk.com\/index.php\/wp-json\/wp\/v2\/tags?post=159116"}],"curies":[{"name":"wp","href":"https:\/\/api.w.org\/{rel}","templated":true}]}}