{"id":159120,"date":"2019-05-19T13:46:15","date_gmt":"2019-05-19T10:46:15","guid":{"rendered":"http:\/\/www.tvturk.com\/index.php\/500-yillik-mezar-gorenleri-hayrete-dusuruyor\/"},"modified":"2019-05-19T13:46:15","modified_gmt":"2019-05-19T10:46:15","slug":"500-yillik-mezar-gorenleri-hayrete-dusuruyor","status":"publish","type":"post","link":"http:\/\/www.tvturk.com\/index.php\/500-yillik-mezar-gorenleri-hayrete-dusuruyor\/","title":{"rendered":"500 y\u0131ll\u0131k mezar g\u00f6renleri hayrete d\u00fc\u015f\u00fcr\u00fcyor"},"content":{"rendered":"<p>Siirt\u2019in Kurtalan il\u00e7esine ba\u011fl\u0131 Teylan k\u00f6y\u00fcnde yakla\u015f\u0131k 500 y\u0131ll\u0131k \u015eeyh Abdulkadir Geylani\u2019nin torunu \u015eeyh Hasan Efendi\u2019ye ait 6 metrelik kabir g\u00f6renleri hayrete d\u00fc\u015f\u00fcr\u00fcyor.<\/p>\n<p>Teylan k\u00f6y\u00fcnde \u015eeyh Hasan Efendi\u2019ye ait olan 5-6 as\u0131rl\u0131k kabir, g\u00f6renlerin a\u011fz\u0131n\u0131 a\u00e7\u0131kta b\u0131rak\u0131yor. Evinde vefat etti\u011fi oda mezarl\u0131k haline getirilen \u015eeyh Hasan Efendi\u2019ye ait 6 metre uzunlu\u011fundaki kabir, \u015eeyh Hasan Efendi\u2019nin 13. ku\u015faktan torunu Mahsun Ceylan taraf\u0131ndan korunup temizleniyor. Mezar ile ilgili bilgi veren Mahsun Ceylan, Teylan k\u00f6y\u00fcn\u00fcn Kurtalan il\u00e7esinin en eski yerle\u015fim yerlerinden biri oldu\u011funu s\u00f6yledi. Ceylan, \u201c\u015eeyh Hasan Efendi, Yavuz Sultan Selim taraf\u0131ndan Teylan\u2019a g\u00f6nderiliyor. D\u00f6nemin Teylan\u2019\u0131 b\u00f6lgenin ad\u0131yd\u0131. \u015eeyh Hasan Efendi 13. ku\u015faktan benim dedem. Yavuz Sultan Selim M\u0131s\u0131r seferi d\u00f6n\u00fc\u015f\u00fcnde Diyarbak\u0131r\u2019a gelirken \u015eeyh Hasan Efendi\u2019ye Teylan\u2019\u0131 veriyor. \u015eeyh Hasan Efendi geldi\u011finde Teylan\u2019\u0131 kurunca mezarl\u0131\u011f\u0131n\u0131n bulundu\u011fu yere evini in\u015fa ediyor. Zaten mezarl\u0131\u011f\u0131 da vefat etti\u011fi odan\u0131n \u00fczerine kurulmu\u015ftur. Bak\u0131ld\u0131\u011f\u0131nda da belli zaten, odan\u0131n uzunlu\u011fu 6 metre. \u015eeyh Hasan Efendi peygamber torunu oldu\u011fu i\u00e7in vefat etti\u011fi zaman yataklar\u0131n\u0131 kald\u0131r\u0131yorlar, yatak yerinde mezarl\u0131\u011f\u0131 a\u00e7\u0131yorlar ve mezarl\u0131\u011fa koyuyorlar. Buras\u0131 bizim i\u00e7in \u00e7ok \u00f6nemli, bak\u0131mlar\u0131n\u0131 biz yap\u0131yoruz\u201d dedi.<\/p>\n","protected":false},"excerpt":{"rendered":"<p>S\u0130\u0130RT\u2019\u0130N KURTALAN \u0130L\u00c7ES\u0130NE BA\u011eLI TEYLAN K\u00d6Y\u00dcNDE YAKLA\u015eIK \u015eEYH ABDULKAD\u0130R GEYLAN\u0130\u2019N\u0130N TORUNU OLAN \u015eEYH HASAN EFEND\u0130YE A\u0130T YAKLA\u015eIK 500 YILLIK 6 METREL\u0130K MEZARLIK G\u00d6RENLER\u0130 HAYRETE D\u00dc\u015e\u00dcR\u00dcYOR.<\/p>\n","protected":false},"author":1,"featured_media":159121,"comment_status":"closed","ping_status":"open","sticky":false,"template":"","format":"standard","meta":{"jetpack_post_was_ever_published":false,"_jetpack_newsletter_access":"","_jetpack_dont_email_post_to_subs":false,"_jetpack_newsletter_tier_id":0,"_jetpack_memberships_contains_paywalled_content":false,"_jetpack_memberships_contains_paid_content":false,"footnotes":"","jetpack_publicize_message":"","jetpack_publicize_feature_enabled":true,"jetpack_social_post_already_shared":true,"jetpack_social_options":{"image_generator_settings":{"template":"highway","default_image_id":0,"font":"","enabled":false},"version":2}},"categories":[1],"tags":[565,17528,2447,12312,7524,710],"class_list":["post-159120","post","type-post","status-publish","format-standard","has-post-thumbnail","hentry","category-genel","tag-565","tag-dusuruyor","tag-gorenleri","tag-hayrete","tag-mezar","tag-yillik"],"jetpack_publicize_connections":[],"jetpack_featured_media_url":"https:\/\/i0.wp.com\/www.tvturk.com\/wp-content\/uploads\/2019\/05\/500-yillik-mezar-gorenleri-hayrete-dusuruyor_4e55c87.jpg?fit=1000%2C562","jetpack_sharing_enabled":true,"jetpack_shortlink":"https:\/\/wp.me\/paKIfm-Fos","_links":{"self":[{"href":"http:\/\/www.tvturk.com\/index.php\/wp-json\/wp\/v2\/posts\/159120","targetHints":{"allow":["GET"]}}],"collection":[{"href":"http:\/\/www.tvturk.com\/index.php\/wp-json\/wp\/v2\/posts"}],"about":[{"href":"http:\/\/www.tvturk.com\/index.php\/wp-json\/wp\/v2\/types\/post"}],"author":[{"embeddable":true,"href":"http:\/\/www.tvturk.com\/index.php\/wp-json\/wp\/v2\/users\/1"}],"replies":[{"embeddable":true,"href":"http:\/\/www.tvturk.com\/index.php\/wp-json\/wp\/v2\/comments?post=159120"}],"version-history":[{"count":0,"href":"http:\/\/www.tvturk.com\/index.php\/wp-json\/wp\/v2\/posts\/159120\/revisions"}],"wp:featuredmedia":[{"embeddable":true,"href":"http:\/\/www.tvturk.com\/index.php\/wp-json\/wp\/v2\/media\/159121"}],"wp:attachment":[{"href":"http:\/\/www.tvturk.com\/index.php\/wp-json\/wp\/v2\/media?parent=159120"}],"wp:term":[{"taxonomy":"category","embeddable":true,"href":"http:\/\/www.tvturk.com\/index.php\/wp-json\/wp\/v2\/categories?post=159120"},{"taxonomy":"post_tag","embeddable":true,"href":"http:\/\/www.tvturk.com\/index.php\/wp-json\/wp\/v2\/tags?post=159120"}],"curies":[{"name":"wp","href":"https:\/\/api.w.org\/{rel}","templated":true}]}}