{"id":159132,"date":"2019-05-19T14:29:10","date_gmt":"2019-05-19T11:29:10","guid":{"rendered":"http:\/\/www.tvturk.com\/index.php\/cankirida-19-mayis-coskusu\/"},"modified":"2019-05-19T14:29:10","modified_gmt":"2019-05-19T11:29:10","slug":"cankirida-19-mayis-coskusu","status":"publish","type":"post","link":"http:\/\/www.tvturk.com\/index.php\/cankirida-19-mayis-coskusu\/","title":{"rendered":"\u00c7ank\u0131r\u0131\u2019da 19 May\u0131s co\u015fkusu"},"content":{"rendered":"<p>19 May\u0131s Atat\u00fcrk\u2019\u00fc Anma, Gen\u00e7lik Spor Bayram\u0131 \u00c7ank\u0131r\u0131\u2019da co\u015fkuyla kutland\u0131.<\/p>\n<p>Program kapsam\u0131nda Hasan Fehmi G\u00f6k\u015fen Kapal\u0131 Spor Salonu\u2019nda sporcular taraf\u0131ndan \u00e7e\u015fitli g\u00f6steriler yap\u0131ld\u0131.<\/p>\n<p>Sayg\u0131 duru\u015funda bulunulup \u0130stiklal Mar\u015f\u0131\u2019n\u0131n okunmas\u0131n\u0131n ard\u0131ndan g\u00fcn\u00fcn anlam ve \u00f6nemini belirten konu\u015fmay\u0131 yapan Gen\u00e7lik ve Spor \u0130l M\u00fcd\u00fcr\u00fc Ekrem Gerginci, &#8220;Bug\u00fcn 19 may\u0131s 1919 da B\u00fcy\u00fck \u00f6nder Mustafa Kemal Atat\u00fcrk\u2019\u00fcn Samsun\u2019a ayak basarak Milli M\u00fccadele\u2019yi ba\u015flatt\u0131\u011f\u0131 g\u00fcn\u00fcn 100. y\u0131l d\u00f6n\u00fcm\u00fcn\u00fc kutluyoruz. Osmanl\u0131 \u0130mparatorlu\u011fu l . D\u00fcnya Sava\u015f\u0131\u2019ndan yenilgiyle ayr\u0131lm\u0131\u015f, Avrupa\u2019n\u0131n \u2019hasta adam\u2019 olarak nitelendirilen Osmanl\u0131 \u0130mparatorlu\u011fu, topraklar\u0131nda g\u00f6z\u00fc olan Avrupa devletleri taraf\u0131ndan \u00e7e\u015fitli bahanelerle i\u015fgal edilmeye ba\u015flanm\u0131\u015f, milletini seven vatansever yurtta\u015flar\u0131m\u0131z \u00e7e\u015fitli kurtulu\u015f yollar\u0131 aramaya ba\u015flam\u0131\u015flard\u0131. Bu vesileyle Milli M\u00fccadelemizin ba\u015flad\u0131\u011f\u0131 19 May\u0131s 1919 g\u00fcn\u00fcnden bu g\u00fcn\u00fcm\u00fcze kadar s\u00fcrd\u00fcrd\u00fc\u011f\u00fcm\u00fcz Milli M\u00fccadelemizin y\u00fcz\u00fcnc\u00fc y\u0131l\u0131nda vatan topra\u011f\u0131 i\u00e7in, ba\u011f\u0131ms\u0131zl\u0131\u011f\u0131m\u0131z ve h\u00fcrriyetimiz i\u00e7in can\u0131n\u0131 veren t\u00fcm \u015fehitlerimizi \u015f\u00fckran, minnet ve rahmetle an\u0131yor, hepinizi sayg\u0131yla selaml\u0131yorum&#8221; dedi.<\/p>\n<p>Program sonras\u0131nda tekvando, judo, wushu, cimnastik dallar\u0131ndaki \u00f6\u011frenciler g\u00f6steriler yapt\u0131. Programa \u00c7ank\u0131r\u0131 Vali Yard\u0131mc\u0131s\u0131 Abdullah Aslaner, \u00c7ank\u0131r\u0131 Belediye Ba\u015fkan\u0131 \u0130smail Hakk\u0131 Esen, Garnizon Komutan\u0131 Albay O\u011fuz \u00c7i\u00e7ek, Jandarma Komutan\u0131 J. Albay H\u0131d\u0131r Ay\u00e7i\u00e7ek, \u0130l Emniyet M\u00fcd\u00fcr\u00fc Sadettin Aksoy kurum m\u00fcd\u00fcrleri ve \u00e7ok say\u0131da vatanda\u015f kat\u0131ld\u0131.<\/p>\n","protected":false},"excerpt":{"rendered":"<p>\u00c7ANKIRI&#8217;DA 19 MAYIS CO\u015eKUSU<\/p>\n","protected":false},"author":1,"featured_media":159133,"comment_status":"closed","ping_status":"open","sticky":false,"template":"","format":"standard","meta":{"jetpack_post_was_ever_published":false,"_jetpack_newsletter_access":"","_jetpack_dont_email_post_to_subs":false,"_jetpack_newsletter_tier_id":0,"_jetpack_memberships_contains_paywalled_content":false,"_jetpack_memberships_contains_paid_content":false,"footnotes":"","jetpack_publicize_message":"","jetpack_publicize_feature_enabled":true,"jetpack_social_post_already_shared":true,"jetpack_social_options":{"image_generator_settings":{"template":"highway","default_image_id":0,"font":"","enabled":false},"version":2}},"categories":[1],"tags":[11398,6596,2125],"class_list":["post-159132","post","type-post","status-publish","format-standard","has-post-thumbnail","hentry","category-genel","tag-cankirida","tag-coskusu","tag-mayis"],"jetpack_publicize_connections":[],"jetpack_featured_media_url":"https:\/\/i0.wp.com\/www.tvturk.com\/wp-content\/uploads\/2019\/05\/cankirida-19-mayis-coskusu_ba6f3de.jpg?fit=1000%2C666","jetpack_sharing_enabled":true,"jetpack_shortlink":"https:\/\/wp.me\/paKIfm-FoE","_links":{"self":[{"href":"http:\/\/www.tvturk.com\/index.php\/wp-json\/wp\/v2\/posts\/159132","targetHints":{"allow":["GET"]}}],"collection":[{"href":"http:\/\/www.tvturk.com\/index.php\/wp-json\/wp\/v2\/posts"}],"about":[{"href":"http:\/\/www.tvturk.com\/index.php\/wp-json\/wp\/v2\/types\/post"}],"author":[{"embeddable":true,"href":"http:\/\/www.tvturk.com\/index.php\/wp-json\/wp\/v2\/users\/1"}],"replies":[{"embeddable":true,"href":"http:\/\/www.tvturk.com\/index.php\/wp-json\/wp\/v2\/comments?post=159132"}],"version-history":[{"count":0,"href":"http:\/\/www.tvturk.com\/index.php\/wp-json\/wp\/v2\/posts\/159132\/revisions"}],"wp:featuredmedia":[{"embeddable":true,"href":"http:\/\/www.tvturk.com\/index.php\/wp-json\/wp\/v2\/media\/159133"}],"wp:attachment":[{"href":"http:\/\/www.tvturk.com\/index.php\/wp-json\/wp\/v2\/media?parent=159132"}],"wp:term":[{"taxonomy":"category","embeddable":true,"href":"http:\/\/www.tvturk.com\/index.php\/wp-json\/wp\/v2\/categories?post=159132"},{"taxonomy":"post_tag","embeddable":true,"href":"http:\/\/www.tvturk.com\/index.php\/wp-json\/wp\/v2\/tags?post=159132"}],"curies":[{"name":"wp","href":"https:\/\/api.w.org\/{rel}","templated":true}]}}