{"id":159148,"date":"2019-05-19T14:58:06","date_gmt":"2019-05-19T11:58:06","guid":{"rendered":"http:\/\/www.tvturk.com\/index.php\/edirnede-19-mayis-genclik-ve-spor-bayrami-coskuyla-kutlandi\/"},"modified":"2019-05-19T14:58:06","modified_gmt":"2019-05-19T11:58:06","slug":"edirnede-19-mayis-genclik-ve-spor-bayrami-coskuyla-kutlandi","status":"publish","type":"post","link":"http:\/\/www.tvturk.com\/index.php\/edirnede-19-mayis-genclik-ve-spor-bayrami-coskuyla-kutlandi\/","title":{"rendered":"Edirne\u2019de 19 May\u0131s Gen\u00e7lik ve Spor Bayram\u0131 co\u015fkuyla kutland\u0131"},"content":{"rendered":"<p>Ulu \u00d6nder Gazi Mustafa Kemal Atat\u00fcrk\u2019\u00fcn T\u00fcrk gen\u00e7li\u011fine hediye etti\u011fi 19 May\u0131s Gen\u00e7lik ve Spor Bayram\u0131\u2019n\u0131n 100\u2019\u00fcnc\u00fc y\u0131l\u0131 Edirne\u2019deki t\u00f6renlerle kutland\u0131.<\/p>\n<p>Sabah saatlerinde ger\u00e7ekle\u015ftirilen t\u00f6rende vatanda\u015flar Atat\u00fcrk An\u0131t\u0131 \u00f6n\u00fcnde bulu\u015furken, Sara\u00e7lar Caddesi\u2019nde de 8 \u00fclkeden ekiplerin kat\u0131l\u0131m\u0131yla \u2019Gen\u00e7lik \u015eenli\u011fi\u2019 d\u00fczenlendi.<\/p>\n<p>Gazi Mustafa Kemal Atat\u00fcrk ve 18 silah arkada\u015f\u0131yla Samsun\u2019a \u00e7\u0131karak milli m\u00fccadelenin ate\u015fini yakt\u0131\u011f\u0131 19 May\u0131s 1919\u2019un 100\u2019\u00fcnc\u00fc y\u0131l\u0131 Edirne\u2019de co\u015fkuyla kutland\u0131.<\/p>\n<p>Kutlama t\u00f6renleri gen\u00e7lik kortejinin 25 Kas\u0131m Stad\u0131\u2019ndan Atat\u00fcrk An\u0131t\u0131na y\u00fcr\u00fcy\u00fc\u015f\u00fcyle ba\u015flad\u0131. Kortej protokol e\u015fli\u011finde Atat\u00fcrk An\u0131t\u0131\u2019na ge\u00e7ti. Gen\u00e7lik Hizmetleri ve Spor \u0130l M\u00fcd\u00fcr\u00fc Zekeriya Bayrak\u2019\u0131n m\u00fcd\u00fcrl\u00fc\u011f\u00fcn \u00e7elengini an\u0131ta sunmas\u0131yla ba\u015flayan t\u00f6rene Ak Parti Edirne Milletvekili Fatma Aksal, kamu kurum ve kurulu\u015f m\u00fcd\u00fcrleri, sivil toplum kurulu\u015f temsilcileri ve \u00e7ok say\u0131da vatanda\u015f kat\u0131ld\u0131.<\/p>\n<p>Edirne Belediye Bandosu e\u015fli\u011finde sayg\u0131 duru\u015funda bulunulup \u0130stiklal mar\u015f\u0131 okunan t\u00f6rende g\u00fcn\u00fcn anlam ve \u00f6nemini belirten konu\u015fmay\u0131 Edirne Gen\u00e7lik ve Spor \u0130l M\u00fcd\u00fcr\u00fc Selim Ak yapt\u0131. Ak, 19 May\u0131s2\u0131n aziz milletimizin \u00f6zg\u00fcr ve ba\u011f\u0131ms\u0131z olarak ya\u015fama kararl\u0131l\u0131\u011f\u0131n\u0131 t\u00fcm d\u00fcnyaya g\u00f6sterdi\u011fi istiklal y\u00fcr\u00fcy\u00fc\u015f\u00fcn\u00fcn ba\u015flang\u0131\u00e7 tarihi oldu\u011funu s\u00f6yledi.<\/p>\n<p>Konu\u015fmalar\u0131n ard\u0131ndan An\u0131t \u00f6n\u00fcndeki t\u00f6ren sona erdi. 19 May\u0131s kutlamalar\u0131 Sara\u00e7lar Caddesi\u2019nde d\u00fczenlenen \u2019Gen\u00e7lik \u015eenli\u011fi\u2019 ile devam etti. \u015eenlik kapsam\u0131nda Kuzey Makedonya, Bulgaristan, S\u0131rbistan, Romanya, Moldova ve Bosna Hersek\u2019ten gelen ekipler caddede kurulan sahnede halk oyunlar\u0131 g\u00f6sterileri sergiledi. \u00d6te yandan etkinlikler kapsam\u0131nda 81 il ve 22 \u00fclkede e\u015f zamanl\u0131 olarak Atat\u00fcrk\u2019\u00fcn Samsun\u2019a \u00e7\u0131k\u0131\u015f\u0131 ile milli m\u00fccadelenin 100\u2019\u00fcnc\u00fc y\u0131l\u0131n\u0131 anmak ad\u0131na \u2019Atabar\u0131\u2019 oyunu oynand\u0131.<\/p>\n","protected":false},"excerpt":{"rendered":"<p>ULU \u00d6NDER GAZ\u0130 MUSTAFA KEMAL ATAT\u00dcRK&#8217;\u00dcN T\u00dcRK GEN\u00c7L\u0130\u011e\u0130NE HED\u0130YE ETT\u0130\u011e\u0130 19 MAYIS GEN\u00c7L\u0130K VE SPOR BAYRAMI&#8217;NIN 100&#8217;\u00dcNC\u00dc YILI ED\u0130RNE&#8217;DEK\u0130 T\u00d6RENLERLE KUTLANDI.<\/p>\n","protected":false},"author":1,"featured_media":159149,"comment_status":"closed","ping_status":"open","sticky":false,"template":"","format":"standard","meta":{"jetpack_post_was_ever_published":false,"_jetpack_newsletter_access":"","_jetpack_dont_email_post_to_subs":false,"_jetpack_newsletter_tier_id":0,"_jetpack_memberships_contains_paywalled_content":false,"_jetpack_memberships_contains_paid_content":false,"footnotes":"","jetpack_publicize_message":"","jetpack_publicize_feature_enabled":true,"jetpack_social_post_already_shared":true,"jetpack_social_options":{"image_generator_settings":{"template":"highway","default_image_id":0,"font":"","enabled":false},"version":2}},"categories":[1],"tags":[6193,3205,2608,512,2822,2125,1619],"class_list":["post-159148","post","type-post","status-publish","format-standard","has-post-thumbnail","hentry","category-genel","tag-bayrami","tag-coskuyla","tag-edirnede","tag-genclik","tag-kutlandi","tag-mayis","tag-spor"],"jetpack_publicize_connections":[],"jetpack_featured_media_url":"https:\/\/i0.wp.com\/www.tvturk.com\/wp-content\/uploads\/2019\/05\/edirnede-19-mayis-genclik-ve-spor-bayrami-coskuyla-kutlandi_5fbbafd.jpg?fit=1000%2C663","jetpack_sharing_enabled":true,"jetpack_shortlink":"https:\/\/wp.me\/paKIfm-FoU","_links":{"self":[{"href":"http:\/\/www.tvturk.com\/index.php\/wp-json\/wp\/v2\/posts\/159148","targetHints":{"allow":["GET"]}}],"collection":[{"href":"http:\/\/www.tvturk.com\/index.php\/wp-json\/wp\/v2\/posts"}],"about":[{"href":"http:\/\/www.tvturk.com\/index.php\/wp-json\/wp\/v2\/types\/post"}],"author":[{"embeddable":true,"href":"http:\/\/www.tvturk.com\/index.php\/wp-json\/wp\/v2\/users\/1"}],"replies":[{"embeddable":true,"href":"http:\/\/www.tvturk.com\/index.php\/wp-json\/wp\/v2\/comments?post=159148"}],"version-history":[{"count":0,"href":"http:\/\/www.tvturk.com\/index.php\/wp-json\/wp\/v2\/posts\/159148\/revisions"}],"wp:featuredmedia":[{"embeddable":true,"href":"http:\/\/www.tvturk.com\/index.php\/wp-json\/wp\/v2\/media\/159149"}],"wp:attachment":[{"href":"http:\/\/www.tvturk.com\/index.php\/wp-json\/wp\/v2\/media?parent=159148"}],"wp:term":[{"taxonomy":"category","embeddable":true,"href":"http:\/\/www.tvturk.com\/index.php\/wp-json\/wp\/v2\/categories?post=159148"},{"taxonomy":"post_tag","embeddable":true,"href":"http:\/\/www.tvturk.com\/index.php\/wp-json\/wp\/v2\/tags?post=159148"}],"curies":[{"name":"wp","href":"https:\/\/api.w.org\/{rel}","templated":true}]}}