{"id":159154,"date":"2019-05-19T15:25:27","date_gmt":"2019-05-19T12:25:27","guid":{"rendered":"http:\/\/www.tvturk.com\/index.php\/basaksehir-taraftari-takima-moral-verdi\/"},"modified":"2019-05-19T15:25:27","modified_gmt":"2019-05-19T12:25:27","slug":"basaksehir-taraftari-takima-moral-verdi","status":"publish","type":"post","link":"http:\/\/www.tvturk.com\/index.php\/basaksehir-taraftari-takima-moral-verdi\/","title":{"rendered":"Ba\u015fak\u015fehir taraftar\u0131 tak\u0131ma moral verdi"},"content":{"rendered":"<p>Bu ak\u015fam Galatasaray kar\u015f\u0131s\u0131nda \u015fampiyonluk ma\u00e7\u0131na \u00e7\u0131kacak olan Medipol Ba\u015fak\u015fehir\u2019de turuncu-lacivertli taraftalar, tesis \u00f6n\u00fcnde toplanarak, tak\u0131m\u0131na destekte bulundu. Ba\u015fak\u015fehir taraftar grubu \u00fcyelerinden Mustafa Akdolu, \u201cY\u00fczd\u00fck y\u00fczd\u00fck kuyru\u011funa geldik. Allah\u2019\u0131n izniyle \u015fampiyon olup, stad\u0131m\u0131za gelece\u011fiz\u201d dedi.<\/p>\n<p>Spor Toto S\u00fcper Lig\u2019in 33. haftas\u0131nda bu ak\u015fam T\u00fcrk Telekom Stadyum\u2019nda Galatasaray ile \u015fampiyonluk ma\u00e7\u0131na \u00e7\u0131kacak olan Medipol Ba\u015fak\u015fehir\u2019de taraftarlar, g\u00fcn\u00fcn erken saatlerinden itibaren tesis \u00f6n\u00fcnde topland\u0131. Tesis giri\u015finde tak\u0131ma b\u00fcy\u00fck destekte bulunan turunu-lacivertli taraftarlar, \u015fampiyonlu\u011fa da inand\u0131klar\u0131n\u0131 s\u00f6yledi. \u0130hlas Haber Ajans\u0131\u2019na \u00f6zel a\u00e7\u0131klamalarda bulunan ve Seyrantepe\u2019ye \u015fampiyonlu\u011fa inanarak gittiklerini belirten Ba\u015fak\u015fehir taraftar grubu \u00fcyelerinden Mustafa Akdolu, \u201cY\u00fczd\u00fck y\u00fczd\u00fck kuyru\u011funa geldik. Ba\u015fkan\u0131m\u0131z G\u00f6ksel G\u00fcm\u00fc\u015fda\u011f ve hocam\u0131z Abdullah Avc\u0131\u2019ya \u00e7ok g\u00fcveniyoruz. Allah\u2019\u0131n izniyle yolun sonunu \u015fampiyonluk olarak g\u00f6r\u00fcyoruz. Biz buna inan\u0131yoruz. Biz bu yola \u2018\u00e7ok olanlar de\u011fil inanlar kazan\u0131r\u2019 diyerek \u00e7\u0131kt\u0131k. 3-5 ki\u015fiydik \u015fimdi binler oldu say\u0131m\u0131z. Allah\u2019\u0131n izniyle \u015fampiyon olup, stad\u0131m\u0131za gelece\u011fiz. T\u00fcm Ba\u015fak\u015fehir halk\u0131na destekleri i\u00e7in te\u015fekk\u00fcr ediyorum. Ortalama bin 500 ki\u015fiyle Galatasaray ma\u00e7\u0131nda gidece\u011fiz. Bizim i\u00e7in say\u0131 de\u011fil inanan\u0131n karde\u015fler \u00f6nemli. 200-300 ki\u015fi gitti\u011fimiz deplasmanlar da bile kar\u015f\u0131 tak\u0131ma deplasman\u0131 iyi ya\u015fatt\u0131k. Bug\u00fcn de trib\u00fcnlerde g\u00fczel bir g\u00f6rsel \u015fov yapaca\u011f\u0131z\u201d \u015feklinde konu\u015ftu.<\/p>\n","protected":false},"excerpt":{"rendered":"<p>BU AK\u015eAM GALATASARAY KAR\u015eISINDA \u015eAMP\u0130YONLUK MA\u00c7INA \u00c7IKACAK OLAN MED\u0130POL BA\u015eAK\u015eEH\u0130R\u2019DE TURUNCU-LAC\u0130VERTL\u0130 TARAFTALAR, TES\u0130S \u00d6N\u00dcNDE TOPLANARAK, TAKIMINA DESTEKTE BULUNDU.<\/p>\n","protected":false},"author":1,"featured_media":159155,"comment_status":"closed","ping_status":"open","sticky":false,"template":"","format":"standard","meta":{"jetpack_post_was_ever_published":false,"_jetpack_newsletter_access":"","_jetpack_dont_email_post_to_subs":false,"_jetpack_newsletter_tier_id":0,"_jetpack_memberships_contains_paywalled_content":false,"_jetpack_memberships_contains_paid_content":false,"footnotes":"","jetpack_publicize_message":"","jetpack_publicize_feature_enabled":true,"jetpack_social_post_already_shared":true,"jetpack_social_options":{"image_generator_settings":{"template":"highway","default_image_id":0,"font":"","enabled":false},"version":2}},"categories":[657],"tags":[6004,68,3379,11375,386],"class_list":["post-159154","post","type-post","status-publish","format-standard","has-post-thumbnail","hentry","category-spor","tag-basaksehir","tag-moral","tag-takima","tag-taraftari","tag-verdi"],"jetpack_publicize_connections":[],"jetpack_featured_media_url":"https:\/\/i0.wp.com\/www.tvturk.com\/wp-content\/uploads\/2019\/05\/basaksehir-taraftari-takima-moral-verdi_7c9349c.jpg?fit=1000%2C665","jetpack_sharing_enabled":true,"jetpack_shortlink":"https:\/\/wp.me\/paKIfm-Fp0","_links":{"self":[{"href":"http:\/\/www.tvturk.com\/index.php\/wp-json\/wp\/v2\/posts\/159154","targetHints":{"allow":["GET"]}}],"collection":[{"href":"http:\/\/www.tvturk.com\/index.php\/wp-json\/wp\/v2\/posts"}],"about":[{"href":"http:\/\/www.tvturk.com\/index.php\/wp-json\/wp\/v2\/types\/post"}],"author":[{"embeddable":true,"href":"http:\/\/www.tvturk.com\/index.php\/wp-json\/wp\/v2\/users\/1"}],"replies":[{"embeddable":true,"href":"http:\/\/www.tvturk.com\/index.php\/wp-json\/wp\/v2\/comments?post=159154"}],"version-history":[{"count":0,"href":"http:\/\/www.tvturk.com\/index.php\/wp-json\/wp\/v2\/posts\/159154\/revisions"}],"wp:featuredmedia":[{"embeddable":true,"href":"http:\/\/www.tvturk.com\/index.php\/wp-json\/wp\/v2\/media\/159155"}],"wp:attachment":[{"href":"http:\/\/www.tvturk.com\/index.php\/wp-json\/wp\/v2\/media?parent=159154"}],"wp:term":[{"taxonomy":"category","embeddable":true,"href":"http:\/\/www.tvturk.com\/index.php\/wp-json\/wp\/v2\/categories?post=159154"},{"taxonomy":"post_tag","embeddable":true,"href":"http:\/\/www.tvturk.com\/index.php\/wp-json\/wp\/v2\/tags?post=159154"}],"curies":[{"name":"wp","href":"https:\/\/api.w.org\/{rel}","templated":true}]}}