{"id":159202,"date":"2019-05-19T17:48:08","date_gmt":"2019-05-19T14:48:08","guid":{"rendered":"http:\/\/www.tvturk.com\/index.php\/100-yilda-gokyuzunde-turk-bayragi-actilar\/"},"modified":"2019-05-19T17:48:08","modified_gmt":"2019-05-19T14:48:08","slug":"100-yilda-gokyuzunde-turk-bayragi-actilar","status":"publish","type":"post","link":"http:\/\/www.tvturk.com\/index.php\/100-yilda-gokyuzunde-turk-bayragi-actilar\/","title":{"rendered":"100. y\u0131lda g\u00f6ky\u00fcz\u00fcnde T\u00fcrk bayra\u011f\u0131 a\u00e7t\u0131lar"},"content":{"rendered":"<p>Mu\u011fla\u2019n\u0131n Fethiye il\u00e7esinde 19 May\u0131s Atat\u00fcrk\u2019\u00fc Anma, Gen\u00e7lik ve Spor Bayram\u0131\u2019n\u0131n 100. y\u0131l\u0131nda Babada\u011f\u2019da yama\u00e7 para\u015f\u00fct\u00fc ile u\u00e7u\u015f yapan \u00f6\u011frenciler, g\u00f6ky\u00fcz\u00fcnde T\u00fcrk bayra\u011f\u0131 a\u00e7t\u0131lar.<\/p>\n<p>\u00d6l\u00fcdeniz Mahallesi\u2019nde bulunan Gravity firmas\u0131 ile Gen\u00e7lik ve Spor M\u00fcd\u00fcrl\u00fc\u011f\u00fc i\u015f birli\u011finde haz\u0131rlanan proje kapsam\u0131nda 5 \u00fcniversite \u00f6\u011frenci, d\u00fcnyaca \u00fcnl\u00fc Babada\u011f\u2019a \u00e7\u0131kt\u0131. \u00d6\u011frenciler, haz\u0131rl\u0131klar\u0131n\u0131n ard\u0131ndan 1900 metre y\u00fckseklikteki pistten tandem (ikili) u\u00e7u\u015f yapt\u0131. U\u00e7u\u015f s\u0131ras\u0131nda \u00f6\u011frenciler ellerinde T\u00fcrk bayraklar\u0131yla \u00d6l\u00fcdeniz manzaras\u0131n\u0131 izlediler. Vatanda\u015flar\u0131n alk\u0131\u015flar\u0131 aras\u0131nda \u00f6\u011frenciler, Belcek\u0131z Plaj\u0131\u2019ndaki piste sorunsuz ini\u015f yapt\u0131lar.<\/p>\n<p>\u0130ni\u015fin ard\u0131ndan gazetecilere a\u00e7\u0131klama yapan Gen\u00e7lik ve Spor \u0130l\u00e7e M\u00fcd\u00fcr\u00fc Harun Re\u015fit Yi\u011fit, 19 May\u0131s Atat\u00fcrk\u2019\u00fc Anma, Gen\u00e7lik ve Spor Bayram\u0131\u2019n\u0131n t\u00fcm T\u00fcrkiye\u2019de co\u015fkuyla kutland\u0131\u011f\u0131n\u0131 s\u00f6yledi. Ge\u00e7en y\u0131l 19 genci Babada\u011f\u2019dan para\u015f\u00fctle u\u00e7urduklar\u0131n\u0131 anlatan Yi\u011fit, \u201cU\u00e7u\u015flar\u0131n T\u00fcrk bayraklar\u0131 e\u015fli\u011finde yap\u0131lmas\u0131 ayr\u0131 bir \u00f6nem arz ediyor. \u00d6n\u00fcm\u00fczdeki y\u0131llarda da benzer organizasyonlar ger\u00e7ekle\u015ftirece\u011fiz\u201d dedi.<\/p>\n<p>Mu\u011fla S\u0131tk\u0131 Ko\u00e7man \u00dcniversitesi Fethiye Sa\u011fl\u0131k Meslek Y\u00fcksekokulu Sa\u011fl\u0131k Bilimleri Fak\u00fcltesi 4. s\u0131n\u0131f \u00f6\u011frencisi Nesrullah A\u011fa ise, ilk kez yama\u00e7 para\u015f\u00fct\u00fc u\u00e7u\u015fu yapt\u0131\u011f\u0131n\u0131 ve \u00e7ok keyif ald\u0131\u011f\u0131n\u0131 dile getirdi. A\u011fa, 19 May\u0131s\u2019\u0131n 100. y\u0131l d\u00f6n\u00fcm\u00fc dolay\u0131s\u0131yla T\u00fcrk bayraklar\u0131yla u\u00e7u\u015fun kendisini duyguland\u0131rd\u0131\u011f\u0131n\u0131 ifade etti.<\/p>\n","protected":false},"excerpt":{"rendered":"<p>100.YILDA G\u00d6KY\u00dcZ\u00dcNDE T\u00dcRK BAYRA\u011eI A\u00c7TILAR<\/p>\n","protected":false},"author":1,"featured_media":159203,"comment_status":"closed","ping_status":"open","sticky":false,"template":"","format":"standard","meta":{"jetpack_post_was_ever_published":false,"_jetpack_newsletter_access":"","_jetpack_dont_email_post_to_subs":false,"_jetpack_newsletter_tier_id":0,"_jetpack_memberships_contains_paywalled_content":false,"_jetpack_memberships_contains_paid_content":false,"footnotes":"","jetpack_publicize_message":"","jetpack_publicize_feature_enabled":true,"jetpack_social_post_already_shared":true,"jetpack_social_options":{"image_generator_settings":{"template":"highway","default_image_id":0,"font":"","enabled":false},"version":2}},"categories":[1],"tags":[2127,3547,5177,25416,957,598],"class_list":["post-159202","post","type-post","status-publish","format-standard","has-post-thumbnail","hentry","category-genel","tag-2127","tag-actilar","tag-bayragi","tag-gokyuzunde","tag-turk","tag-yilda"],"jetpack_publicize_connections":[],"jetpack_featured_media_url":"https:\/\/i0.wp.com\/www.tvturk.com\/wp-content\/uploads\/2019\/05\/100-yilda-gokyuzunde-turk-bayragi-actilar_1aac30e.jpg?fit=1000%2C666","jetpack_sharing_enabled":true,"jetpack_shortlink":"https:\/\/wp.me\/paKIfm-FpM","_links":{"self":[{"href":"http:\/\/www.tvturk.com\/index.php\/wp-json\/wp\/v2\/posts\/159202","targetHints":{"allow":["GET"]}}],"collection":[{"href":"http:\/\/www.tvturk.com\/index.php\/wp-json\/wp\/v2\/posts"}],"about":[{"href":"http:\/\/www.tvturk.com\/index.php\/wp-json\/wp\/v2\/types\/post"}],"author":[{"embeddable":true,"href":"http:\/\/www.tvturk.com\/index.php\/wp-json\/wp\/v2\/users\/1"}],"replies":[{"embeddable":true,"href":"http:\/\/www.tvturk.com\/index.php\/wp-json\/wp\/v2\/comments?post=159202"}],"version-history":[{"count":0,"href":"http:\/\/www.tvturk.com\/index.php\/wp-json\/wp\/v2\/posts\/159202\/revisions"}],"wp:featuredmedia":[{"embeddable":true,"href":"http:\/\/www.tvturk.com\/index.php\/wp-json\/wp\/v2\/media\/159203"}],"wp:attachment":[{"href":"http:\/\/www.tvturk.com\/index.php\/wp-json\/wp\/v2\/media?parent=159202"}],"wp:term":[{"taxonomy":"category","embeddable":true,"href":"http:\/\/www.tvturk.com\/index.php\/wp-json\/wp\/v2\/categories?post=159202"},{"taxonomy":"post_tag","embeddable":true,"href":"http:\/\/www.tvturk.com\/index.php\/wp-json\/wp\/v2\/tags?post=159202"}],"curies":[{"name":"wp","href":"https:\/\/api.w.org\/{rel}","templated":true}]}}