{"id":159204,"date":"2019-05-19T17:52:26","date_gmt":"2019-05-19T14:52:26","guid":{"rendered":"http:\/\/www.tvturk.com\/index.php\/100-yil-19-mayis-uluslararasi-yari-maratonu\/"},"modified":"2019-05-19T17:52:26","modified_gmt":"2019-05-19T14:52:26","slug":"100-yil-19-mayis-uluslararasi-yari-maratonu","status":"publish","type":"post","link":"http:\/\/www.tvturk.com\/index.php\/100-yil-19-mayis-uluslararasi-yari-maratonu\/","title":{"rendered":"100. y\u0131l 19 May\u0131s Uluslararas\u0131 Yar\u0131 Maratonu"},"content":{"rendered":"<p>SAMSUN (\u0130HA) \u2013 19 May\u0131s Atat\u00fcrk\u2019\u00fc Anma, Gen\u00e7lik ve Spor Bayram\u0131 nedeniyle Samsun\u2019da 100. Y\u0131l 19 May\u0131s Uluslararas\u0131 Yar\u0131 Maratonu ger\u00e7ekle\u015ftirildi.<\/p>\n<p>Gazi Mustafa Kemal Atat\u00fcrk ve silah arkada\u015flar\u0131n\u0131n Milli M\u00fccadele\u2019yi ba\u015flatmak i\u00e7in Samsun\u2019a \u00e7\u0131k\u0131\u015flar\u0131n\u0131n 100. y\u0131l etkinlikleri kapsam\u0131nda Uluslararas\u0131 19 May\u0131s Yar\u0131 Maratonu ger\u00e7ekle\u015ftirildi. T\u00fct\u00fcn \u0130skelesi\u2019ndeki parkurda ger\u00e7ekle\u015ftirilen ko\u015fuya yakla\u015f\u0131k 600 sporcu kat\u0131ld\u0131. Samsun Valisi Osman Kaymak\u2019\u0131n start\u0131yla ba\u015flayan yar\u0131\u015fmada sporcular dereceye girmek i\u00e7in k\u0131yas\u0131ya m\u00fccadele etti.<\/p>\n<p>Vali Kaymak, burada yapt\u0131\u011f\u0131 konu\u015fmada yar\u0131 maratona kat\u0131lan sporculara ba\u015far\u0131lar diledi. Yakla\u015f\u0131k 20 dakika s\u00fcren maratonun halk ko\u015fusu aya\u011f\u0131nda kad\u0131nlarda ilk s\u0131ray\u0131 20.11 saniye derecesiyle G\u00fcl\u015fen K\u0131l\u0131n\u00e7 elde etti. \u0130kinci, 22.32 saniye derecesiyle Merve Karaca oldu. H\u00fcsna \u00c7a\u011flayan 23.33 saniye derecesiyle \u00fc\u00e7\u00fcnc\u00fcl\u00fc\u011f\u00fc elde etti. Erkeklerde ise ilk s\u0131ray\u0131 Jandarma G\u00fcc\u00fc ad\u0131na yar\u0131\u015fan 17.34 saniye derecesiyle Tahir Karakaya elde etti. \u0130kinci, 18.16 saniye derece ile Burak Yal\u00e7\u0131n oldu. Kadir Y\u0131ld\u0131z da 18.51 saniye derecesiyle \u00fc\u00e7\u00fcnc\u00fcl\u00fc\u011f\u00fc elde etti.<\/p>\n","protected":false},"excerpt":{"rendered":"<p>19 MAYIS ATAT\u00dcRK\u2019\u00dc ANMA GEN\u00c7L\u0130K VE SPOR BAYRAMI NEDEN\u0130YLE SAMSUN\u2019DA 100. YIL 19 MAYIS ULUSLARARASI YARI MARATONU GER\u00c7EKLE\u015eT\u0130R\u0130LD\u0130. GAZ\u0130 MUSTAFA KEMAL ATAT\u00dcRK VE S\u0130LAH ARKADA\u015eLARININ M\u0130LL\u0130 M\u00dcCADELE\u2019Y\u0130 B\u015eLATMAK \u0130\u00c7\u0130N SAMSUN\u2019A \u00c7IKI\u015eLARININ 100. YIL ETK\u0130NL\u0130KLER\u0130 KAPSAMINDA ULUSLARARASI 19 MAYIS YARI MARATONU GER\u00c7EKLE\u015eT\u0130R\u0130LD\u0130.<\/p>\n","protected":false},"author":1,"featured_media":159205,"comment_status":"closed","ping_status":"open","sticky":false,"template":"","format":"standard","meta":{"jetpack_post_was_ever_published":false,"_jetpack_newsletter_access":"","_jetpack_dont_email_post_to_subs":false,"_jetpack_newsletter_tier_id":0,"_jetpack_memberships_contains_paywalled_content":false,"_jetpack_memberships_contains_paid_content":false,"footnotes":"","jetpack_publicize_message":"","jetpack_publicize_feature_enabled":true,"jetpack_social_post_already_shared":true,"jetpack_social_options":{"image_generator_settings":{"template":"highway","default_image_id":0,"font":"","enabled":false},"version":2}},"categories":[657],"tags":[4839,2127,10753,2125,918,231],"class_list":["post-159204","post","type-post","status-publish","format-standard","has-post-thumbnail","hentry","category-spor","tag-uluslararasi","tag-2127","tag-maratonu","tag-mayis","tag-yari","tag-yil"],"jetpack_publicize_connections":[],"jetpack_featured_media_url":"https:\/\/i0.wp.com\/www.tvturk.com\/wp-content\/uploads\/2019\/05\/100-yil-19-mayis-uluslararasi-yari-maratonu_8fde58a.jpg?fit=1000%2C666","jetpack_sharing_enabled":true,"jetpack_shortlink":"https:\/\/wp.me\/paKIfm-FpO","_links":{"self":[{"href":"http:\/\/www.tvturk.com\/index.php\/wp-json\/wp\/v2\/posts\/159204","targetHints":{"allow":["GET"]}}],"collection":[{"href":"http:\/\/www.tvturk.com\/index.php\/wp-json\/wp\/v2\/posts"}],"about":[{"href":"http:\/\/www.tvturk.com\/index.php\/wp-json\/wp\/v2\/types\/post"}],"author":[{"embeddable":true,"href":"http:\/\/www.tvturk.com\/index.php\/wp-json\/wp\/v2\/users\/1"}],"replies":[{"embeddable":true,"href":"http:\/\/www.tvturk.com\/index.php\/wp-json\/wp\/v2\/comments?post=159204"}],"version-history":[{"count":0,"href":"http:\/\/www.tvturk.com\/index.php\/wp-json\/wp\/v2\/posts\/159204\/revisions"}],"wp:featuredmedia":[{"embeddable":true,"href":"http:\/\/www.tvturk.com\/index.php\/wp-json\/wp\/v2\/media\/159205"}],"wp:attachment":[{"href":"http:\/\/www.tvturk.com\/index.php\/wp-json\/wp\/v2\/media?parent=159204"}],"wp:term":[{"taxonomy":"category","embeddable":true,"href":"http:\/\/www.tvturk.com\/index.php\/wp-json\/wp\/v2\/categories?post=159204"},{"taxonomy":"post_tag","embeddable":true,"href":"http:\/\/www.tvturk.com\/index.php\/wp-json\/wp\/v2\/tags?post=159204"}],"curies":[{"name":"wp","href":"https:\/\/api.w.org\/{rel}","templated":true}]}}