{"id":159218,"date":"2019-05-19T18:50:06","date_gmt":"2019-05-19T15:50:06","guid":{"rendered":"http:\/\/www.tvturk.com\/index.php\/samsunda-nefes-kesen-19-mayis-kutlamalari\/"},"modified":"2019-05-19T18:50:06","modified_gmt":"2019-05-19T15:50:06","slug":"samsunda-nefes-kesen-19-mayis-kutlamalari","status":"publish","type":"post","link":"http:\/\/www.tvturk.com\/index.php\/samsunda-nefes-kesen-19-mayis-kutlamalari\/","title":{"rendered":"Samsun\u2019da nefes kesen 19 May\u0131s kutlamalar\u0131"},"content":{"rendered":"<p>Samsun\u2019daki 19 May\u0131s Atat\u00fcrk\u2019\u00fc Anma, Gen\u00e7lik ve Spor Bayram\u0131 kutlamalar\u0131 devletin zirvesini bir araya getirdi.<\/p>\n<p>Gazi Mustafa Kemal Atat\u00fcrk ve silah arkada\u015flar\u0131n\u0131n Milli M\u00fccadele\u2019yi ba\u015flatmak i\u00e7in Samsun\u2019a \u00e7\u0131k\u0131\u015flar\u0131n\u0131n 100. y\u0131l etkinlikleri kapsam\u0131nda Samsun\u2019da t\u00f6renler ger\u00e7ekle\u015ftirildi. Birlik ve beraberlik mesajlar\u0131 verilen t\u00f6renlere b\u00fct\u00fcn siyasi parti genel ba\u015fkanlar, bakanlar ve siyasi temsilciler kat\u0131l\u0131m g\u00f6sterdi. T\u00f6rende devletin zirvesi ilk defa bir Samsun\u2019da 19 May\u0131s t\u00f6renlerinde bir araya geldi.<\/p>\n<p>T\u00f6rene Cumhurba\u015fkan\u0131 Recep Tayyip Erdo\u011fan, CHP Genel Ba\u015fkan\u0131 Kemal K\u0131l\u0131\u00e7daro\u011flu, MHP Genel Ba\u015fkan\u0131 Devlet Bah\u00e7eli, Cumhurba\u015fkan\u0131 Yard\u0131mc\u0131s\u0131 Fuat Oktay, Milli Savunma Bakan\u0131 Hulusi Akar, Adalet Bakan\u0131 Abd\u00fclhamit G\u00fcl, K\u00fclt\u00fcr ve Turizm Bakan\u0131 Mehmet Ersoy, Ticaret Bakan\u0131 Ruhsar Pekcan, Ula\u015ft\u0131rma ve Altyap\u0131 Cahit Turan, Aile, \u00c7al\u0131\u015fma ve Sosyal Hizmetler Bakan\u0131 Zehra Z\u00fcmr\u00fct Sel\u00e7uk, Sanayi ve Teknoloji Bakan\u0131 Mustafa Varank, Gen\u00e7lik ve Spor Bakan\u0131 Mehmet Muharrem Kasapo\u011flu, Genelkurmay Ba\u015fkan\u0131 Orgeneral Ya\u015far G\u00fcler, Saadet Partisi Genel Ba\u015fkan\u0131 Temel Karamollao\u011flu, BBP Genel Ba\u015fkan\u0131 Mustafa Destici, Vatan Partisi Genel Ba\u015fkan\u0131 Do\u011fu Perin\u00e7ek, Samsun Valisi Osman Kaymak, B\u00fcy\u00fck\u015fehir Belediye Ba\u015fkan\u0131 Mustafa Demir, milletvekilleri, siyasi parti temsilcileri ve binlerce vatanda\u015f kat\u0131ld\u0131.<\/p>\n<p>SOLOT\u00dcRK\u2019\u00fcn g\u00f6sterileri nefes kesti<\/p>\n<p>Kurtulu\u015f Yolu T\u00fct\u00fcn \u0130skelesi\u2019nde ger\u00e7ekle\u015ftirilen t\u00f6ren, \u00f6\u011frencilerin 19 May\u0131s \u015fiirlerini okumas\u0131yla ba\u015flad\u0131. Daha sonra Gen\u00e7lik ve Spor Bakan\u0131 Mehmet Muharrem Kasapo\u011flu konu\u015fma ger\u00e7ekle\u015ftirdi. Kasapo\u011flu\u2019nun konu\u015fmas\u0131n\u0131n ard\u0131ndan T\u00fcrk Silahl\u0131 Kuvvetleri Mehteran Tak\u0131m\u0131 sahneye \u00e7\u0131kt\u0131 ve mar\u015flar seslendirdi. Mehter tak\u0131m\u0131n\u0131n ard\u0131ndan T\u00fcrk Hava Kuvvetleri\u2019nin g\u00f6ky\u00fcz\u00fcndeki gururu SOLOT\u00dcRK g\u00f6steri u\u00e7u\u015flar\u0131 ger\u00e7ekle\u015ftirdi. Jetlerin akrobatik hareketlerini Cumhurba\u015fkan\u0131 Recep Tayyip Erdo\u011fan ilgiyle izledi. SOLOT\u00dcRK g\u00f6sterisinin ard\u0131ndan T\u00fcrkiye\u2019nin 81 ilinden ve 10 farkl\u0131 \u00fclkeden \u0130stanbul\u2019dan Piri Reis Gemisi\u2019yle yola \u00e7\u0131karak 100. y\u0131l i\u00e7in Samsun\u2019a gelen gen\u00e7ler yanlar\u0131nda getirdikleri T\u00fcrk bayra\u011f\u0131n\u0131 ve illerindeki topraklar\u0131 Cumhurba\u015fkan\u0131 Erdo\u011fan\u2019a takdim etti. Daha sonra ise Cumhurba\u015fkan\u0131 Recep Tayyip Erdo\u011fan konu\u015fma ger\u00e7ekle\u015ftirdi. Cumhurba\u015fkan\u0131 Erdo\u011fan\u2019\u0131n konu\u015fmas\u0131n\u0131n ard\u0131ndan t\u00f6ren siyasi parti genel ba\u015fkanlar\u0131n\u0131n toplu foto\u011fraf \u00e7ekilmesiyle sona erdi.<\/p>\n<p>10 binler kat\u0131ld\u0131<\/p>\n<p>T\u00f6renler ve g\u00f6steriler b\u00fcy\u00fck ilgi g\u00f6rd\u00fc. \u00dclkenin d\u00f6rt bir yeninden gelen vatanda\u015flar ve Samsunlular t\u00f6renlere ak\u0131n etti. Atat\u00fcrk Bulvar\u0131 trafi\u011fe kapat\u0131l\u0131rken, tramvaylar ise insan selini \u00e7ekmekte zorland\u0131. A\u015f\u0131r\u0131 yo\u011funluk nedeniyle tramvaylara binemeyen insanlar \u015fehrin i\u00e7indeki etkinlikleri y\u00fcr\u00fcyerek gitmek durumunda kald\u0131.<\/p>\n","protected":false},"excerpt":{"rendered":"<p>\u00d6TE YANDAN ALINAN B\u0130LG\u0130YE G\u00d6RE, T\u00dcT\u00dcN \u0130SKELES\u0130\u2019NDEK\u0130 T\u00d6RENE YAKLA\u015eIK 30 B\u0130N VATANDA\u015e KATILIM G\u00d6STERD\u0130.<\/p>\n","protected":false},"author":1,"featured_media":159219,"comment_status":"closed","ping_status":"open","sticky":false,"template":"","format":"standard","meta":{"jetpack_post_was_ever_published":false,"_jetpack_newsletter_access":"","_jetpack_dont_email_post_to_subs":false,"_jetpack_newsletter_tier_id":0,"_jetpack_memberships_contains_paywalled_content":false,"_jetpack_memberships_contains_paid_content":false,"footnotes":"","jetpack_publicize_message":"","jetpack_publicize_feature_enabled":true,"jetpack_social_post_already_shared":true,"jetpack_social_options":{"image_generator_settings":{"template":"highway","default_image_id":0,"font":"","enabled":false},"version":2}},"categories":[1],"tags":[12207,17842,2125,223,1862],"class_list":["post-159218","post","type-post","status-publish","format-standard","has-post-thumbnail","hentry","category-genel","tag-kesen","tag-kutlamalari","tag-mayis","tag-nefes","tag-samsunda"],"jetpack_publicize_connections":[],"jetpack_featured_media_url":"https:\/\/i0.wp.com\/www.tvturk.com\/wp-content\/uploads\/2019\/05\/samsunda-nefes-kesen-19-mayis-kutlamalari_11883d2.jpg?fit=1000%2C662","jetpack_sharing_enabled":true,"jetpack_shortlink":"https:\/\/wp.me\/paKIfm-Fq2","_links":{"self":[{"href":"http:\/\/www.tvturk.com\/index.php\/wp-json\/wp\/v2\/posts\/159218","targetHints":{"allow":["GET"]}}],"collection":[{"href":"http:\/\/www.tvturk.com\/index.php\/wp-json\/wp\/v2\/posts"}],"about":[{"href":"http:\/\/www.tvturk.com\/index.php\/wp-json\/wp\/v2\/types\/post"}],"author":[{"embeddable":true,"href":"http:\/\/www.tvturk.com\/index.php\/wp-json\/wp\/v2\/users\/1"}],"replies":[{"embeddable":true,"href":"http:\/\/www.tvturk.com\/index.php\/wp-json\/wp\/v2\/comments?post=159218"}],"version-history":[{"count":0,"href":"http:\/\/www.tvturk.com\/index.php\/wp-json\/wp\/v2\/posts\/159218\/revisions"}],"wp:featuredmedia":[{"embeddable":true,"href":"http:\/\/www.tvturk.com\/index.php\/wp-json\/wp\/v2\/media\/159219"}],"wp:attachment":[{"href":"http:\/\/www.tvturk.com\/index.php\/wp-json\/wp\/v2\/media?parent=159218"}],"wp:term":[{"taxonomy":"category","embeddable":true,"href":"http:\/\/www.tvturk.com\/index.php\/wp-json\/wp\/v2\/categories?post=159218"},{"taxonomy":"post_tag","embeddable":true,"href":"http:\/\/www.tvturk.com\/index.php\/wp-json\/wp\/v2\/tags?post=159218"}],"curies":[{"name":"wp","href":"https:\/\/api.w.org\/{rel}","templated":true}]}}