{"id":159230,"date":"2019-05-19T19:04:09","date_gmt":"2019-05-19T16:04:09","guid":{"rendered":"http:\/\/www.tvturk.com\/index.php\/kilicdaroglu-ilkadim-belediye-baskani-demirtasi-ziyaret-etti\/"},"modified":"2019-05-19T19:04:09","modified_gmt":"2019-05-19T16:04:09","slug":"kilicdaroglu-ilkadim-belediye-baskani-demirtasi-ziyaret-etti","status":"publish","type":"post","link":"http:\/\/www.tvturk.com\/index.php\/kilicdaroglu-ilkadim-belediye-baskani-demirtasi-ziyaret-etti\/","title":{"rendered":"K\u0131l\u0131\u00e7daro\u011flu \u0130lkad\u0131m Belediye Ba\u015fkan\u0131 Demirta\u015f\u2019\u0131 ziyaret etti"},"content":{"rendered":"<p>CHP Genel Ba\u015fkan\u0131 Kemal K\u0131l\u0131\u00e7daro\u011flu, \u0130lkad\u0131m Belediye Ba\u015fkan\u0131 Necattin Demirta\u015f\u2019\u0131 yeni belediye binas\u0131ndaki makam\u0131nda ziyaret etti.<\/p>\n<p>19 May\u0131s Atat\u00fcrk\u2019\u00fc Anma, Gen\u00e7lik ve Spor Bayram\u0131 ve Milli M\u00fccadele\u2019nin 100. y\u0131l\u0131 t\u00f6renlerine kat\u0131lmak \u00fczere Samsun\u2019a gelen CHP Genel Ba\u015fkan\u0131 Kemal K\u0131l\u0131\u00e7daro\u011flu, \u0130Y\u0130 Parti Genel Ba\u015fkan\u0131 Meral Ak\u015fener ve \u0130stanbul B\u00fcy\u00fck\u015fehir Belediye Ba\u015fkan Aday\u0131 Ekrem \u0130mamo\u011flu ve beraberindeki partililer Millet \u0130ttifak\u0131\u2019ndan \u0130lkad\u0131m Belediye Ba\u015fkan\u0131 se\u00e7ilen Necattin Demirta\u015f\u2019\u0131 yeni belediye binas\u0131nda makam\u0131nda ziyaret etti. \u0130lkad\u0131m Belediye Bakan\u0131 Necattin Demirta\u015f kendisini ziyaret eden genel ba\u015fkanlar\u0131 belediye hizmet binas\u0131 \u00f6n\u00fcnde kar\u015f\u0131lad\u0131. Ba\u015fkan Demirta\u015f K\u0131l\u0131\u00e7daro\u011flu, Ak\u015fener ve \u0130mamo\u011flu ile partilileri makam\u0131nda a\u011f\u0131rlad\u0131. Yeni belediye hizmet binas\u0131 hakk\u0131nda bilgi veren Ba\u015fkan Demirta\u015f, belediye binas\u0131n\u0131n yerini kendisinin ba\u015fkanl\u0131\u011f\u0131 d\u00f6neminde sat\u0131n ald\u0131\u011f\u0131n\u0131 ancak binay\u0131 kendisinin yapmad\u0131\u011f\u0131n\u0131, oturman\u0131n ise kendisine nasip oldu\u011funu s\u00f6yledi. Yap\u0131lan sohbetin ard\u0131ndan K\u0131l\u0131\u00e7daro\u011flu, Ak\u015fener ile \u0130mamo\u011flu belediye binas\u0131ndan ayr\u0131ld\u0131.<\/p>\n","protected":false},"excerpt":{"rendered":"<p>CHP GENEL BA\u015eKANI KEMAL KILI\u00c7DARO\u011eLU, \u0130Y\u0130 PART\u0130 GENEL BA\u015eKANI MERAL AK\u015eENER \u0130LE \u0130STANBUL BELEYE BA\u015eKAN ADAYI EKREM \u0130MAMO\u011eLU \u0130LE B\u0130RL\u0130KTE \u0130LKADIM BELED\u0130YE BA\u015eKANI NECATT\u0130N DEM\u0130RTA\u015e&#8217;I YEN\u0130 BELED\u0130YE B\u0130NASINDAK\u0130 MAKAMINDA Z\u0130YARET ETT\u0130LER.<\/p>\n","protected":false},"author":1,"featured_media":159231,"comment_status":"closed","ping_status":"open","sticky":false,"template":"","format":"standard","meta":{"jetpack_post_was_ever_published":false,"_jetpack_newsletter_access":"","_jetpack_dont_email_post_to_subs":false,"_jetpack_newsletter_tier_id":0,"_jetpack_memberships_contains_paywalled_content":false,"_jetpack_memberships_contains_paid_content":false,"footnotes":"","jetpack_publicize_message":"","jetpack_publicize_feature_enabled":true,"jetpack_social_post_already_shared":true,"jetpack_social_options":{"image_generator_settings":{"template":"highway","default_image_id":0,"font":"","enabled":false},"version":2}},"categories":[1],"tags":[216,134,37172,207,37171,170,150],"class_list":["post-159230","post","type-post","status-publish","format-standard","has-post-thumbnail","hentry","category-genel","tag-baskani","tag-belediye","tag-demirtasi","tag-etti","tag-ilkadim","tag-kilicdaroglu","tag-ziyaret"],"jetpack_publicize_connections":[],"jetpack_featured_media_url":"https:\/\/i0.wp.com\/www.tvturk.com\/wp-content\/uploads\/2019\/05\/kilicdaroglu-ilkadim-belediye-baskani-demirtasi-ziyaret-etti_ab1baa0.jpg?fit=1000%2C621","jetpack_sharing_enabled":true,"jetpack_shortlink":"https:\/\/wp.me\/paKIfm-Fqe","_links":{"self":[{"href":"http:\/\/www.tvturk.com\/index.php\/wp-json\/wp\/v2\/posts\/159230","targetHints":{"allow":["GET"]}}],"collection":[{"href":"http:\/\/www.tvturk.com\/index.php\/wp-json\/wp\/v2\/posts"}],"about":[{"href":"http:\/\/www.tvturk.com\/index.php\/wp-json\/wp\/v2\/types\/post"}],"author":[{"embeddable":true,"href":"http:\/\/www.tvturk.com\/index.php\/wp-json\/wp\/v2\/users\/1"}],"replies":[{"embeddable":true,"href":"http:\/\/www.tvturk.com\/index.php\/wp-json\/wp\/v2\/comments?post=159230"}],"version-history":[{"count":0,"href":"http:\/\/www.tvturk.com\/index.php\/wp-json\/wp\/v2\/posts\/159230\/revisions"}],"wp:featuredmedia":[{"embeddable":true,"href":"http:\/\/www.tvturk.com\/index.php\/wp-json\/wp\/v2\/media\/159231"}],"wp:attachment":[{"href":"http:\/\/www.tvturk.com\/index.php\/wp-json\/wp\/v2\/media?parent=159230"}],"wp:term":[{"taxonomy":"category","embeddable":true,"href":"http:\/\/www.tvturk.com\/index.php\/wp-json\/wp\/v2\/categories?post=159230"},{"taxonomy":"post_tag","embeddable":true,"href":"http:\/\/www.tvturk.com\/index.php\/wp-json\/wp\/v2\/tags?post=159230"}],"curies":[{"name":"wp","href":"https:\/\/api.w.org\/{rel}","templated":true}]}}