{"id":159255,"date":"2019-05-19T20:58:30","date_gmt":"2019-05-19T17:58:30","guid":{"rendered":"http:\/\/www.tvturk.com\/index.php\/fatih-terim-tribune-gonderildi\/"},"modified":"2019-05-19T20:58:30","modified_gmt":"2019-05-19T17:58:30","slug":"fatih-terim-tribune-gonderildi","status":"publish","type":"post","link":"http:\/\/www.tvturk.com\/index.php\/fatih-terim-tribune-gonderildi\/","title":{"rendered":"Fatih Terim trib\u00fcne g\u00f6nderildi"},"content":{"rendered":"<p>Galatasaray Teknik Direkt\u00f6r\u00fc Fatih Terim, Ba\u015fak\u015fehir ma\u00e7\u0131n\u0131n 78. dakikas\u0131nda Ba\u015fak\u015fehir Yard\u0131mc\u0131 Antren\u00f6r\u00fc Orhan Ak ile tart\u0131\u015ft\u0131. Kar\u015f\u0131la\u015fman\u0131n 80. dakikas\u0131nda ikili hakem taraf\u0131ndan trib\u00fcne g\u00f6nderildi.<\/p>\n<p>Galatasaray- Ba\u015fak\u015fehir m\u00fccadelesi 2-1 sar\u0131-k\u0131rm\u0131z\u0131l\u0131 ekibin \u00fcst\u00fcnl\u00fc\u011f\u00fc ile devam ederken, yedek kul\u00fcbeleri tekrar birbirine girdi. Galatasaray Teknik Direkt\u00f6r\u00fc Fatih Terim, ma\u00e7\u0131n 78. dakikas\u0131nda Medipol Ba\u015fak\u015fehir Yard\u0131mc\u0131 antren\u00f6r\u00fc Orhan Ak ile tart\u0131\u015fma ya\u015fad\u0131. Ya\u015fanan olaylar\u0131n ard\u0131ndan Galatasaray\u2019da Teknik Direkt\u00f6r Fatih Terim ve yard\u0131mc\u0131 antren\u00f6r Hasan \u015ea\u015f ile \u00dcmit Davala Medipol Ba\u015fak\u015fehir\u2019de ise yard\u0131mc\u0131 antren\u00f6r Orhan Ak hakem C\u00fcneyt \u00c7ak\u0131r taraf\u0131ndan trib\u00fcne g\u00f6nderildi.<\/p>\n","protected":false},"excerpt":{"rendered":"<p>GALATASARAY TEKN\u0130K D\u0130REKT\u00d6R\u00dc FAT\u0130H TER\u0130M, BA\u015eAK\u015eEH\u0130R MA\u00c7ININ 78. DAK\u0130KASINDA BA\u015eAK\u015eEH\u0130R YARDIMCI ANTREN\u00d6R\u00dc ORHAN AK \u0130LE TARTI\u015eTI. KAR\u015eILA\u015eMANIN 80. DAK\u0130KASINDA \u0130K\u0130L\u0130 HAKEM TARAFINDAN TR\u0130B\u00dcNE G\u00d6NDER\u0130LD\u0130.<\/p>\n","protected":false},"author":1,"featured_media":159256,"comment_status":"closed","ping_status":"open","sticky":false,"template":"","format":"standard","meta":{"jetpack_post_was_ever_published":false,"_jetpack_newsletter_access":"","_jetpack_dont_email_post_to_subs":false,"_jetpack_newsletter_tier_id":0,"_jetpack_memberships_contains_paywalled_content":false,"_jetpack_memberships_contains_paid_content":false,"footnotes":"","jetpack_publicize_message":"","jetpack_publicize_feature_enabled":true,"jetpack_social_post_already_shared":true,"jetpack_social_options":{"image_generator_settings":{"template":"highway","default_image_id":0,"font":"","enabled":false},"version":2}},"categories":[657],"tags":[1517,2949,2096,37177],"class_list":["post-159255","post","type-post","status-publish","format-standard","has-post-thumbnail","hentry","category-spor","tag-fatih","tag-gonderildi","tag-terim","tag-tribune"],"jetpack_publicize_connections":[],"jetpack_featured_media_url":"https:\/\/i0.wp.com\/www.tvturk.com\/wp-content\/uploads\/2019\/05\/fatih-terim-tribune-gonderildi_5eda80c.jpg?fit=1000%2C679","jetpack_sharing_enabled":true,"jetpack_shortlink":"https:\/\/wp.me\/paKIfm-FqD","_links":{"self":[{"href":"http:\/\/www.tvturk.com\/index.php\/wp-json\/wp\/v2\/posts\/159255","targetHints":{"allow":["GET"]}}],"collection":[{"href":"http:\/\/www.tvturk.com\/index.php\/wp-json\/wp\/v2\/posts"}],"about":[{"href":"http:\/\/www.tvturk.com\/index.php\/wp-json\/wp\/v2\/types\/post"}],"author":[{"embeddable":true,"href":"http:\/\/www.tvturk.com\/index.php\/wp-json\/wp\/v2\/users\/1"}],"replies":[{"embeddable":true,"href":"http:\/\/www.tvturk.com\/index.php\/wp-json\/wp\/v2\/comments?post=159255"}],"version-history":[{"count":0,"href":"http:\/\/www.tvturk.com\/index.php\/wp-json\/wp\/v2\/posts\/159255\/revisions"}],"wp:featuredmedia":[{"embeddable":true,"href":"http:\/\/www.tvturk.com\/index.php\/wp-json\/wp\/v2\/media\/159256"}],"wp:attachment":[{"href":"http:\/\/www.tvturk.com\/index.php\/wp-json\/wp\/v2\/media?parent=159255"}],"wp:term":[{"taxonomy":"category","embeddable":true,"href":"http:\/\/www.tvturk.com\/index.php\/wp-json\/wp\/v2\/categories?post=159255"},{"taxonomy":"post_tag","embeddable":true,"href":"http:\/\/www.tvturk.com\/index.php\/wp-json\/wp\/v2\/tags?post=159255"}],"curies":[{"name":"wp","href":"https:\/\/api.w.org\/{rel}","templated":true}]}}