{"id":159257,"date":"2019-05-19T21:08:07","date_gmt":"2019-05-19T18:08:07","guid":{"rendered":"http:\/\/www.tvturk.com\/index.php\/atasehirde-19-mayisin-100-yil-coskusu\/"},"modified":"2019-05-19T21:08:07","modified_gmt":"2019-05-19T18:08:07","slug":"atasehirde-19-mayisin-100-yil-coskusu","status":"publish","type":"post","link":"http:\/\/www.tvturk.com\/index.php\/atasehirde-19-mayisin-100-yil-coskusu\/","title":{"rendered":"Ata\u015fehir\u2019de 19 May\u0131s\u2019\u0131n 100. y\u0131l co\u015fkusu"},"content":{"rendered":"<p>Mustafa Kemal Atat\u00fcrk\u2019\u00fcn Samsun\u2019a \u00e7\u0131karak Kurtulu\u015f Sava\u015f\u0131\u2019n\u0131 ba\u015flatmas\u0131n\u0131n 100. y\u0131ld\u00f6n\u00fcm\u00fc Ata\u015fehir\u2019de b\u00fcy\u00fck co\u015fkuyla kutland\u0131.<\/p>\n<p>Kutlamalar Cumhuriyet Meydan\u0131\u2019nda saat 09.30\u2019da d\u00fczenlenen resmi t\u00f6ren ile ba\u015flad\u0131. T\u00f6rene Ata\u015fehir Belediye Ba\u015fkan Vekili \u0130lhami Y\u0131lmaz, Ata\u015fehir Gen\u00e7lik Hizmetleri ve Spor \u0130l\u00e7e M\u00fcd\u00fcr\u00fc Seyfi G\u00fcneysu, Ata\u015fehir Belediye ba\u015fkan yard\u0131mc\u0131lar\u0131, belediye birim m\u00fcd\u00fcrlerinin yan\u0131 s\u0131ra siyasi parti il\u00e7e y\u00f6neticileri ve sivil toplum kurulu\u015flar\u0131 temsilcileri ile gaziler, \u00f6\u011fretmenler, \u00f6\u011frenciler ve Ata\u015fehirli vatanda\u015flar kat\u0131ld\u0131. Sayg\u0131 duru\u015fu ve \u0130stiklal Mar\u015f\u0131 ile ba\u015flayan t\u00f6ren, Atat\u00fcrk An\u0131t\u0131\u2019na konulan \u00e7elenklerin ard\u0131ndan son buldu.<\/p>\n<p>19 May\u0131s Atat\u00fcrk\u2019\u00fc Anma, Gen\u00e7lik ve Spor Bayram\u0131 kapsam\u0131nda haz\u0131rlanan festival program\u0131 \u00e7e\u015fitli etkinlerle Ata\u015fehir Cumhuriyet Park\u0131\u2019nda d\u00fczenlendi. 7\u2019den 70\u2019e her ya\u015ftan Ata\u015fehirlinin kat\u0131ld\u0131\u011f\u0131 etkinlikler renkli ve e\u011flence dolu ge\u00e7ti.<\/p>\n<p>Gazi Mustafa Kemal Atat\u00fcrk\u2019\u00fcn kurtulu\u015f m\u00fccadelesini ba\u015flatmak i\u00e7in Samsun\u2019a \u00e7\u0131k\u0131\u015f\u0131n\u0131n 100. y\u0131l d\u00f6n\u00fcm\u00fcnde, saat 19.19\u2019u g\u00f6sterdi\u011finde Cumhuriyet Meydan\u0131\u2019nda 81 il ve 19 \u00fclkeyle e\u015f zamanl\u0131 olarak Atabar\u0131 oynand\u0131. Festival kapsam\u0131nda liseli ve \u00fcniversiteli \u00f6\u011frencilerin sahne performanslar\u0131, Evrencan G\u00fcnd\u00fcz Konseri, at\u00f6lyeler, Ata\u015fehir Belediyesi Gen\u00e7lik Senfoni Orkestras\u0131 ile Ata\u015fehir Belediyesi \u00c7ocuk ve Gen\u00e7lik Halk Danslar\u0131 Toplulu\u011fu\u2019nun g\u00f6sterileri ve DJ Performanslar\u0131 gen\u00e7lerin e\u011flenceli bir bayram ge\u00e7irmelerini sa\u011flad\u0131.<\/p>\n<p>Evrencan G\u00fcnd\u00fcz\u2019e konser i\u00e7in te\u015fekk\u00fcr eden Ata\u015fehir Belediye Ba\u015fkan Vekili \u0130lhami Y\u0131lmaz, \u201cSevgili gen\u00e7ler, Mustafa Kemal Atat\u00fcrk bug\u00fcnk\u00fc bayram\u0131 sizlere arma\u011fan etti. Bayram\u0131n\u0131z kutlu olsun. Bug\u00fcnlerimizi, ba\u011f\u0131ms\u0131zl\u0131\u011f\u0131m\u0131z\u0131 ve ulus devletler aras\u0131nda ba\u015f\u0131m\u0131z\u0131n dik olu\u015funu, Mustafa Kemal Atat\u00fcrk ve silah arkada\u015flar\u0131na bor\u00e7luyuz\u201d dedi.<\/p>\n<p>Gen\u00e7ler i\u00e7in haz\u0131rlanan at\u00f6lyeler b\u00f6l\u00fcm\u00fcnde Zumba, Ti\u015f\u00f6rt Boyama, Cep Telefonu Kapak Tasar\u0131m, Gen\u00e7lik Haklar\u0131 ve Pankart Boyama, Sokak Oyunlar\u0131, \u015ei\u015fme Oyun Parkurlar\u0131 ve Rodeo, PS4 Oyun, Drone Zone, Beyin Kontroll\u00fc Alan, AR\/VR Zone ve U\u00e7ak Sim\u00fclasyon Alan\u0131 at\u00f6lyeleri yap\u0131ld\u0131.<\/p>\n<p>Basketbolseverler i\u00e7in haz\u0131rlanan s\u00fcrpriz de ise THY Euroleauge Final Four\u2019da Anadolu Efes ve CSKA aras\u0131ndaki final m\u00fccadelesi dev LED ekranlarda izlenecek.<\/p>\n","protected":false},"excerpt":{"rendered":"<p>MUSTAFA KEMAL ATAT\u00dcRK\u2019\u00dcN SAMSUN\u2019A \u00c7IKARAK KURTULU\u015e SAVA\u015eI\u2019NI BA\u015eLATMASININ 100. YILD\u00d6N\u00dcM\u00dc ATA\u015eEH\u0130R\u2019DE B\u00dcY\u00dcK CO\u015eKUYLA KUTLANDI.<\/p>\n","protected":false},"author":1,"featured_media":159258,"comment_status":"closed","ping_status":"open","sticky":false,"template":"","format":"standard","meta":{"jetpack_post_was_ever_published":false,"_jetpack_newsletter_access":"","_jetpack_dont_email_post_to_subs":false,"_jetpack_newsletter_tier_id":0,"_jetpack_memberships_contains_paywalled_content":false,"_jetpack_memberships_contains_paid_content":false,"footnotes":"","jetpack_publicize_message":"","jetpack_publicize_feature_enabled":true,"jetpack_social_post_already_shared":true,"jetpack_social_options":{"image_generator_settings":{"template":"highway","default_image_id":0,"font":"","enabled":false},"version":2}},"categories":[1],"tags":[2127,6287,6596,17841,231],"class_list":["post-159257","post","type-post","status-publish","format-standard","has-post-thumbnail","hentry","category-genel","tag-2127","tag-atasehirde","tag-coskusu","tag-mayisin","tag-yil"],"jetpack_publicize_connections":[],"jetpack_featured_media_url":"https:\/\/i0.wp.com\/www.tvturk.com\/wp-content\/uploads\/2019\/05\/atasehirde-19-mayisin-100-yil-coskusu_938fc48.jpg?fit=1000%2C666","jetpack_sharing_enabled":true,"jetpack_shortlink":"https:\/\/wp.me\/paKIfm-FqF","_links":{"self":[{"href":"http:\/\/www.tvturk.com\/index.php\/wp-json\/wp\/v2\/posts\/159257","targetHints":{"allow":["GET"]}}],"collection":[{"href":"http:\/\/www.tvturk.com\/index.php\/wp-json\/wp\/v2\/posts"}],"about":[{"href":"http:\/\/www.tvturk.com\/index.php\/wp-json\/wp\/v2\/types\/post"}],"author":[{"embeddable":true,"href":"http:\/\/www.tvturk.com\/index.php\/wp-json\/wp\/v2\/users\/1"}],"replies":[{"embeddable":true,"href":"http:\/\/www.tvturk.com\/index.php\/wp-json\/wp\/v2\/comments?post=159257"}],"version-history":[{"count":0,"href":"http:\/\/www.tvturk.com\/index.php\/wp-json\/wp\/v2\/posts\/159257\/revisions"}],"wp:featuredmedia":[{"embeddable":true,"href":"http:\/\/www.tvturk.com\/index.php\/wp-json\/wp\/v2\/media\/159258"}],"wp:attachment":[{"href":"http:\/\/www.tvturk.com\/index.php\/wp-json\/wp\/v2\/media?parent=159257"}],"wp:term":[{"taxonomy":"category","embeddable":true,"href":"http:\/\/www.tvturk.com\/index.php\/wp-json\/wp\/v2\/categories?post=159257"},{"taxonomy":"post_tag","embeddable":true,"href":"http:\/\/www.tvturk.com\/index.php\/wp-json\/wp\/v2\/tags?post=159257"}],"curies":[{"name":"wp","href":"https:\/\/api.w.org\/{rel}","templated":true}]}}