{"id":159295,"date":"2019-05-19T22:13:09","date_gmt":"2019-05-19T19:13:09","guid":{"rendered":"http:\/\/www.tvturk.com\/index.php\/eski-ulku-ocaklari-baskanlari-ve-ogretmenler-iftarda-bir-araya-geldi\/"},"modified":"2019-05-19T22:13:09","modified_gmt":"2019-05-19T19:13:09","slug":"eski-ulku-ocaklari-baskanlari-ve-ogretmenler-iftarda-bir-araya-geldi","status":"publish","type":"post","link":"http:\/\/www.tvturk.com\/index.php\/eski-ulku-ocaklari-baskanlari-ve-ogretmenler-iftarda-bir-araya-geldi\/","title":{"rendered":"Eski \u00fclk\u00fc ocaklar\u0131 ba\u015fkanlar\u0131 ve \u00f6\u011fretmenler iftarda bir araya geldi"},"content":{"rendered":"<p>\u0130stanbul\u2019da ya\u015fayan eski \u00fclk\u00fc ocaklar\u0131 ba\u015fkanlar\u0131 ve \u00f6\u011fretmenler iftarda bir araya geldi. Topkap\u0131 Sosyal Tesisleri\u2019nde d\u00fczenlenen iftarla bin 500 ki\u015fi orucunu birlikte a\u00e7t\u0131.<\/p>\n<p>\u0130stanbul\u2019da ya\u015fayan eski \u00fclk\u00fc ocaklar\u0131 ba\u015fkanlar\u0131 ve \u00f6\u011fretmenler iftarda bir araya geldi. 8 y\u0131ld\u0131r d\u00fczenlenen iftarda yakla\u015f\u0131k bin 500 ki\u015fi Topkap\u0131 Sosyal Tesisleri\u2019nde orucunu birlikte a\u00e7t\u0131. \u0130ftar\u0131 d\u00fczenleyen MHP MYK \u00fcyesi Erdem Karako\u00e7, \u201c\u0130stanbul\u2019daki \u00f6\u011fretmenleri ve \u00fclk\u00fc oca\u011f\u0131 ba\u015fkanl\u0131\u011f\u0131 yapm\u0131\u015f arkada\u015flar\u0131m\u0131zla beraber bir araya gelmek i\u00e7in y\u0131llard\u0131r bir gayretimiz var. Bu sahada da 8. y\u0131l iftar\u0131m\u0131z oluyor.\u201d dedi.<\/p>\n","protected":false},"excerpt":{"rendered":"<p>\u0130STANBUL\u2019DA YA\u015eAYAN ESK\u0130 \u00dcLK\u00dc OCAKLARI BA\u015eKANLARI VE \u00d6\u011eRETMENLER \u0130FTARDA B\u0130R ARAYA GELD\u0130. TOPKAPI SOSYAL TES\u0130SLER\u0130\u2019NDE D\u00dcZENLENEN \u0130FTARLA B\u0130N 500 K\u0130\u015e\u0130 ORUCUNU B\u0130RL\u0130KTE A\u00c7TI.<\/p>\n","protected":false},"author":1,"featured_media":159296,"comment_status":"closed","ping_status":"open","sticky":false,"template":"","format":"standard","meta":{"jetpack_post_was_ever_published":false,"_jetpack_newsletter_access":"","_jetpack_dont_email_post_to_subs":false,"_jetpack_newsletter_tier_id":0,"_jetpack_memberships_contains_paywalled_content":false,"_jetpack_memberships_contains_paid_content":false,"footnotes":"","jetpack_publicize_message":"","jetpack_publicize_feature_enabled":true,"jetpack_social_post_already_shared":true,"jetpack_social_options":{"image_generator_settings":{"template":"highway","default_image_id":0,"font":"","enabled":false},"version":2}},"categories":[1],"tags":[126,4789,125,1123,127,34883,6332,3562,9985],"class_list":["post-159295","post","type-post","status-publish","format-standard","has-post-thumbnail","hentry","category-genel","tag-araya","tag-baskanlari","tag-bir","tag-eski","tag-geldi","tag-iftarda","tag-ocaklari","tag-ogretmenler","tag-ulku"],"jetpack_publicize_connections":[],"jetpack_featured_media_url":"https:\/\/i0.wp.com\/www.tvturk.com\/wp-content\/uploads\/2019\/05\/eski-ulku-ocaklari-baskanlari-ve-ogretmenler-iftarda-bir-araya-geldi_e1afcf9.jpg?fit=1000%2C478","jetpack_sharing_enabled":true,"jetpack_shortlink":"https:\/\/wp.me\/paKIfm-Frh","_links":{"self":[{"href":"http:\/\/www.tvturk.com\/index.php\/wp-json\/wp\/v2\/posts\/159295","targetHints":{"allow":["GET"]}}],"collection":[{"href":"http:\/\/www.tvturk.com\/index.php\/wp-json\/wp\/v2\/posts"}],"about":[{"href":"http:\/\/www.tvturk.com\/index.php\/wp-json\/wp\/v2\/types\/post"}],"author":[{"embeddable":true,"href":"http:\/\/www.tvturk.com\/index.php\/wp-json\/wp\/v2\/users\/1"}],"replies":[{"embeddable":true,"href":"http:\/\/www.tvturk.com\/index.php\/wp-json\/wp\/v2\/comments?post=159295"}],"version-history":[{"count":0,"href":"http:\/\/www.tvturk.com\/index.php\/wp-json\/wp\/v2\/posts\/159295\/revisions"}],"wp:featuredmedia":[{"embeddable":true,"href":"http:\/\/www.tvturk.com\/index.php\/wp-json\/wp\/v2\/media\/159296"}],"wp:attachment":[{"href":"http:\/\/www.tvturk.com\/index.php\/wp-json\/wp\/v2\/media?parent=159295"}],"wp:term":[{"taxonomy":"category","embeddable":true,"href":"http:\/\/www.tvturk.com\/index.php\/wp-json\/wp\/v2\/categories?post=159295"},{"taxonomy":"post_tag","embeddable":true,"href":"http:\/\/www.tvturk.com\/index.php\/wp-json\/wp\/v2\/tags?post=159295"}],"curies":[{"name":"wp","href":"https:\/\/api.w.org\/{rel}","templated":true}]}}