{"id":159315,"date":"2019-05-19T22:37:12","date_gmt":"2019-05-19T19:37:12","guid":{"rendered":"http:\/\/www.tvturk.com\/index.php\/soloturk-ve-turk-yildizlari-samsunda-nefesleri-kesti\/"},"modified":"2019-05-19T22:37:12","modified_gmt":"2019-05-19T19:37:12","slug":"soloturk-ve-turk-yildizlari-samsunda-nefesleri-kesti","status":"publish","type":"post","link":"http:\/\/www.tvturk.com\/index.php\/soloturk-ve-turk-yildizlari-samsunda-nefesleri-kesti\/","title":{"rendered":"SOLOT\u00dcRK ve T\u00fcrk Y\u0131ld\u0131zlar\u0131 Samsun\u2019da nefesleri kesti"},"content":{"rendered":"<p>SOLOT\u00dcRK ve T\u00fcrk Y\u0131ld\u0131zlar\u0131 Samsun\u2019da 19 May\u0131s Atat\u00fcrk\u2019\u00fc Anma ve Gen\u00e7lik ve Spor Bayram\u0131 kutlamalar\u0131nda nefes kesen g\u00f6steri u\u00e7u\u015flar\u0131 yapt\u0131.<\/p>\n<p>19 May\u0131s Atat\u00fcrk\u2019\u00fc Anma ve Gen\u00e7lik ve Spor Bayram\u0131 kutlamalar\u0131 kapsam\u0131nda Samsun\u2019da icra edilen t\u00f6renlere kat\u0131lan SOLOT\u00dcRK ve T\u00fcrk Y\u0131ld\u0131zlar\u0131, izleyicilerin yo\u011fun alk\u0131\u015flar\u0131 aras\u0131nda unutulmayacak bir g\u00f6steri u\u00e7u\u015fu ger\u00e7ekle\u015ftirdi. G\u00f6steride u\u00e7aklarla yap\u0131lan manevralar, izleyicilerde hayranl\u0131k uyand\u0131rd\u0131.<\/p>\n","protected":false},"excerpt":{"rendered":"<p>SOLOT\u00dcRK VE T\u00dcRKYILDIZLARI SAMSUN\u2019DA 19 MAYIS ATAT\u00dcRK\u2019\u00dc ANMA VE GEN\u00c7L\u0130K VE SPOR BAYRAMI KUTLAMALARINDA NEFES KESEN G\u00d6STER\u0130 U\u00c7U\u015eLARI YAPTI.<\/p>\n","protected":false},"author":1,"featured_media":159316,"comment_status":"closed","ping_status":"open","sticky":false,"template":"","format":"standard","meta":{"jetpack_post_was_ever_published":false,"_jetpack_newsletter_access":"","_jetpack_dont_email_post_to_subs":false,"_jetpack_newsletter_tier_id":0,"_jetpack_memberships_contains_paywalled_content":false,"_jetpack_memberships_contains_paid_content":false,"footnotes":"","jetpack_publicize_message":"","jetpack_publicize_feature_enabled":true,"jetpack_social_post_already_shared":true,"jetpack_social_options":{"image_generator_settings":{"template":"highway","default_image_id":0,"font":"","enabled":false},"version":2}},"categories":[1],"tags":[224,20579,1862,20578,957,13549],"class_list":["post-159315","post","type-post","status-publish","format-standard","has-post-thumbnail","hentry","category-genel","tag-kesti","tag-nefesleri","tag-samsunda","tag-soloturk","tag-turk","tag-yildizlari"],"jetpack_publicize_connections":[],"jetpack_featured_media_url":"https:\/\/i0.wp.com\/www.tvturk.com\/wp-content\/uploads\/2019\/05\/soloturk-ve-turk-yildizlari-samsunda-nefesleri-kesti_6d00201.jpg?fit=900%2C600","jetpack_sharing_enabled":true,"jetpack_shortlink":"https:\/\/wp.me\/paKIfm-FrB","_links":{"self":[{"href":"http:\/\/www.tvturk.com\/index.php\/wp-json\/wp\/v2\/posts\/159315","targetHints":{"allow":["GET"]}}],"collection":[{"href":"http:\/\/www.tvturk.com\/index.php\/wp-json\/wp\/v2\/posts"}],"about":[{"href":"http:\/\/www.tvturk.com\/index.php\/wp-json\/wp\/v2\/types\/post"}],"author":[{"embeddable":true,"href":"http:\/\/www.tvturk.com\/index.php\/wp-json\/wp\/v2\/users\/1"}],"replies":[{"embeddable":true,"href":"http:\/\/www.tvturk.com\/index.php\/wp-json\/wp\/v2\/comments?post=159315"}],"version-history":[{"count":0,"href":"http:\/\/www.tvturk.com\/index.php\/wp-json\/wp\/v2\/posts\/159315\/revisions"}],"wp:featuredmedia":[{"embeddable":true,"href":"http:\/\/www.tvturk.com\/index.php\/wp-json\/wp\/v2\/media\/159316"}],"wp:attachment":[{"href":"http:\/\/www.tvturk.com\/index.php\/wp-json\/wp\/v2\/media?parent=159315"}],"wp:term":[{"taxonomy":"category","embeddable":true,"href":"http:\/\/www.tvturk.com\/index.php\/wp-json\/wp\/v2\/categories?post=159315"},{"taxonomy":"post_tag","embeddable":true,"href":"http:\/\/www.tvturk.com\/index.php\/wp-json\/wp\/v2\/tags?post=159315"}],"curies":[{"name":"wp","href":"https:\/\/api.w.org\/{rel}","templated":true}]}}