{"id":159345,"date":"2019-05-19T22:59:11","date_gmt":"2019-05-19T19:59:11","guid":{"rendered":"http:\/\/www.tvturk.com\/index.php\/adanada-coskulu-19-mayis-kutlamalari\/"},"modified":"2019-05-19T22:59:11","modified_gmt":"2019-05-19T19:59:11","slug":"adanada-coskulu-19-mayis-kutlamalari","status":"publish","type":"post","link":"http:\/\/www.tvturk.com\/index.php\/adanada-coskulu-19-mayis-kutlamalari\/","title":{"rendered":"Adana\u2019da co\u015fkulu 19 May\u0131s kutlamalar\u0131"},"content":{"rendered":"<p>Adana\u2019da 19 May\u0131s Atat\u00fcrk\u2019\u00fc Anma Gen\u00e7lik ve Spor Bayram\u0131\u2019n\u0131n 100\u2019\u00fcnc\u00fc y\u0131l kutlamalar\u0131, fener alay\u0131 y\u00fcr\u00fcy\u00fc\u015f\u00fc, atabar\u0131 g\u00f6sterisi ve \u015fark\u0131c\u0131 Edis\u2019in konseri ile son buldu.<\/p>\n<p>Adana B\u00fcy\u00fck\u015fehir, Seyhan ve \u00c7ukurova Belediyeleri taraf\u0131ndan d\u00fczenlenen fener alay\u0131 y\u00fcr\u00fcy\u00fc\u015f\u00fcne B\u00fcy\u00fck\u015fehir Belediye Ba\u015fkan\u0131 Zeydan Karalar, Seyhan Belediye Ba\u015fkan\u0131 Akif Kemal Akay, \u00c7ukurova Belediye Ba\u015fkan\u0131 Soner \u00c7etin, Ceyhan Belediye Ba\u015fkan\u0131 Kadir Ayd\u0131r ve \u00e7ok say\u0131da vatanda\u015f kat\u0131ld\u0131. B\u00fcy\u00fck\u015fehir Belediyesi \u00f6n\u00fcnde toplanan kalabal\u0131k grup, ellerinde ta\u015f\u0131d\u0131klar\u0131 T\u00fcrk bayraklar\u0131 ve me\u015falelere Atat\u00fcrk an\u0131s\u0131na sloganlar at\u0131larak y\u00fcr\u00fcy\u00fc\u015f ba\u015flad\u0131. Yo\u011fun g\u00fcvenlik \u00f6nlemi alt\u0131na s\u00fcren y\u00fcr\u00fcy\u00fc\u015f U\u011fur Mumcu Bulvar\u0131\u2019nda son buldu.<\/p>\n<p>Saat 19.19\u2019da Tarihi Ta\u015f K\u00f6pr\u00fc \u00fczerinde Atabar\u0131 g\u00f6steri yap\u0131ld\u0131<\/p>\n<p>D\u00fcnyan\u0131n hala kullan\u0131lan en eski k\u00f6pr\u00fcs\u00fc olma \u00f6zelli\u011fini ta\u015f\u0131yan Ta\u015fk\u00f6pr\u00fc \u00fczerinde Mustafa Kemal Atat\u00fcrk\u2019\u00fcn Samsun\u2019a \u00e7\u0131k\u0131\u015f\u0131 ve milli m\u00fccadelenin ba\u015flang\u0131c\u0131n\u0131n 100\u2019\u00fcnc\u00fc y\u0131ld\u00f6n\u00fcm\u00fc etkinlikleri kapsam\u0131nda, saatler 19.19 g\u00f6sterdi\u011finde 250\u2019si \u00e7ocuk 750 ki\u015fi, 81 il ve 19 \u00fclkede binlerce ki\u015fi e\u015f zamanl\u0131 atabar\u0131 oynad\u0131. Atabar\u0131 g\u00f6sterisine, Adana Valisi Mahmut Demirta\u015f, B\u00fcy\u00fck\u015fehir Belediye Ba\u015fkan\u0131 Zeydan Karalar, \u0130l K\u00fclt\u00fcr ve Turizm M\u00fcd\u00fcr\u00fc Sabri Tari ile \u00e7ok say\u0131da vatanda\u015f kat\u0131ld\u0131.<\/p>\n<p>19 May\u0131s Atat\u00fcrk\u2019\u00fc Anma Gen\u00e7lik ve Spor Bayram\u0131\u2019n\u0131n 100\u2019\u00fcnc\u00fc y\u0131l<\/p>\n<p>Pop m\u00fczi\u011fin \u00fcnl\u00fc sesi Edis, 19 May\u0131s Atat\u00fcrk\u2019\u00fc Anma Gen\u00e7lik ve spor Bayram\u0131\u2019n\u0131n 100\u2019\u00fcnc\u00fc y\u0131l kutlamalar\u0131nda Adana\u2019da sahne ald\u0131. U\u011fur Mumcu meydan\u0131nda ger\u00e7ekle\u015fen konsere binlerce Adanal\u0131 m\u00fcziksever kat\u0131ld\u0131 Edis, binlerce hayranlar\u0131na sevilen \u015fark\u0131lar\u0131n\u0131 seslendirirken dans \u015fovlar\u0131 ile sevenlerine g\u00f6rsel \u015f\u00f6len ya\u015fatt\u0131.<\/p>\n","protected":false},"excerpt":{"rendered":"<p>ADANA\u2019DA 19 MAYIS ATAT\u00dcRK\u2019\u00dc ANMA GEN\u00c7L\u0130K VE SPOR BAYRAMI\u2019NIN 100\u2019\u00dcNC\u00dc YIL KUTLAMALARI, FENER ALAYI,  ATABARI G\u00d6STER\u0130 VE \u015eARKISI ED\u0130S\u2019\u0130N KONSER\u0130 \u0130LE SON BULDU.<\/p>\n","protected":false},"author":1,"featured_media":159346,"comment_status":"closed","ping_status":"open","sticky":false,"template":"","format":"standard","meta":{"jetpack_post_was_ever_published":false,"_jetpack_newsletter_access":"","_jetpack_dont_email_post_to_subs":false,"_jetpack_newsletter_tier_id":0,"_jetpack_memberships_contains_paywalled_content":false,"_jetpack_memberships_contains_paid_content":false,"footnotes":"","jetpack_publicize_message":"","jetpack_publicize_feature_enabled":true,"jetpack_social_post_already_shared":true,"jetpack_social_options":{"image_generator_settings":{"template":"highway","default_image_id":0,"font":"","enabled":false},"version":2}},"categories":[1],"tags":[2887,679,17842,2125],"class_list":["post-159345","post","type-post","status-publish","format-standard","has-post-thumbnail","hentry","category-genel","tag-adanada","tag-coskulu","tag-kutlamalari","tag-mayis"],"jetpack_publicize_connections":[],"jetpack_featured_media_url":"https:\/\/i0.wp.com\/www.tvturk.com\/wp-content\/uploads\/2019\/05\/adanada-coskulu-19-mayis-kutlamalari_90d88e4.jpg?fit=1000%2C666","jetpack_sharing_enabled":true,"jetpack_shortlink":"https:\/\/wp.me\/paKIfm-Fs5","_links":{"self":[{"href":"http:\/\/www.tvturk.com\/index.php\/wp-json\/wp\/v2\/posts\/159345","targetHints":{"allow":["GET"]}}],"collection":[{"href":"http:\/\/www.tvturk.com\/index.php\/wp-json\/wp\/v2\/posts"}],"about":[{"href":"http:\/\/www.tvturk.com\/index.php\/wp-json\/wp\/v2\/types\/post"}],"author":[{"embeddable":true,"href":"http:\/\/www.tvturk.com\/index.php\/wp-json\/wp\/v2\/users\/1"}],"replies":[{"embeddable":true,"href":"http:\/\/www.tvturk.com\/index.php\/wp-json\/wp\/v2\/comments?post=159345"}],"version-history":[{"count":0,"href":"http:\/\/www.tvturk.com\/index.php\/wp-json\/wp\/v2\/posts\/159345\/revisions"}],"wp:featuredmedia":[{"embeddable":true,"href":"http:\/\/www.tvturk.com\/index.php\/wp-json\/wp\/v2\/media\/159346"}],"wp:attachment":[{"href":"http:\/\/www.tvturk.com\/index.php\/wp-json\/wp\/v2\/media?parent=159345"}],"wp:term":[{"taxonomy":"category","embeddable":true,"href":"http:\/\/www.tvturk.com\/index.php\/wp-json\/wp\/v2\/categories?post=159345"},{"taxonomy":"post_tag","embeddable":true,"href":"http:\/\/www.tvturk.com\/index.php\/wp-json\/wp\/v2\/tags?post=159345"}],"curies":[{"name":"wp","href":"https:\/\/api.w.org\/{rel}","templated":true}]}}