{"id":159385,"date":"2019-05-20T00:31:32","date_gmt":"2019-05-19T21:31:32","guid":{"rendered":"http:\/\/www.tvturk.com\/index.php\/bulgaristanda-iftar-bereketi\/"},"modified":"2019-05-20T00:31:32","modified_gmt":"2019-05-19T21:31:32","slug":"bulgaristanda-iftar-bereketi","status":"publish","type":"post","link":"http:\/\/www.tvturk.com\/index.php\/bulgaristanda-iftar-bereketi\/","title":{"rendered":"Bulgaristan\u2019da iftar bereketi"},"content":{"rendered":"<p>Bursa B\u00fcy\u00fck\u015fehir Belediyesi\u2019nin M\u00fcsl\u00fcmanlar aras\u0131nda var olan birlik ve beraberli\u011fi daha da g\u00fc\u00e7lendirmek ad\u0131na Cebel\u2019de organize etti\u011fi iftar yeme\u011fine 700\u2019\u00fc a\u015fk\u0131n ki\u015fi kat\u0131ld\u0131.<\/p>\n<p>Yo\u011fun ilgi toplayan etkinlik, restorasyonu yine ge\u00e7en y\u0131l Bursa B\u00fcy\u00fck\u015fehir Belediyesi taraf\u0131ndan tamamlanan Cebel Camii bah\u00e7esinde d\u00fczenlendi. B\u00fcy\u00fck\u015fehir Belediyesi\u2019nden Bas\u0131n Yay\u0131n ve Halkla \u0130li\u015fkiler Dairesi Ba\u015fkan\u0131 Ahmet Bayhan ile K\u00fclt\u00fcr ve Sanat Daire Ba\u015fkan\u0131 H\u00fcseyin Buran da bu mutlu Ramazan g\u00fcn\u00fcnde Bulgaristanl\u0131 soyda\u015flar\u0131 yaln\u0131z b\u0131rakmad\u0131. Cebel Belediye Ba\u015fkan\u0131 Bahri \u00d6mer, K\u0131rcaali M\u00fcft\u00fc Yard\u0131mc\u0131s\u0131 Erhan Recep, \u00e7e\u015fitli STK\u2019lar\u0131n temsilcileri ve davetliler, ezan vaktinin girmesiyle oru\u00e7lar\u0131n\u0131 hep birlikte a\u00e7t\u0131. Yemek duas\u0131, K\u0131rcaali M\u00fcft\u00fc Yard\u0131mc\u0131s\u0131 Erhan Recep taraf\u0131ndan yap\u0131ld\u0131.<\/p>\n<p>Bursa B\u00fcy\u00fck\u015fehir Belediyesi Bas\u0131n Yay\u0131n ve Halkla \u0130li\u015fkiler Dairesi Ba\u015fkan\u0131 Ahmet Bayhan, yapt\u0131\u011f\u0131 konu\u015fmada, Ba\u015fkan Alinur Akta\u015f\u2019\u0131n selamlar\u0131n\u0131 Cebelli M\u00fcsl\u00fcmanlara iletti. Tutulan oru\u00e7lar\u0131n kabul edilmesi dile\u011finde bulunan Bayhan, \u201cBurada ge\u00e7ti\u011fimiz y\u0131l restorasyonu tamamlanan ve sizlerin hizmetine sunulan caminin bah\u00e7esinde bu g\u00fczelli\u011fi hep birlikte ya\u015f\u0131yoruz. Allah, bizleri birlik ve beraberlikten ay\u0131rmas\u0131n. \u015eimdiden Kadir Gecenizi ve yakla\u015fan Ramazan Bayram\u0131n\u0131z\u0131 tebrik ediyorum\u201d dedi.<\/p>\n<p>Cebel Belediye Ba\u015fkan\u0131 Bahri \u00d6mer ise bug\u00fcnleri g\u00f6rmekten b\u00fcy\u00fck memnuniyet duyduklar\u0131n\u0131 ifade etti. Daha d\u00fcne kadar caminin restorasyona muhta\u00e7 halde bulundu\u011funu, Bursa B\u00fcy\u00fck\u015fehir Belediyesi\u2019nin giri\u015fimleri neticesinde ibadethane ve \u00e7evresinin yeniden d\u00fczenlendi\u011fini kaydeden \u00d6mer, \u201cCebel Camii ve \u00e7evresinin restore edilmesi konusunda B\u00fcy\u00fck\u015fehir\u2019den talebimiz olmu\u015ftu. 19 May\u0131s 2017\u2019de iste\u011fimizi ilettik. 1 sene sonra, 19 May\u0131s 2018\u2019de ise a\u00e7\u0131l\u0131\u015f\u0131n\u0131 yapt\u0131k. Allah raz\u0131 olsun kendilerinden. Cebel\u2019e \u00e7ok yard\u0131m ettiler\u201d diye konu\u015ftu. Cebel\u2019deki iftar programlar\u0131n\u0131 da yine Bursa B\u00fcy\u00fck\u015fehir ad\u0131na organize ettiklerini vurgulayan \u00d6mer, bug\u00fcne kadar verilen desteklerin bundan sonra da artarak s\u00fcrece\u011fine inand\u0131klar\u0131n\u0131 s\u00f6yledi.<\/p>\n","protected":false},"excerpt":{"rendered":"<p>BURSA B\u00dcY\u00dcK\u015eEH\u0130R BELED\u0130YES\u0130\u2019N\u0130N M\u00dcSL\u00dcMANLAR ARASINDA VAR OLAN B\u0130RL\u0130K VE BERABERL\u0130\u011e\u0130 DAHA DA G\u00dc\u00c7LEND\u0130RMEK ADINA CEBEL\u2019DE ORGAN\u0130ZE ETT\u0130\u011e\u0130 \u0130FTAR YEME\u011e\u0130NE 700\u2019\u00dc A\u015eKIN K\u0130\u015e\u0130 KATILDI.<\/p>\n","protected":false},"author":1,"featured_media":159386,"comment_status":"closed","ping_status":"open","sticky":false,"template":"","format":"standard","meta":{"jetpack_post_was_ever_published":false,"_jetpack_newsletter_access":"","_jetpack_dont_email_post_to_subs":false,"_jetpack_newsletter_tier_id":0,"_jetpack_memberships_contains_paywalled_content":false,"_jetpack_memberships_contains_paid_content":false,"footnotes":"","jetpack_publicize_message":"","jetpack_publicize_feature_enabled":true,"jetpack_social_post_already_shared":true,"jetpack_social_options":{"image_generator_settings":{"template":"highway","default_image_id":0,"font":"","enabled":false},"version":2}},"categories":[1],"tags":[1593,18770,30333],"class_list":["post-159385","post","type-post","status-publish","format-standard","has-post-thumbnail","hentry","category-genel","tag-bereketi","tag-bulgaristanda","tag-iftar"],"jetpack_publicize_connections":[],"jetpack_featured_media_url":"https:\/\/i0.wp.com\/www.tvturk.com\/wp-content\/uploads\/2019\/05\/bulgaristanda-iftar-bereketi_5d0fbe2.jpg?fit=1000%2C666","jetpack_sharing_enabled":true,"jetpack_shortlink":"https:\/\/wp.me\/paKIfm-FsJ","_links":{"self":[{"href":"http:\/\/www.tvturk.com\/index.php\/wp-json\/wp\/v2\/posts\/159385","targetHints":{"allow":["GET"]}}],"collection":[{"href":"http:\/\/www.tvturk.com\/index.php\/wp-json\/wp\/v2\/posts"}],"about":[{"href":"http:\/\/www.tvturk.com\/index.php\/wp-json\/wp\/v2\/types\/post"}],"author":[{"embeddable":true,"href":"http:\/\/www.tvturk.com\/index.php\/wp-json\/wp\/v2\/users\/1"}],"replies":[{"embeddable":true,"href":"http:\/\/www.tvturk.com\/index.php\/wp-json\/wp\/v2\/comments?post=159385"}],"version-history":[{"count":0,"href":"http:\/\/www.tvturk.com\/index.php\/wp-json\/wp\/v2\/posts\/159385\/revisions"}],"wp:featuredmedia":[{"embeddable":true,"href":"http:\/\/www.tvturk.com\/index.php\/wp-json\/wp\/v2\/media\/159386"}],"wp:attachment":[{"href":"http:\/\/www.tvturk.com\/index.php\/wp-json\/wp\/v2\/media?parent=159385"}],"wp:term":[{"taxonomy":"category","embeddable":true,"href":"http:\/\/www.tvturk.com\/index.php\/wp-json\/wp\/v2\/categories?post=159385"},{"taxonomy":"post_tag","embeddable":true,"href":"http:\/\/www.tvturk.com\/index.php\/wp-json\/wp\/v2\/tags?post=159385"}],"curies":[{"name":"wp","href":"https:\/\/api.w.org\/{rel}","templated":true}]}}