{"id":159393,"date":"2019-05-20T01:25:54","date_gmt":"2019-05-19T22:25:54","guid":{"rendered":"http:\/\/www.tvturk.com\/index.php\/tirede-fener-alayina-galatasaray-coskusu-eklenince-tarihi-kalabalik-olustu\/"},"modified":"2019-05-20T01:25:54","modified_gmt":"2019-05-19T22:25:54","slug":"tirede-fener-alayina-galatasaray-coskusu-eklenince-tarihi-kalabalik-olustu","status":"publish","type":"post","link":"http:\/\/www.tvturk.com\/index.php\/tirede-fener-alayina-galatasaray-coskusu-eklenince-tarihi-kalabalik-olustu\/","title":{"rendered":"Tire\u2019de Fener Alay\u0131na Galatasaray Co\u015fkusu Eklenince Tarihi Kalabal\u0131k Olu\u015ftu"},"content":{"rendered":"<p>\u0130zmir\u2019in Tire \u0130l\u00e7esinde 19 May\u0131s Atat\u00fcrk\u2019\u00fc Anma Gen\u00e7lik ve Spor Bayram\u0131 kutlamalar\u0131 kapsam\u0131nda ayn\u0131 g\u00fcn\u00fcn ak\u015fam\u0131nda yap\u0131lan Fener Alay\u0131 kutlamalar\u0131na tarihi kalabal\u0131k kat\u0131ld\u0131.<\/p>\n<p>Son y\u0131llar\u0131n en b\u00fcy\u00fck kat\u0131l\u0131m\u0131 ile ger\u00e7ekle\u015ftirilen kutlamalara Tire \u0130l\u00e7e Kaymakam\u0131 Dr. Hasan Tanr\u0131seven, Tire Belediye Ba\u015fkan\u0131 Salih Atakan Duran, Ba\u015fkan Yard\u0131mc\u0131s\u0131 Do\u011fukan Ero\u011flu, Emniyet M\u00fcd\u00fcr\u00fc Hasan \u00d6zge, CHP \u0130l\u00e7e Ba\u015fkan\u0131 \u0130smail G\u00fcle\u00e7, \u0130Y\u0130 Parti Tire \u0130l\u00e7e Ba\u015fkan\u0131 Hayati Okuro\u011flu ve binlerce vatanda\u015f kat\u0131ld\u0131.<\/p>\n<p>Tire \u015eehitler Park\u0131 \u00f6n\u00fcnde toplanan binlerce ki\u015fi Belediye Bandosu e\u015fli\u011finde Cumhuriyet Meydan\u0131ndan Tire Kent M\u00fczesi \u00f6n\u00fcne y\u00fcr\u00fcd\u00fc. Burada sayg\u0131 duru\u015funda bulunan protokol ve kalabal\u0131k ard\u0131ndan istiklal mar\u015f\u0131n\u0131 okudu.<\/p>\n<p>Duran   \u201cBu 19 May\u0131s Di\u011ferlerinden Farkl\u0131\u201d<\/p>\n<p>Belediye Ba\u015fkan\u0131 Atakan Duran \u015funlar\u0131 s\u00f6yledi: \u201cBu g\u00fczel 19 May\u0131s ak\u015fam\u0131nda co\u015fkulu kutlamay\u0131 hayata ge\u00e7irdikleri i\u00e7in t\u00fcm Tireli hem\u015ferilerime te\u015fekk\u00fcr ediyorum. Bu 19 May\u0131s di\u011ferlerinden farkl\u0131. Bu 19 May\u0131s\u0131n 100. Y\u0131l\u0131. \u00d6n\u00fcm\u00fczdeki 5 y\u0131l milli bayramlar\u0131m\u0131z\u0131n 100. y\u0131llar\u0131n\u0131 kutlayaca\u011f\u0131z. Bu bayramlar\u0131 sizlerle hep beraber de\u011fi\u015fik aktivitelerle kutlayaca\u011f\u0131z. Kat\u0131l\u0131mlar\u0131n\u0131z i\u00e7in sizlere te\u015fekk\u00fcr ederim.\u201d<\/p>\n<p>Tanr\u0131seven  \u201cBa\u011f\u0131ms\u0131zl\u0131k Ate\u015finin 100. Y\u0131l\u0131 Kutlu Olsun\u201d<\/p>\n<p>Tire Kaymakam\u0131 Dr. Hasan Tanr\u0131seven yapt\u0131\u011f\u0131 konu\u015fmada \u015funlar\u0131 kaydetti:<\/p>\n<p>\u201c19 May\u0131s 1919\u2019da Cumhuriyetimizin kurucusu b\u00fcy\u00fck \u00f6ner Gazi Mustafa Kemal Atat\u00fcrk\u2019\u00fcn Samsun\u2019dan \u00e7\u0131karak ba\u011f\u0131ms\u0131zl\u0131k ve \u00f6zg\u00fcrl\u00fck ate\u015fini yakt\u0131\u011f\u0131 bu b\u00fcy\u00fck olay\u0131n 100. Y\u0131l\u0131n\u0131 siz Tirelilerle kutlaman\u0131n mutlulu\u011fu i\u00e7erisindeyim. Bu etkinliklere kat\u0131lan t\u00fcm Tirelileri tebrik ediyorum. Tire bug\u00fcn bir kez daha Cumhuriyetten, laiklikten, demokrasiden ve hukuktan yana oldu\u011funu g\u00f6sterdi.\u201d<\/p>\n<p>Kaymakam Tanr\u0131seven Galatasarayl\u0131lar\u0131 Tebrik Etti<\/p>\n<p>Tire \u0130l\u00e7e Kaymakam\u0131 Dr. Hasan Tanr\u0131seven bug\u00fcn \u015fampiyonlu\u011funu ilan eden Galatasarayl\u0131 taraftarlar\u0131 tebrik ederek \u015fampiyonlu\u011fun bayram havas\u0131nda ge\u00e7ti\u011fini s\u00f6yleyip Galatasarayl\u0131 taraftarlar\u0131 kutlad\u0131.<\/p>\n<p>Fener Alay\u0131na Galatasaray Co\u015fkusu<\/p>\n<p>Fener Alay\u0131n\u0131n ba\u015flama saatlerinde S\u00fcper Lig ekibi Galatasaray\u2019\u0131n da \u015fampiyonlu\u011funu ilan etmesi Tireli Galatasaray taraftarlar\u0131n\u0131 sokaklara d\u00f6kt\u00fc. Fener Alay\u0131 ile Galatasaray taraftarlar\u0131n\u0131n Fener Alay\u0131nda birle\u015fmesi sonucu ortaya renkli g\u00f6r\u00fcnt\u00fcler \u00e7\u0131kt\u0131.<\/p>\n","protected":false},"excerpt":{"rendered":"<p>T\u0130RE&#8217;DE FENER ALAYINA GALATASARAY CO\u015eKUSU EKLEN\u0130NCE TAR\u0130H\u0130 KALABALIK OLU\u015eTU<\/p>\n","protected":false},"author":1,"featured_media":159394,"comment_status":"closed","ping_status":"open","sticky":false,"template":"","format":"standard","meta":{"jetpack_post_was_ever_published":false,"_jetpack_newsletter_access":"","_jetpack_dont_email_post_to_subs":false,"_jetpack_newsletter_tier_id":0,"_jetpack_memberships_contains_paywalled_content":false,"_jetpack_memberships_contains_paid_content":false,"footnotes":"","jetpack_publicize_message":"","jetpack_publicize_feature_enabled":true,"jetpack_social_post_already_shared":true,"jetpack_social_options":{"image_generator_settings":{"template":"highway","default_image_id":0,"font":"","enabled":false},"version":2}},"categories":[1],"tags":[37198,6596,37199,8603,1976,23670,12769,800,18276],"class_list":["post-159393","post","type-post","status-publish","format-standard","has-post-thumbnail","hentry","category-genel","tag-alayina","tag-coskusu","tag-eklenince","tag-fener","tag-galatasaray","tag-kalabalik","tag-olustu","tag-tarihi","tag-tirede"],"jetpack_publicize_connections":[],"jetpack_featured_media_url":"https:\/\/i0.wp.com\/www.tvturk.com\/wp-content\/uploads\/2019\/05\/tirede-fener-alayina-galatasaray-coskusu-eklenince-tarihi-kalabalik-olustu_e4a3297.jpg?fit=1000%2C664","jetpack_sharing_enabled":true,"jetpack_shortlink":"https:\/\/wp.me\/paKIfm-FsR","_links":{"self":[{"href":"http:\/\/www.tvturk.com\/index.php\/wp-json\/wp\/v2\/posts\/159393","targetHints":{"allow":["GET"]}}],"collection":[{"href":"http:\/\/www.tvturk.com\/index.php\/wp-json\/wp\/v2\/posts"}],"about":[{"href":"http:\/\/www.tvturk.com\/index.php\/wp-json\/wp\/v2\/types\/post"}],"author":[{"embeddable":true,"href":"http:\/\/www.tvturk.com\/index.php\/wp-json\/wp\/v2\/users\/1"}],"replies":[{"embeddable":true,"href":"http:\/\/www.tvturk.com\/index.php\/wp-json\/wp\/v2\/comments?post=159393"}],"version-history":[{"count":0,"href":"http:\/\/www.tvturk.com\/index.php\/wp-json\/wp\/v2\/posts\/159393\/revisions"}],"wp:featuredmedia":[{"embeddable":true,"href":"http:\/\/www.tvturk.com\/index.php\/wp-json\/wp\/v2\/media\/159394"}],"wp:attachment":[{"href":"http:\/\/www.tvturk.com\/index.php\/wp-json\/wp\/v2\/media?parent=159393"}],"wp:term":[{"taxonomy":"category","embeddable":true,"href":"http:\/\/www.tvturk.com\/index.php\/wp-json\/wp\/v2\/categories?post=159393"},{"taxonomy":"post_tag","embeddable":true,"href":"http:\/\/www.tvturk.com\/index.php\/wp-json\/wp\/v2\/tags?post=159393"}],"curies":[{"name":"wp","href":"https:\/\/api.w.org\/{rel}","templated":true}]}}