{"id":159407,"date":"2019-05-20T09:35:06","date_gmt":"2019-05-20T06:35:06","guid":{"rendered":"http:\/\/www.tvturk.com\/index.php\/niyazi-koyuncu-ve-kiractan-100-yil-konseri\/"},"modified":"2019-05-20T09:35:06","modified_gmt":"2019-05-20T06:35:06","slug":"niyazi-koyuncu-ve-kiractan-100-yil-konseri","status":"publish","type":"post","link":"http:\/\/www.tvturk.com\/index.php\/niyazi-koyuncu-ve-kiractan-100-yil-konseri\/","title":{"rendered":"Niyazi Koyuncu ve K\u0131ra\u00e7\u2019tan 100. y\u0131l konseri"},"content":{"rendered":"<p>Samsun\u2019un Atakum il\u00e7esinde 19 May\u0131s 1919\u2019un 100. y\u0131l\u0131 etkinlikleri kapsam\u0131nda Niyazi Koyuncu ve K\u0131ra\u00e7 konser verdi.<\/p>\n<p>Atakum Belediyesince, Gazi Mustafa Kemal Atat\u00fcrk ve silah arkada\u015flar\u0131n\u0131n Milli M\u00fccadele\u2019yi ba\u015flatmak i\u00e7in 19 May\u0131s 1919\u2019da Samsun\u2019a \u00e7\u0131k\u0131\u015flar\u0131n\u0131n 100. y\u0131l etkinlikleri kapsam\u0131nda Niyazi Koyuncu ve K\u0131ra\u00e7 konseri ger\u00e7ekle\u015ftirildi.<\/p>\n<p>Atakum Kent Meydan\u0131\u2019nda ger\u00e7ekle\u015ftirilen konser program\u0131n\u0131n a\u00e7\u0131l\u0131\u015f konu\u015fmas\u0131n\u0131 yapan Atakum Belediye Ba\u015fkan\u0131 Av. Cemil Deveci, bu kenti Atat\u00fcrk\u2019e yara\u015f\u0131r bir kent haline d\u00f6n\u00fc\u015ft\u00fcreceklerini, buradan t\u00fcm T\u00fcrkiye\u2019ye \u00f6rnek olacaklar\u0131n\u0131 ve kendilerine gen\u00e7lik ruhu ve Atat\u00fcrk\u2019\u00fcn gen\u00e7li\u011finin laz\u0131m oldu\u011funu s\u00f6yledi.<\/p>\n<p>\u201cBirle\u015fin ve kentimizin gelece\u011fine katk\u0131 verin\u201d<\/p>\n<p>Ulu \u00f6nder Mustafa Kemal Atat\u00fcrk\u2019\u00fcn 19 May\u0131s Atat\u00fcrk\u2019\u00fc Anma, Gen\u00e7lik ve Spor Bayram\u0131\u2019n\u0131 gen\u00e7lere emanet etti\u011fini kaydeden Deveci, &#8220;Atakum\u2019da 40 bin \u00fcniversite \u00f6\u011frencisi var. Hepsi gen\u00e7. Birle\u015fin ve kentimizin gelece\u011fine katk\u0131 verin. Benden size tam destek. Bu bayram sizin, bu \u00fclkenin gelece\u011fi sizlerin elinde. Bu y\u00fcz y\u0131l\u0131 b\u00fcy\u00fck bir co\u015fku ve onurla kutluyoruz. 19 May\u0131s, ba\u011f\u0131ms\u0131zl\u0131k ve kurtulu\u015f m\u00fccadelesinin Atat\u00fcrk taraf\u0131ndan ba\u015flat\u0131ld\u0131\u011f\u0131 g\u00fcn. Cumhuriyet tarihimizin en \u00f6nemli g\u00fcnlerinden birisi. Kurtulu\u015fumuzun ve kurulu\u015f s\u00fcrecimizin ba\u015flad\u0131\u011f\u0131 g\u00fcn. Bug\u00fcnlerimizi 19 May\u0131s 1919\u2019a, Atat\u00fcrk ve 18 arkada\u015f\u0131na bor\u00e7luyuz. Onlardan ald\u0131\u011f\u0131m\u0131z emaneti daha \u00e7ok yukar\u0131lara ta\u015f\u0131yaca\u011f\u0131z. Atat\u00fcrk\u2019\u00fcn Cumhuriyet\u2019ini bir daha sekteye u\u011fratmaks\u0131z\u0131n, ona bir ba\u015fkas\u0131n\u0131n g\u00f6z dikmesine m\u00fcsaade etmeksizin s\u0131rt\u0131m\u0131zda, omuzlar\u0131m\u0131zda ta\u015f\u0131yaca\u011f\u0131z. Ben de Atakum Belediye Ba\u015fkan\u0131 olarak \u00f6n\u00fcm\u00fczdeki 5 y\u0131l boyunca sizinle beraber Atat\u00fcrk\u2019\u00fcn Cumhuriyet\u2019ini, onun bize emanet etti\u011fi demokrasiyi, insan, kad\u0131n, \u00e7evre, hayvan haklar\u0131n\u0131 birlikte kuraca\u011f\u0131z\u201d dedi.<\/p>\n<p>Atakum\u2019da bayram co\u015fkusu<\/p>\n<p>Gen\u00e7lerin yo\u011fun ilgi g\u00f6sterdi\u011fi gecede, Niyazi Koyuncu\u2019nun Karadeniz t\u00fcrk\u00fcleri e\u015fli\u011finde horon tepildi. K\u0131ra\u00e7\u2019\u0131n sahneye \u00e7\u0131kmas\u0131yla birlikte ise konser alan\u0131ndaki co\u015fku doru\u011fa ula\u015ft\u0131. 10 binlerce Atakumlu 19 May\u0131s Atat\u00fcrk\u2019\u00fc Anma, Gen\u00e7lik ve Spor Bayram\u0131\u2019n\u0131n co\u015fkusunu doyas\u0131ya ya\u015fad\u0131.<\/p>\n","protected":false},"excerpt":{"rendered":"<p>SAMSUN\u2019UN ATATKUM \u0130L\u00c7ES\u0130NDE 19 MAYIS 1919\u2019UN 100. YIL ETK\u0130NL\u0130KLER\u0130 KAPSAMINDA N\u0130YAZ\u0130 KOYUNCU VE KIRA\u00c7 KONSER VERD\u0130<\/p>\n","protected":false},"author":1,"featured_media":159408,"comment_status":"closed","ping_status":"open","sticky":false,"template":"","format":"standard","meta":{"jetpack_post_was_ever_published":false,"_jetpack_newsletter_access":"","_jetpack_dont_email_post_to_subs":false,"_jetpack_newsletter_tier_id":0,"_jetpack_memberships_contains_paywalled_content":false,"_jetpack_memberships_contains_paid_content":false,"footnotes":"","jetpack_publicize_message":"","jetpack_publicize_feature_enabled":true,"jetpack_social_post_already_shared":true,"jetpack_social_options":{"image_generator_settings":{"template":"highway","default_image_id":0,"font":"","enabled":false},"version":2}},"categories":[1],"tags":[2127,37205,1952,37204,37203,231],"class_list":["post-159407","post","type-post","status-publish","format-standard","has-post-thumbnail","hentry","category-genel","tag-2127","tag-kiractan","tag-konseri","tag-koyuncu","tag-niyazi","tag-yil"],"jetpack_publicize_connections":[],"jetpack_featured_media_url":"https:\/\/i0.wp.com\/www.tvturk.com\/wp-content\/uploads\/2019\/05\/niyazi-koyuncu-ve-kiractan-100-yil-konseri_e84de87.jpg?fit=1000%2C666","jetpack_sharing_enabled":true,"jetpack_shortlink":"https:\/\/wp.me\/paKIfm-Ft5","_links":{"self":[{"href":"http:\/\/www.tvturk.com\/index.php\/wp-json\/wp\/v2\/posts\/159407","targetHints":{"allow":["GET"]}}],"collection":[{"href":"http:\/\/www.tvturk.com\/index.php\/wp-json\/wp\/v2\/posts"}],"about":[{"href":"http:\/\/www.tvturk.com\/index.php\/wp-json\/wp\/v2\/types\/post"}],"author":[{"embeddable":true,"href":"http:\/\/www.tvturk.com\/index.php\/wp-json\/wp\/v2\/users\/1"}],"replies":[{"embeddable":true,"href":"http:\/\/www.tvturk.com\/index.php\/wp-json\/wp\/v2\/comments?post=159407"}],"version-history":[{"count":0,"href":"http:\/\/www.tvturk.com\/index.php\/wp-json\/wp\/v2\/posts\/159407\/revisions"}],"wp:featuredmedia":[{"embeddable":true,"href":"http:\/\/www.tvturk.com\/index.php\/wp-json\/wp\/v2\/media\/159408"}],"wp:attachment":[{"href":"http:\/\/www.tvturk.com\/index.php\/wp-json\/wp\/v2\/media?parent=159407"}],"wp:term":[{"taxonomy":"category","embeddable":true,"href":"http:\/\/www.tvturk.com\/index.php\/wp-json\/wp\/v2\/categories?post=159407"},{"taxonomy":"post_tag","embeddable":true,"href":"http:\/\/www.tvturk.com\/index.php\/wp-json\/wp\/v2\/tags?post=159407"}],"curies":[{"name":"wp","href":"https:\/\/api.w.org\/{rel}","templated":true}]}}