{"id":159429,"date":"2019-05-20T10:20:02","date_gmt":"2019-05-20T07:20:02","guid":{"rendered":"http:\/\/www.tvturk.com\/index.php\/19-mayisin-100-yilinda-ankara-kirmizi-beyaza-burundu\/"},"modified":"2019-05-20T10:20:02","modified_gmt":"2019-05-20T07:20:02","slug":"19-mayisin-100-yilinda-ankara-kirmizi-beyaza-burundu","status":"publish","type":"post","link":"http:\/\/www.tvturk.com\/index.php\/19-mayisin-100-yilinda-ankara-kirmizi-beyaza-burundu\/","title":{"rendered":"19 May\u0131s\u2019\u0131n 100. y\u0131l\u0131nda Ankara, k\u0131rm\u0131z\u0131 beyaza b\u00fcr\u00fcnd\u00fc"},"content":{"rendered":"<p>Ankara, 19 May\u0131s Atat\u00fcrk\u2019\u00fc Anma, Gen\u00e7lik ve Spor Bayram\u0131\u2019n\u0131 co\u015fkuyla kutlad\u0131.<\/p>\n<p>T\u00fcrk bayraklar\u0131 ile adeta k\u0131rm\u0131z\u0131 beyaza b\u00fcr\u00fcnen Ankara, B\u00fcy\u00fck\u015fehir Belediyesi\u2019nin ev sahipli\u011finde \u00e7e\u015fitli kutlamalara da ev sahipli\u011fi yapt\u0131. Ankara B\u00fcy\u00fck\u015fehir Belediyesi\u2019nin Atat\u00fcrk K\u00fclt\u00fcr Merkezi\u2019nde d\u00fczenledi\u011fi kutlama program\u0131na kat\u0131lan Ankara B\u00fcy\u00fck\u015fehir Belediye Ba\u015fkan\u0131 Mansur Yava\u015f, 19 May\u0131s 1919\u2019un 100. Y\u0131ld\u00f6n\u00fcm\u00fcnde \u015fu mesajlar\u0131 verdi:<\/p>\n<p>\u201cSevgili gen\u00e7ler, hi\u00e7 tevazu g\u00f6stermeyin, bu ba\u015far\u0131 sizindir. Sizlerin varl\u0131\u011f\u0131, inanc\u0131 ve inan\u0131lmaz deste\u011fiyle Ankara\u2019m\u0131z bug\u00fcnleri g\u00f6rd\u00fc. 19 May\u0131s 1919\u2019da ba\u015flayan kutlu y\u00fcr\u00fcy\u00fc\u015f\u00fcn y\u0131ld\u00f6n\u00fcm\u00fcnde, sizlere inanarak ve g\u00fcvenerek s\u00f6yl\u00fcyorum, o b\u00fcy\u00fck ruh hep ya\u015fayacak ve ya\u015fat\u0131lacakt\u0131r. Bu vatan asla b\u00f6l\u00fcnemez, devletimiz asla y\u0131k\u0131lamaz. Milletimiz en zay\u0131f an\u0131nda bile topra\u011f\u0131na, namusuna, tarihine sahip \u00e7\u0131km\u0131\u015f, y\u0131k\u0131lmaz zannedilen d\u00fc\u015fmanlar\u0131yla ba\u015f ederek, istiklalini korumu\u015ftur. Gururla ifade ediyorum ki bu ger\u00e7ek hi\u00e7bir zaman de\u011fi\u015fmeyecektir. 19 May\u0131s\u2019\u0131 unutmayaca\u011f\u0131z, unutturmayaca\u011f\u0131z. Yeni nesilleri bu bayram \u015fuuruyla yeti\u015ftirece\u011fiz. Atat\u00fcrk\u2019\u00fcn en b\u00fcy\u00fck emanetlerinden birisi olan Ankara\u2019y\u0131 l\u00e2y\u0131k oldu\u011fu yere, hep daha ileriye ta\u015f\u0131yacak, bu \u00fclkenin g\u00f6zbebe\u011fi olarak koruyaca\u011f\u0131z.\u201d<\/p>\n<p>Ba\u015fkan Yava\u015f\u2019tan birlik \u00e7a\u011fr\u0131s\u0131<\/p>\n<p>AKM\u2019deki programda Yenimahalle Belediye Ba\u015fkan\u0131 Fethi Ya\u015far, \u00c7ankaya Belediye Ba\u015fkan\u0131 Alper Ta\u015fdelen, Elmada\u011f Belediye Ba\u015fkan\u0131 Adem Bar\u0131\u015f A\u015fk\u0131n, CHP Ankara \u0130l Ba\u015fkan\u0131 R\u0131fk\u0131 G\u00fcvener ve \u0130Y\u0130 Parti Ankara \u0130l Ba\u015fkan\u0131 Yetkin \u00d6zt\u00fcrk ile birlikte Ba\u015fkentlileri selamlayan Ba\u015fkan Yava\u015f, ter\u00f6rle m\u00fccadelenin \u00f6nemine vurgu yaparak, birlik ve beraberlik \u00e7a\u011fr\u0131s\u0131 da yapt\u0131:<\/p>\n<p>\u201cTer\u00f6r yoluyla birli\u011fimize kastedenler, bizden deh\u015fet ve korkuya d\u00fc\u015fmemizi, i\u00e7imize kapanmam\u0131z\u0131, ayr\u0131\u015fmam\u0131z\u0131 ve hayat\u0131m\u0131z\u0131 ona g\u00f6re \u015fekillendirmemizi isteyebilirler. Onlara prim vermeyece\u011fiz. Ter\u00f6rizm sonu\u00e7 alm\u0131\u015f ve istedi\u011fi ger\u00e7ekle\u015fmi\u015f gibi davranmayaca\u011f\u0131z. Moralimizi y\u00fcksek tutaca\u011f\u0131z, siyasi g\u00f6r\u00fc\u015f\u00fcm\u00fcz her ne olursa olsun, birli\u011fimizi ve karde\u015fli\u011fimizi koruyaca\u011f\u0131z. Ter\u00f6r\u00fcn ama\u00e7 ve hedeflerini daima bo\u015fa \u00e7\u0131karaca\u011f\u0131z.\u201d<\/p>\n<p>Haluk Levent Ba\u015fkentlileri co\u015fturdu<\/p>\n<p>Atat\u00fcrk K\u00fclt\u00fcr Merkezi\u2019nde Ankara B\u00fcy\u00fck\u015fehir Belediyesi Folklor, M\u00fczik ve Gen\u00e7lik Toplulu\u011fu\u2019nun (FOMGET) g\u00f6sterileriyle renklenen kutlama program\u0131na yo\u011fun ilgi g\u00f6steren Ba\u015fkentliler, Kent Orkestras\u0131\u2019n\u0131n \u00e7ald\u0131\u011f\u0131 unutulmaz \u015fark\u0131lar\u0131 da birlikte seslendirdi.<\/p>\n<p>Ankara B\u00fcy\u00fck\u015fehir Belediye Ba\u015fkan\u0131 Mansur Yava\u015f\u2019\u0131n sahneye birlikte \u00e7\u0131kt\u0131\u011f\u0131 sanat\u00e7\u0131 Haluk Levent\u2019in konser verdi\u011fi gecede, tek bir y\u00fcrek olan vatanda\u015flar ellerindeki T\u00fcrk Bayraklar\u0131 ve fenerlerle Haluk Levent\u2019e e\u015flik ettiler. \u00dcnl\u00fc sanat\u00e7\u0131 Haluk Levent, Ba\u015fkan Yava\u015f\u2019\u0131 Beypazar\u0131 Belediye Ba\u015fkan\u0131 oldu\u011fu d\u00f6nemden tan\u0131d\u0131\u011f\u0131n\u0131 belirterek, \u201cHerhalde en fazla Beypazar\u0131\u2019nda konser verdim. Ba\u015fkan\u0131m\u0131zla oradan tan\u0131\u015f\u0131yorum. Bug\u00fcn de burada kendisiyle ve sizlerle birlikte olmak bana onur verdi\u201d dedi.<\/p>\n<p>Konseri izlemek i\u00e7in Ankara d\u0131\u015f\u0131ndan da AKM\u2019ye gelen vatanda\u015flar da, kutlama organizasyonu i\u00e7in Ba\u015fkan Yava\u015f\u2019a te\u015fekk\u00fcr etti.<\/p>\n<p>Ba\u015fkent\u2019te Band\u0131rma Vapuru<\/p>\n<p>Ba\u015fkent\u2019te 19 May\u0131s Atat\u00fcrk\u2019\u00fc Anma, Gen\u00e7lik ve Spor Bayram\u0131n\u0131 kutlama adreslerinden biri de Alt\u0131npark oldu. ANFA Genel M\u00fcd\u00fcrl\u00fc\u011f\u00fc taraf\u0131ndan yapt\u0131r\u0131lan temsili Band\u0131rma Vapuru, Alt\u0131npark\u2019a yerle\u015ftirildi.<\/p>\n<p>Samsun\u2019dan sporcu gen\u00e7lerin getirdi\u011fi T\u00fcrk Bayra\u011f\u0131 ve topra\u011f\u0131n\u0131 teslim alan ANFA Genel M\u00fcd\u00fcr\u00fc Semih Narl\u0131o\u011flu,\u201cT\u00fcrkiye bu bayramlar\u0131 \u00e7ok \u00f6zledi. Atat\u00fcrk bu \u00fclkeyi gen\u00e7li\u011fe arma\u011fan etti. Bizler de bu \u00fclkenin k\u0131ymetini bilmeliyiz\u201d derken, Anadolu Avrasya Gazi ve \u015eehit Aileleri Dayan\u0131\u015fma ve Yard\u0131mla\u015fma Derne\u011fi Ba\u015fkan\u0131 ve Gazi Muhterem Do\u011fan da, \u201cT\u00fcrkiye Cumhuriyeti s\u0131n\u0131rlar\u0131 i\u00e7erisinde T\u00fcrk milletinin ve gen\u00e7lerimizin uyan\u0131k olmas\u0131 laz\u0131m. Atat\u00fcrk \u00fclkeyi emanet ederken bilin\u00e7li olarak gen\u00e7lerimizi se\u00e7ti\u201d diye konu\u015ftu.<\/p>\n<p>Ankaral\u0131lar\u0131n Band\u0131rma Vapuru \u00f6n\u00fcnde hat\u0131ra foto\u011fraflar\u0131 \u00e7ektirdi\u011fi Alt\u0131npark\u2019taki kutlama program\u0131n\u0131 izlemeye gelen 14 ya\u015f\u0131ndaki Nazl\u0131 Yetkin, \u201c\u00c7ok etkileyici bir atmosfer var. Atam\u0131z biz gen\u00e7lere bu \u00fclkeyi emanet etti. Bu etkinliklerle Atat\u00fcrk\u2019\u00fc an\u0131yoruz\u201d dedi.<\/p>\n<p>T\u00fcrk Bayraklar\u0131n\u0131 ta\u015f\u0131yan kortej y\u00fcr\u00fcy\u00fc\u015f\u00fcyle devam eden zeybek ekibi, bando ve mehteran tak\u0131m\u0131 g\u00f6sterileri, Grup Oyalama, C\u00fcneyt \u00d6zg\u00fcr ve M\u00dcZED Faik Canselen Korosu\u2019nun konserleriyle daha da renklenen program, Fener Alay\u0131 ge\u00e7i\u015fi ve g\u00f6z kama\u015ft\u0131ran havai fi\u015fek g\u00f6sterileriyle sona erdi.<\/p>\n","protected":false},"excerpt":{"rendered":"<p>BA\u015eKENT ANKARA, 19 MAYIS ATAT\u00dcRK\u2019\u00dc ANMA, GEN\u00c7L\u0130K VE SPOR BAYRAMI\u2019NI CO\u015eKUYLA KUTLADI.<\/p>\n","protected":false},"author":1,"featured_media":159430,"comment_status":"closed","ping_status":"open","sticky":false,"template":"","format":"standard","meta":{"jetpack_post_was_ever_published":false,"_jetpack_newsletter_access":"","_jetpack_dont_email_post_to_subs":false,"_jetpack_newsletter_tier_id":0,"_jetpack_memberships_contains_paywalled_content":false,"_jetpack_memberships_contains_paid_content":false,"footnotes":"","jetpack_publicize_message":"","jetpack_publicize_feature_enabled":true,"jetpack_social_post_already_shared":true,"jetpack_social_options":{"image_generator_settings":{"template":"highway","default_image_id":0,"font":"","enabled":false},"version":2}},"categories":[1],"tags":[2127,1475,12128,5132,6955,17841,6266],"class_list":["post-159429","post","type-post","status-publish","format-standard","has-post-thumbnail","hentry","category-genel","tag-2127","tag-ankara","tag-beyaza","tag-burundu","tag-kirmizi","tag-mayisin","tag-yilinda"],"jetpack_publicize_connections":[],"jetpack_featured_media_url":"https:\/\/i0.wp.com\/www.tvturk.com\/wp-content\/uploads\/2019\/05\/19-mayisin-100-yilinda-ankara-kirmizi-beyaza-burundu_b9d935d.jpg?fit=1000%2C562","jetpack_sharing_enabled":true,"jetpack_shortlink":"https:\/\/wp.me\/paKIfm-Ftr","_links":{"self":[{"href":"http:\/\/www.tvturk.com\/index.php\/wp-json\/wp\/v2\/posts\/159429","targetHints":{"allow":["GET"]}}],"collection":[{"href":"http:\/\/www.tvturk.com\/index.php\/wp-json\/wp\/v2\/posts"}],"about":[{"href":"http:\/\/www.tvturk.com\/index.php\/wp-json\/wp\/v2\/types\/post"}],"author":[{"embeddable":true,"href":"http:\/\/www.tvturk.com\/index.php\/wp-json\/wp\/v2\/users\/1"}],"replies":[{"embeddable":true,"href":"http:\/\/www.tvturk.com\/index.php\/wp-json\/wp\/v2\/comments?post=159429"}],"version-history":[{"count":0,"href":"http:\/\/www.tvturk.com\/index.php\/wp-json\/wp\/v2\/posts\/159429\/revisions"}],"wp:featuredmedia":[{"embeddable":true,"href":"http:\/\/www.tvturk.com\/index.php\/wp-json\/wp\/v2\/media\/159430"}],"wp:attachment":[{"href":"http:\/\/www.tvturk.com\/index.php\/wp-json\/wp\/v2\/media?parent=159429"}],"wp:term":[{"taxonomy":"category","embeddable":true,"href":"http:\/\/www.tvturk.com\/index.php\/wp-json\/wp\/v2\/categories?post=159429"},{"taxonomy":"post_tag","embeddable":true,"href":"http:\/\/www.tvturk.com\/index.php\/wp-json\/wp\/v2\/tags?post=159429"}],"curies":[{"name":"wp","href":"https:\/\/api.w.org\/{rel}","templated":true}]}}