{"id":159449,"date":"2019-05-20T10:35:38","date_gmt":"2019-05-20T07:35:38","guid":{"rendered":"http:\/\/www.tvturk.com\/index.php\/cama-ufleyen-kadin\/"},"modified":"2019-05-20T10:35:38","modified_gmt":"2019-05-20T07:35:38","slug":"cama-ufleyen-kadin","status":"publish","type":"post","link":"http:\/\/www.tvturk.com\/index.php\/cama-ufleyen-kadin\/","title":{"rendered":"Cama \u00fcfleyen kad\u0131n"},"content":{"rendered":"<p>Adana\u2019da alevde cam \u015fekillendirmeden porselene, seramikten \u00e7iniye kadar onlarca esere imza atan cam sanat\u00e7\u0131s\u0131 Nehir \u00d6zerpalet, Adana M\u00fcze Kompleksi\u2019nde \u00e7al\u0131\u015fmalar\u0131n\u0131 s\u00fcrd\u00fcr\u00fcyor. G\u00f6beklitepe projesine de dahil edilen \u00d6zerpalet, orada cam ve serami\u011fi birle\u015ftirerek \u00e7al\u0131\u015fmalar yapacak.<\/p>\n<p>\u00d6zerpalet, alevde cam \u015fekillendirme sanat\u0131 ile \u00fcfleme de yaparak tespih, tak\u0131, \u00e7i\u00e7ek, b\u00f6cek, tablo, vazo gibi dekoratif \u00fcr\u00fcnler yap\u0131yor.<\/p>\n<p>Adana M\u00fcze Kompleksi\u2019nde cam sanat\u00e7\u0131s\u0131 olarak \u00e7al\u0131\u015fmalar\u0131n\u0131 s\u00fcrd\u00fcren \u00d6zerpalet, \u201cBurada bir cam at\u00f6lyem var. M\u00fczeye gelen \u00e7ocuklara geleneksel cam sanat\u0131n\u0131 tan\u0131t\u0131yorum. Alevde cam \u015fekillendirme yap\u0131yorum. Seramik\u00e7iyim. F\u00fczyon cam, \u00e7ini yap\u0131yorum. Burada a\u00e7\u0131k alevde cam \u00e7ubuklarla cam \u015fekillendirmeyle yap\u0131lacak her \u015feyi yap\u0131yorum.  Kolyeler, tak\u0131lar, dekoratif \u00e7al\u0131\u015fmalar yap\u0131yoruz\u201d diye konu\u015ftu.<\/p>\n<p>At\u0131k camlardan eserler olu\u015fturuyor<\/p>\n<p>Nehir \u00d6zerpalet, at\u0131k cam maddeleri kullanarak da eserler olu\u015fturdu\u011funu kaydederek, \u201cAt\u0131k \u015fi\u015feleri toplay\u0131p y\u0131k\u0131yoruz. \u015eal\u00fcmo dedi\u011fimiz alevde onlar\u0131 \u015fekillendirip cam \u00e7ubuklarla \u00e7i\u00e7ekler, b\u00f6cekler yaparak vazo gibi dekoratif \u015feyler ortaya \u00e7\u0131kar\u0131yoruz. At\u0131k \u015feyleri de\u011ferlendirip bir \u015feyler ortaya \u00e7\u0131karabilmek \u00e7ok \u00f6nemli. At\u0131k \u015fi\u015fleri temizledikten sonra k\u0131r\u0131yoruz ka\u015f\u0131k, kolye, tabak yapabiliyoruz. \u00c7\u00f6pe giden bir \u015feyi geri d\u00f6n\u00fc\u015f\u00fcme al\u0131p malzeme olarak kullan\u0131yoruz. At\u00f6lyeme 100 ki\u015filik \u00e7ocuk grubu geliyor. \u0130\u00e7lerinden ikisini sanat alan\u0131na kayd\u0131rabilirsem hele ki bu cam sanat\u0131 olursa bu benim mutlulu\u011fum\u201d dedi.<\/p>\n<p>\u00d6zerpalet, yapt\u0131\u011f\u0131 i\u015fin alevden, t\u00fcpten dolay\u0131 tehlikeli g\u00f6r\u00fcnse de do\u011fru anlat\u0131m ve cam\u0131n do\u011fru yerden tutulmas\u0131yla 2,5 ya\u015f\u0131ndaki \u00e7ocu\u011fun bile bu sanat\u0131 yapt\u0131\u011f\u0131n\u0131 s\u00f6yledi.<\/p>\n<p>\u201cYapt\u0131\u011f\u0131m \u00fcr\u00fcnler k\u0131r\u0131lm\u0131yor\u201d<\/p>\n<p>\u00d6zerpalet, yapt\u0131\u011f\u0131 tespih \u00e7al\u0131\u015fmas\u0131n\u0131 \u015fu \u015fekilde anlatt\u0131:<\/p>\n<p>\u201cCamda torna olmadan alevde cam \u015fekillendirme dedi\u011fimiz her bir tanesi ayn\u0131 yap\u0131lan i\u00e7erisine alt\u0131n koyarak bezeme yapar gibi tespih \u00e7al\u0131\u015f\u0131yorum. Ama en \u00f6nemlisi imamesini camdan yap\u0131yorum. Yapt\u0131\u011f\u0131m \u00fcr\u00fcnler k\u0131r\u0131lm\u0131yor. K\u0131r\u0131lmamas\u0131n\u0131n sebebi g\u00fczel camla \u00e7al\u0131\u015f\u0131rsan\u0131z ve camda tavlama yaparsan\u0131z k\u0131r\u0131lm\u0131yor. Camlar f\u0131r\u0131nland\u0131ktan sonra son derece kullan\u0131\u015fl\u0131.\u201d<\/p>\n<p>\u201cG\u00f6beklitepe\u2019de cam ve serami\u011fi birle\u015ftirece\u011fim\u201d<\/p>\n<p>Cam\u0131n pahal\u0131 oldu\u011funu ve T\u00fcrkiye\u2019de bulunmayan malzemelerle \u00e7al\u0131\u015f\u0131ld\u0131\u011f\u0131 i\u00e7in kolayl\u0131kla ula\u015f\u0131lamad\u0131\u011f\u0131n\u0131 belirten \u00d6zerpalet, \u201cAdana M\u00fczesinin en g\u00fczel yan\u0131 m\u00fczeler aras\u0131nda tek cam at\u00f6lyesinin burada olmas\u0131. Ben cam\u0131 geleneksel i\u015fimiz oldu\u011fu i\u00e7in \u00e7ok \u00f6nemsiyorum. Yoksa ben seramik de, \u00e7ini de yap\u0131yorum. Asl\u0131nda bunlar\u0131n hepsi bir b\u00fct\u00fcn seramikle cam\u0131 kar\u0131\u015ft\u0131r\u0131yorum. Cam demek s\u0131r demek. Eritilen camlarla s\u0131rlar olu\u015fturuluyor. Seramik ve \u00e7ininin \u00fczerinde birbirleriyle harmanlad\u0131\u011f\u0131nda da \u00e7ok g\u00fczel \u015feyler \u00e7\u0131k\u0131yor. 2019 y\u0131l\u0131 G\u00f6beklitepe Y\u0131l\u0131 o projeye dahil edildim. Orada cam ve serami\u011fi birle\u015ftirece\u011fim. Oradaki yap\u0131lm\u0131\u015f eserlerden T \u015feklinde olan zeminleri seramik \u00fczerindeki fig\u00fcrleri de camdan bunu da at\u0131k camdan yapaca\u011f\u0131m. Cam\u0131n geli\u015fmesini \u00e7ok \u00f6nemsiyorum\u201d \u015feklinde konu\u015ftu.<\/p>\n","protected":false},"excerpt":{"rendered":"<p>ADANA\u2019DA ALEVDE CAM \u015eEK\u0130LLEND\u0130RMEDEN PORSELENE, SERAM\u0130KTEN \u00c7\u0130N\u0130YE KADAR ONLARCA ESERE \u0130MZA ATAN CAM SANAT\u00c7ISI NEH\u0130R \u00d6ZERPALET, ADANA M\u00dcZE KOMPLEKS\u0130NDE \u00c7ALI\u015eMALARINI S\u00dcRD\u00dcR\u00dcYOR.<\/p>\n","protected":false},"author":1,"featured_media":159450,"comment_status":"closed","ping_status":"open","sticky":false,"template":"","format":"standard","meta":{"jetpack_post_was_ever_published":false,"_jetpack_newsletter_access":"","_jetpack_dont_email_post_to_subs":false,"_jetpack_newsletter_tier_id":0,"_jetpack_memberships_contains_paywalled_content":false,"_jetpack_memberships_contains_paid_content":false,"footnotes":"","jetpack_publicize_message":"","jetpack_publicize_feature_enabled":true,"jetpack_social_post_already_shared":true,"jetpack_social_options":{"image_generator_settings":{"template":"highway","default_image_id":0,"font":"","enabled":false},"version":2}},"categories":[656],"tags":[20396,108,37224],"class_list":["post-159449","post","type-post","status-publish","format-standard","has-post-thumbnail","hentry","category-kultur-sanat","tag-cama","tag-kadin","tag-ufleyen"],"jetpack_publicize_connections":[],"jetpack_featured_media_url":"https:\/\/i0.wp.com\/www.tvturk.com\/wp-content\/uploads\/2019\/05\/cama-ufleyen-kadin_97b01ea.jpg?fit=1000%2C732","jetpack_sharing_enabled":true,"jetpack_shortlink":"https:\/\/wp.me\/paKIfm-FtL","_links":{"self":[{"href":"http:\/\/www.tvturk.com\/index.php\/wp-json\/wp\/v2\/posts\/159449","targetHints":{"allow":["GET"]}}],"collection":[{"href":"http:\/\/www.tvturk.com\/index.php\/wp-json\/wp\/v2\/posts"}],"about":[{"href":"http:\/\/www.tvturk.com\/index.php\/wp-json\/wp\/v2\/types\/post"}],"author":[{"embeddable":true,"href":"http:\/\/www.tvturk.com\/index.php\/wp-json\/wp\/v2\/users\/1"}],"replies":[{"embeddable":true,"href":"http:\/\/www.tvturk.com\/index.php\/wp-json\/wp\/v2\/comments?post=159449"}],"version-history":[{"count":0,"href":"http:\/\/www.tvturk.com\/index.php\/wp-json\/wp\/v2\/posts\/159449\/revisions"}],"wp:featuredmedia":[{"embeddable":true,"href":"http:\/\/www.tvturk.com\/index.php\/wp-json\/wp\/v2\/media\/159450"}],"wp:attachment":[{"href":"http:\/\/www.tvturk.com\/index.php\/wp-json\/wp\/v2\/media?parent=159449"}],"wp:term":[{"taxonomy":"category","embeddable":true,"href":"http:\/\/www.tvturk.com\/index.php\/wp-json\/wp\/v2\/categories?post=159449"},{"taxonomy":"post_tag","embeddable":true,"href":"http:\/\/www.tvturk.com\/index.php\/wp-json\/wp\/v2\/tags?post=159449"}],"curies":[{"name":"wp","href":"https:\/\/api.w.org\/{rel}","templated":true}]}}